{"id":19935,"date":"2025-09-09T18:31:56","date_gmt":"2025-09-09T22:31:56","guid":{"rendered":"https:\/\/agromt.news\/?p=19935"},"modified":"2025-09-09T18:31:56","modified_gmt":"2025-09-09T22:31:56","slug":"dia-do-veterinario-a-importancia-do-profissional-para-a-producao-de-alimentos-no-agro","status":"publish","type":"post","link":"https:\/\/agromt.news\/?p=19935","title":{"rendered":"Dia do Veterin\u00e1rio: a import\u00e2ncia do profissional para a produ\u00e7\u00e3o de alimentos no agro"},"content":{"rendered":"<p> <br \/>\n<\/p>\n<div>\n<p>Pecuaristas, em 9 de setembro, celebramos o <strong>Dia do M\u00e9dico-Veterin\u00e1rio<\/strong>, um profissional imprescind\u00edvel para o agroneg\u00f3cio e para a sociedade. A atua\u00e7\u00e3o do veterin\u00e1rio vai muito al\u00e9m da cl\u00ednica: ele \u00e9 o respons\u00e1vel pela inspe\u00e7\u00e3o de alimentos, o controle de zoonoses e a preserva\u00e7\u00e3o do meio ambiente, atuando em mais de <strong>70 \u00e1reas<\/strong> de especializa\u00e7\u00e3o.Assista ao v\u00eddeo abaixo e confira a import\u00e2ncia deste profissional.<\/p>\n<figure class=\"wp-block-embed is-type-video is-provider-youtube wp-block-embed-youtube wp-embed-aspect-16-9 wp-has-aspect-ratio\">\n<p>\n<iframe title=\"ORGULHO DE SER VETERIN\u00c1RIO: CONFIRA SUA IMPORT\u00c2NCIA PARA O PRESENTE E O FUTURO DO AGRO\" width=\"800\" height=\"450\" src=\"https:\/\/www.youtube.com\/embed\/clXVAXB4PRo?feature=oembed\" frameborder=\"0\" allow=\"accelerometer; autoplay; clipboard-write; encrypted-media; gyroscope; picture-in-picture; web-share\" referrerpolicy=\"strict-origin-when-cross-origin\" allowfullscreen><\/iframe><noscript><iframe title=\"ORGULHO DE SER VETERIN\u00c1RIO: CONFIRA SUA IMPORT\u00c2NCIA PARA O PRESENTE E O FUTURO DO AGRO\" width=\"800\" height=\"450\" src=\"https:\/\/www.youtube.com\/embed\/clXVAXB4PRo?feature=oembed\" frameborder=\"0\" allow=\"accelerometer; autoplay; clipboard-write; encrypted-media; gyroscope; picture-in-picture; web-share\" referrerpolicy=\"strict-origin-when-cross-origin\" allowfullscreen><\/iframe><\/noscript>\n<\/p>\n<\/figure>\n<p>Nesta entrevista no programa <strong>Giro do Boi<\/strong>, o m\u00e9dico-veterin\u00e1rio <a href=\"https:\/\/girodoboi.canalrural.com.br\/pecuaria\/certificacoes-e-qualidade\/crmv-mg-destaca-as-areas-de-veterinaria-e-zootecnia-na-nacional-do-mangalarga-marchador\/\"><strong>Affonso Lopes Aguiar J\u00fanior<\/strong><\/a>, presidente do <a href=\"https:\/\/girodoboi.canalrural.com.br\/tag\/crmv-mg\/\"><strong>Conselho Regional de Medicina Veterin\u00e1ria de Minas Gerais (CRMV-MG)<\/strong><\/a>, falou sobre o orgulho de ser veterin\u00e1rio e a import\u00e2ncia da profiss\u00e3o para o presente e o futuro do agro.<\/p>\n<h2 class=\"wp-block-heading\" id=\"h-uma-profissao-versatil-e-em-crescimento\">Uma profiss\u00e3o vers\u00e1til e em crescimento<\/h2>\n<figure class=\"wp-block-image size-large\"><img fetchpriority=\"high\" decoding=\"async\" width=\"1024\" height=\"576\" alt=\"\" class=\"wp-image-4112775\"  data-lazy- src=\"https:\/\/agromt.news\/wp-content\/uploads\/2025\/07\/Residuos-na-carne-veterinario-alerta-sobre-carencia-de-medicamentos-no.jpg\"\/><img decoding=\"async\" width=\"1024\" height=\"576\" src=\"https:\/\/agromt.news\/wp-content\/uploads\/2025\/07\/Residuos-na-carne-veterinario-alerta-sobre-carencia-de-medicamentos-no.jpg\" alt=\"\" class=\"wp-image-4112775\"  \/><figcaption class=\"wp-element-caption\">Foto: Wenderson Araujo\/CNA<\/figcaption><\/figure>\n<p>Affonso Lopes, com <strong>41 anos de profiss\u00e3o<\/strong>, destaca a evolu\u00e7\u00e3o da <a href=\"https:\/\/girodoboi.canalrural.com.br\/pecuaria\/medico-veterinario-e-heroi-na-luta-contra-mais-de-250-doencas-na-agroindustria\/\">medicina veterin\u00e1ria<\/a> no Brasil. Com mais de <strong>600 cursos no pa\u00eds<\/strong> e mais de <strong>180 mil profissionais atuantes<\/strong>, o mercado de trabalho \u00e9 amplo. A profiss\u00e3o, que atua em mais de 70 \u00e1reas, se destaca por sua versatilidade:<\/p>\n<ul class=\"wp-block-list\">\n<li><strong>Produ\u00e7\u00e3o animal:<\/strong> A \u201ccereja do bolo\u201d da profiss\u00e3o, respons\u00e1vel pela produ\u00e7\u00e3o de alimentos, sanidade e qualidade da carne, leite e derivados.<\/li>\n<li><strong>Bem-estar animal:<\/strong> Os veterin\u00e1rios s\u00e3o respons\u00e1veis por cuidar, produzir e trazer bem-estar aos animais, uma demanda crescente da sociedade e do mercado consumidor.<\/li>\n<li><strong>Meio ambiente:<\/strong> O veterin\u00e1rio tamb\u00e9m pode atuar em projetos ambientais, contribuindo para a sustentabilidade da produ\u00e7\u00e3o e a preserva\u00e7\u00e3o de biomas.<\/li>\n<li><strong>Sa\u00fade \u00fanica:<\/strong> S\u00e3o os \u00fanicos profissionais capazes de diagnosticar e entender doen\u00e7as <strong>zoon\u00f3ticas<\/strong> (transmiss\u00edveis de animais para humanos), atuando na prote\u00e7\u00e3o da sa\u00fade p\u00fablica.<\/li>\n<\/ul>\n<p>O veterin\u00e1rio e o zootecnista, com sua vis\u00e3o empresarial e de produ\u00e7\u00e3o, se complementam. O CRMV-MG, por exemplo, busca fortalecer a sinergia entre as duas profiss\u00f5es, com zootecnistas na diretoria.<\/p>\n<h2 class=\"wp-block-heading\" id=\"h-o-trabalho-do-crmv-mg-e-a-valorizacao-do-profissional\">O trabalho do CRMV-MG e a valoriza\u00e7\u00e3o do profissional<\/h2>\n<figure class=\"wp-block-image size-large\"><img decoding=\"async\" width=\"1024\" height=\"717\" alt=\"medicina veterin\u00e1ria, veterin\u00e1rio, m\u00e9dico\" class=\"wp-image-235274\"  data-lazy- src=\"https:\/\/agromt.news\/wp-content\/uploads\/2025\/09\/Dia-do-Veterinario-a-importancia-do-profissional-para-a-producao.jpg\"\/><img loading=\"lazy\" decoding=\"async\" width=\"1024\" height=\"717\" src=\"https:\/\/agromt.news\/wp-content\/uploads\/2025\/09\/Dia-do-Veterinario-a-importancia-do-profissional-para-a-producao.jpg\" alt=\"medicina veterin\u00e1ria, veterin\u00e1rio, m\u00e9dico\" class=\"wp-image-235274\"  \/><figcaption class=\"wp-element-caption\">Foto: Pixabay<\/figcaption><\/figure>\n<p>O <strong>CRMV-MG<\/strong> tem trabalhado para valorizar o profissional e proteger a sociedade.<\/p>\n<\/div>\n<div>\n<p>O conselho, um dos maiores do Brasil, tem uma atua\u00e7\u00e3o descentralizada, com programas como o <strong>Conex\u00e3o para Todos<\/strong>, que leva a assist\u00eancia aos <strong>853 munic\u00edpios<\/strong> do <strong>estado de Minas Gerais<\/strong>. O conselho tamb\u00e9m utiliza a tecnologia, com todos os servi\u00e7os informatizados.<\/p>\n<p>Affonso Lopes destaca que o evento \u201c<strong>Conex\u00e3o<\/strong>\u201d, que o conselho realizou, foi um divisor de \u00e1guas, mostrando que o m\u00e9dico-veterin\u00e1rio tem uma vis\u00e3o de valoriza\u00e7\u00e3o, e que pode melhorar sua imagem, comunica\u00e7\u00e3o e faturamento com um trabalho mais estrat\u00e9gico.<\/p>\n<h2 class=\"wp-block-heading\" id=\"h-etica-ciencia-e-compromisso-o-futuro-da-profissao\">\u00c9tica, ci\u00eancia e compromisso: o futuro da profiss\u00e3o<\/h2>\n<figure class=\"wp-block-image size-large\"><img loading=\"lazy\" decoding=\"async\" width=\"1024\" height=\"576\" alt=\"\" class=\"wp-image-4115740\"  data-lazy- src=\"https:\/\/agromt.news\/wp-content\/uploads\/2025\/08\/Agropecuaria-com-seguranca-como-o-veterinario-garante-a-saude-do.jpg\"\/><img loading=\"lazy\" decoding=\"async\" width=\"1024\" height=\"576\" src=\"https:\/\/agromt.news\/wp-content\/uploads\/2025\/08\/Agropecuaria-com-seguranca-como-o-veterinario-garante-a-saude-do.jpg\" alt=\"\" class=\"wp-image-4115740\"  \/><figcaption class=\"wp-element-caption\">Foto: Divulga\u00e7\u00e3o\/CRMV-MG<\/figcaption><\/figure>\n<p>O slogan do CRMV-MG, \u201c<em>Cuidar dos animais \u00e9 muito mais que amar. \u00c9 ci\u00eancia e compromisso<\/em>\u201d, resume os pilares da profiss\u00e3o. A \u00e9tica, a capacita\u00e7\u00e3o e a representatividade no legislativo s\u00e3o os caminhos para o crescimento da medicina veterin\u00e1ria.<\/p>\n<p>O profissional veterin\u00e1rio, que atua em exposi\u00e7\u00f5es agropecu\u00e1rias, na inspe\u00e7\u00e3o de alimentos e na sa\u00fade \u00fanica, \u00e9 uma pe\u00e7a fundamental para o sucesso do agro.<\/p>\n<p>O Brasil, que \u00e9 uma pot\u00eancia na produ\u00e7\u00e3o de alimentos, n\u00e3o pode ter produ\u00e7\u00e3o ou cria\u00e7\u00e3o sem o trabalho de voc\u00eas, e \u00e9 crucial que o mundo reconhe\u00e7a a import\u00e2ncia e o respeito que o produtor rural tem com o bem-estar e a sanidade.<\/p>\n<\/p><\/div>\n<p><br \/>\n<br \/><a href=\"https:\/\/www.canalrural.com.br\/pecuaria\/dia-do-veterinario-a-importancia-do-profissional-para-a-producao-de-alimentos-no-agro\/\">Source link <\/a><\/p>\n","protected":false},"excerpt":{"rendered":"<p>Pecuaristas, em 9 de setembro, celebramos o Dia do M\u00e9dico-Veterin\u00e1rio, um profissional imprescind\u00edvel para o agroneg\u00f3cio e para a sociedade.<\/p>\n","protected":false},"author":1,"featured_media":19936,"comment_status":"open","ping_status":"open","sticky":false,"template":"","format":"standard","meta":{"_monsterinsights_skip_tracking":false,"_monsterinsights_sitenote_active":false,"_monsterinsights_sitenote_note":"","_monsterinsights_sitenote_category":0,"_uf_show_specific_survey":0,"_uf_disable_surveys":false,"footnotes":""},"categories":[1],"tags":[],"class_list":["post-19935","post","type-post","status-publish","format-standard","has-post-thumbnail","hentry","category-news"],"_links":{"self":[{"href":"https:\/\/agromt.news\/index.php?rest_route=\/wp\/v2\/posts\/19935"}],"collection":[{"href":"https:\/\/agromt.news\/index.php?rest_route=\/wp\/v2\/posts"}],"about":[{"href":"https:\/\/agromt.news\/index.php?rest_route=\/wp\/v2\/types\/post"}],"author":[{"embeddable":true,"href":"https:\/\/agromt.news\/index.php?rest_route=\/wp\/v2\/users\/1"}],"replies":[{"embeddable":true,"href":"https:\/\/agromt.news\/index.php?rest_route=%2Fwp%2Fv2%2Fcomments&post=19935"}],"version-history":[{"count":0,"href":"https:\/\/agromt.news\/index.php?rest_route=\/wp\/v2\/posts\/19935\/revisions"}],"wp:featuredmedia":[{"embeddable":true,"href":"https:\/\/agromt.news\/index.php?rest_route=\/wp\/v2\/media\/19936"}],"wp:attachment":[{"href":"https:\/\/agromt.news\/index.php?rest_route=%2Fwp%2Fv2%2Fmedia&parent=19935"}],"wp:term":[{"taxonomy":"category","embeddable":true,"href":"https:\/\/agromt.news\/index.php?rest_route=%2Fwp%2Fv2%2Fcategories&post=19935"},{"taxonomy":"post_tag","embeddable":true,"href":"https:\/\/agromt.news\/index.php?rest_route=%2Fwp%2Fv2%2Ftags&post=19935"}],"curies":[{"name":"wp","href":"https:\/\/api.w.org\/{rel}","templated":true}]}}