{"id":19934,"date":"2025-09-09T17:45:32","date_gmt":"2025-09-09T21:45:32","guid":{"rendered":"https:\/\/agromt.news\/?p=19934"},"modified":"2025-09-09T17:45:32","modified_gmt":"2025-09-09T21:45:32","slug":"clima-favorece-oferta-de-pastagens","status":"publish","type":"post","link":"https:\/\/agromt.news\/?p=19934","title":{"rendered":"Clima favorece oferta de pastagens"},"content":{"rendered":"<p> <br \/>\n<\/p>\n<div>\n<p style=\"text-align:justify\">De acordo com o Informativo Conjuntural, divulgado pela Emater\/RS-Ascar na quinta-feira (4), os campos nativos e as <a href=\"https:\/\/www.agrolink.com.br\/culturas\/pastagens?utm_source=agrolink-detalhe-noticia&amp;utm_medium=detalhe-noticia&amp;utm_campaign=links-internos\" target=\"_blank\" rel=\"noopener\">pastagens<\/a> perenes de ver\u00e3o tiveram maior oferta e qualidade, impulsionados por radia\u00e7\u00e3o solar, temperaturas elevadas e umidade adequada. \u201cAs condi\u00e7\u00f5es permitiram maior carga de pastelaria e melhor efici\u00eancia\u201d, destacou a publica\u00e7\u00e3o.&#13;\n<\/p>\n<p style=\"text-align:justify\">Nos campos melhorados com azev\u00e9m, o manejo elevou a qualidade da forragem, permitindo lotea\u00e7\u00f5es mais intensas. J\u00e1 as demais esp\u00e9cies perenes de ver\u00e3o ainda n\u00e3o s\u00e3o aptas ao pastel. Em \u00e1reas baixas, o excesso de chuva manteve o solo encharcado. As <a href=\"https:\/\/www.agrolink.com.br\/culturas\/pastagens?utm_source=agrolink-detalhe-noticia&amp;utm_medium=detalhe-noticia&amp;utm_campaign=links-internos\" target=\"_blank\" rel=\"noopener\">pastagens<\/a> de <a href=\"https:\/\/www.agrolink.com.br\/culturas\/aveia?utm_source=agrolink-detalhe-noticia&amp;utm_medium=detalhe-noticia&amp;utm_campaign=links-internos\" target=\"_blank\" rel=\"noopener\">aveia<\/a>, em fase avan\u00e7ada de ciclo e forma\u00e7\u00e3o de sementes, n\u00e3o adquiriram mais ganho de peso animal. Nas \u00e1reas de integra\u00e7\u00e3o laboral-pecu\u00e1ria, a oferta de forragem completa, e os produtores planejam liberar o solo para forma\u00e7\u00e3o de palha. Tamb\u00e9m foram registrados plantios de <a href=\"https:\/\/www.agrolink.com.br\/culturas\/milho?utm_source=agrolink-detalhe-noticia&amp;utm_medium=detalhe-noticia&amp;utm_campaign=links-internos&#9;\" target=\"_blank\" rel=\"noopener\">milho<\/a> para silagem e de <a href=\"https:\/\/www.agrolink.com.br\/culturas\/pastagens?utm_source=agrolink-detalhe-noticia&amp;utm_medium=detalhe-noticia&amp;utm_campaign=links-internos\" target=\"_blank\" rel=\"noopener\">pastagens<\/a> anuais de ver\u00e3o, aproveitando a boa umidade do solo.<\/p>\n<p style=\"text-align:justify\"><span><span>Na regi\u00e3o administrativa de Bag\u00e9, o azev\u00e9m apresentou boa qualidade e oferta de folhas, apoiando maior lotea\u00e7\u00e3o. As esp\u00e9cies perenes, como tifton, panicuns, braqui\u00e1rias e capim-elefante, reiniciaram o rebrote, ainda sem condi\u00e7\u00f5es para pastejo. Em S\u00e3o Borja, iniciou-se o preparo do solo para implanta\u00e7\u00e3o das pastagens anuais de ver\u00e3o, enquanto em S\u00e3o Gabriel os produtores buscam sementes de capim-sud\u00e3o para garantir a implanta\u00e7\u00e3o antecipada.<\/span><\/span><\/p>\n<p style=\"text-align:justify\"><span><span>Em Erechim, as temperaturas elevadas, maior luminosidade e redu\u00e7\u00e3o da umidade favoreceram o desenvolvimento das pastagens de inverno e o rebrote das de ver\u00e3o. O azev\u00e9m de ciclo mais tardio contribuiu para maior oferta de mat\u00e9ria verde. Em Frederico Westphalen, as condi\u00e7\u00f5es clim\u00e1ticas mantiveram a qualidade das forrageiras e prolongaram o tempo de pastejo.<\/span><\/span>&#13;\n<\/p>\n<p style=\"text-align:justify\"><span><span>Na regi\u00e3o de Iju\u00ed, as forrageiras anuais de inverno alcan\u00e7aram o pico vegetativo, elevando a disponibilidade de massa verde. O azev\u00e9m avan\u00e7ou em qualidade, e o trigo pastoreio apresentou bom desempenho. Em Passo Fundo, o azev\u00e9m manteve boa qualidade, enquanto a aveia apresentou redu\u00e7\u00e3o no crescimento, mas ainda permite pastejo.<\/span><\/span><\/p>\n<p style=\"text-align:justify\"><span><span>Em Pelotas e Pinheiro Machado, as condi\u00e7\u00f5es de luminosidade e temperatura favoreceram o rebrote das pastagens nativas e cultivadas, embora o d\u00e9ficit h\u00eddrico anterior \u00e0s chuvas tenha limitado a recupera\u00e7\u00e3o em algumas \u00e1reas. J\u00e1 em Santa Maria, a maior incid\u00eancia de sol promoveu crescimento vigoroso e ac\u00famulo de biomassa, apesar de problemas de pisoteio em baixadas encharcadas.<\/span><\/span><\/p>\n<p style=\"text-align:justify\"><span><span>Em Santa Rosa, a oferta de pastagem foi garantida de forma satisfat\u00f3ria em quantidade e qualidade, especialmente nas \u00e1reas de aveia, azev\u00e9m e campo nativo. Na regi\u00e3o de Soledade, o azev\u00e9m manteve desempenho adequado, enquanto esp\u00e9cies perenes como tiftons e Kurumi iniciaram rebrote em resposta ao aumento das temperaturas e da radia\u00e7\u00e3o solar.<\/span><\/span>&#13;\n<\/p>\n<\/p><\/div>\n<p><script data-cfasync=\"false\">\n    !function (f, b, e, v, n, t, s) {\n        if (f.fbq) return; n = f.fbq = function () {\n            n.callMethod ?\n                n.callMethod.apply(n, arguments) : n.queue.push(arguments)\n        };\n        if (!f._fbq) f._fbq = n; n.push = n; n.loaded = !0; n.version = '2.0';\n        n.queue = []; t = b.createElement(e); t.async = !0;\n        t.src = v; s = b.getElementsByTagName(e)[0];\n        s.parentNode.insertBefore(t, s)\n    }(window, document, 'script',\n        'https:\/\/connect.facebook.net\/en_US\/fbevents.js');\n    fbq('init', '522546078623747');\n    fbq('track', 'PageView');\n<\/script><br \/>\n<br \/><br \/>\n<br \/><a href=\"https:\/\/www.agrolink.com.br\/noticias\/clima-favorece-oferta-de-pastagens_505771.html\">Source link <\/a><\/p>\n","protected":false},"excerpt":{"rendered":"<p>De acordo com o Informativo Conjuntural, divulgado pela Emater\/RS-Ascar na quinta-feira (4), os campos nativos e as pastagens perenes de<\/p>\n","protected":false},"author":1,"featured_media":3018,"comment_status":"open","ping_status":"open","sticky":false,"template":"","format":"standard","meta":{"_monsterinsights_skip_tracking":false,"_monsterinsights_sitenote_active":false,"_monsterinsights_sitenote_note":"","_monsterinsights_sitenote_category":0,"_uf_show_specific_survey":0,"_uf_disable_surveys":false,"footnotes":""},"categories":[8,1,14],"tags":[],"class_list":["post-19934","post","type-post","status-publish","format-standard","has-post-thumbnail","hentry","category-agro","category-news","category-politica-agro"],"_links":{"self":[{"href":"https:\/\/agromt.news\/index.php?rest_route=\/wp\/v2\/posts\/19934"}],"collection":[{"href":"https:\/\/agromt.news\/index.php?rest_route=\/wp\/v2\/posts"}],"about":[{"href":"https:\/\/agromt.news\/index.php?rest_route=\/wp\/v2\/types\/post"}],"author":[{"embeddable":true,"href":"https:\/\/agromt.news\/index.php?rest_route=\/wp\/v2\/users\/1"}],"replies":[{"embeddable":true,"href":"https:\/\/agromt.news\/index.php?rest_route=%2Fwp%2Fv2%2Fcomments&post=19934"}],"version-history":[{"count":0,"href":"https:\/\/agromt.news\/index.php?rest_route=\/wp\/v2\/posts\/19934\/revisions"}],"wp:featuredmedia":[{"embeddable":true,"href":"https:\/\/agromt.news\/index.php?rest_route=\/wp\/v2\/media\/3018"}],"wp:attachment":[{"href":"https:\/\/agromt.news\/index.php?rest_route=%2Fwp%2Fv2%2Fmedia&parent=19934"}],"wp:term":[{"taxonomy":"category","embeddable":true,"href":"https:\/\/agromt.news\/index.php?rest_route=%2Fwp%2Fv2%2Fcategories&post=19934"},{"taxonomy":"post_tag","embeddable":true,"href":"https:\/\/agromt.news\/index.php?rest_route=%2Fwp%2Fv2%2Ftags&post=19934"}],"curies":[{"name":"wp","href":"https:\/\/api.w.org\/{rel}","templated":true}]}}