{"id":19929,"date":"2025-09-09T15:49:12","date_gmt":"2025-09-09T19:49:12","guid":{"rendered":"https:\/\/agromt.news\/?p=19929"},"modified":"2025-09-09T15:49:12","modified_gmt":"2025-09-09T19:49:12","slug":"mercado-do-boi-gordo-inicia-semana-em-queda","status":"publish","type":"post","link":"https:\/\/agromt.news\/?p=19929","title":{"rendered":"Mercado do boi gordo inicia semana em queda"},"content":{"rendered":"<p> <br \/>\n<\/p>\n<div>\n<div class=\"row\">\n<div class=\"col-lg col-infos mt-0 mt-lg-0\">\n<div class=\"section-sub-title\">\n<p itemprop=\"description\">&#13;<br \/>\n                                Consumo aumenta, mas atacado reage pouco&#13;\n                            <\/p>\n<\/p><\/div>\n<div class=\"container\">\n<div class=\"row\">\n<div class=\"col-lg p-0\">\n<div>\n<div class=\"block-news-main-infos mt-3 text-start\">\n<p>                                            <strong class=\"fn\" itemprop=\"author\" style=\"color: rgb(112, 112, 112); \">&#13;<br \/>\n                                                <a href=\"https:\/\/www.agrolink.com.br\/noticias\/javascript:;\" class=\"text-uppercase\" target=\"_blank\" style=\"color: rgb(112, 112, 112); \" rel=\"noopener\">Agrolink<\/a>&#13;<br \/>\n&#13;<br \/>\n                                                    &#8211; Seane Lennon&#13;<br \/>\n&#13;<br \/>\n                                            <\/strong><br \/>\n                                        <\/p>\n<p>                                            <abbr><time datetime=\"2025 - 09 - 08T17:11\" itemprop=\"datePublished dateModified\"> Publicado em 08\/09\/2025 \u00e0s 17:11h.<\/time><\/abbr>\n                                    <\/div>\n<\/p><\/div>\n<\/p><\/div>\n<div class=\"col-lg p-0 text-lg-end\">\n<div>\n<div id=\"mdEnviarPagina\" class=\"modal fade\" role=\"dialog\">\n<div class=\"modal-dialog\">\n<div class=\"modal-content\">\n<div class=\"modal-body\">\n<p><strong>Estimado usu\u00e1rio.<\/strong><br \/>Preencha o formul\u00e1rio abaixo para remeter a p\u00e1gina.<\/p>\n<\/p><\/div>\n<\/p><\/div>\n<\/p><\/div>\n<\/div><\/div>\n<\/p><\/div>\n<\/p><\/div>\n<\/p><\/div>\n<\/p><\/div>\n<\/p><\/div>\n<div class=\"row justify-content-md-center mt-3\">\n<div class=\"col-lg-auto col-image block-news-main-image\">\n<p>                                <img decoding=\"async\" src=\"https:\/\/www.agrolink.com.br\/upload\/imagens-resizes\/cbbb9356722444e4828cc34236538036_858x483.jpg\" class=\"lazyload img-fluid\"\/><br \/>\n                                                <span class=\"publicity-photo d-block mt-1\">Foto: Pixabay<\/span><\/p><\/div>\n<\/p><\/div>\n<div class=\"section-description section-description-noticias mt-3\">\n<p style=\"text-align:justify\">O mercado do boi gordo iniciou a semana em queda no Estado de S\u00e3o Paulo. Com a oferta elevada e escalas de abate alongadas em parte das ind\u00fastrias frigor\u00edficas, os pre\u00e7os do boi gordo e do chamado \u201cboi China\u201d recuaram R$ 3,00 por arroba. \u201cApesar de uma melhora no escoamento de carne, o movimento ainda n\u00e3o foi suficiente para sustentar o mercado\u201d, informou o levantamento. As escalas de abate, em m\u00e9dia, atenderam a 13 dias.&#13;\n<\/p>\n<p style=\"text-align:justify\">Na regi\u00e3o Sudeste de Rond\u00f4nia, a oferta mais restrita n\u00e3o alterou as cota\u00e7\u00f5es, que permaneceram est\u00e1veis, com escalas de abate estimadas em nove dias. Situa\u00e7\u00e3o semelhante foi observada no Acre, onde tamb\u00e9m n\u00e3o houve varia\u00e7\u00e3o di\u00e1ria nos pre\u00e7os.<\/p>\n<p style=\"text-align:justify\">No mercado atacadista de carne com osso, o consumo ganhou impulso no fim da semana passada, reflexo do recebimento de sal\u00e1rios pela popula\u00e7\u00e3o. O movimento elevou a demanda por reposi\u00e7\u00e3o de estoques, mas as cota\u00e7\u00f5es registraram pouca rea\u00e7\u00e3o. A carca\u00e7a casada do boi cap\u00e3o foi a exce\u00e7\u00e3o, com alta de 0,7%, ou R$ 0,15 por quilo. Para as demais categorias, n\u00e3o houve altera\u00e7\u00f5es.&#13;\n<\/p>\n<p style=\"text-align:justify\">Entre as carnes alternativas, o frango m\u00e9dio apresentou avan\u00e7o expressivo de 9,4%, o equivalente a R$ 0,60 por quilo, ap\u00f3s um per\u00edodo de estabilidade. J\u00e1 o su\u00edno especial manteve pre\u00e7os inalterados.<\/p>\n<\/p><\/div>\n<\/p><\/div>\n<p><script data-cfasync=\"false\">\n    !function (f, b, e, v, n, t, s) {\n        if (f.fbq) return; n = f.fbq = function () {\n            n.callMethod ?\n                n.callMethod.apply(n, arguments) : n.queue.push(arguments)\n        };\n        if (!f._fbq) f._fbq = n; n.push = n; n.loaded = !0; n.version = '2.0';\n        n.queue = []; t = b.createElement(e); t.async = !0;\n        t.src = v; s = b.getElementsByTagName(e)[0];\n        s.parentNode.insertBefore(t, s)\n    }(window, document, 'script',\n        'https:\/\/connect.facebook.net\/en_US\/fbevents.js');\n    fbq('init', '522546078623747');\n    fbq('track', 'PageView');\n<\/script><br \/>\n<br \/><br \/>\n<br \/><a href=\"https:\/\/www.agrolink.com.br\/noticias\/mercado-do-boi-gordo-inicia-semana-em-queda_505773.html\">Source link <\/a><\/p>\n","protected":false},"excerpt":{"rendered":"<p>&#13; Consumo aumenta, mas atacado reage pouco&#13; &#13; Agrolink&#13; &#13; &#8211; Seane Lennon&#13; &#13; Publicado em 08\/09\/2025 \u00e0s 17:11h. Estimado<\/p>\n","protected":false},"author":1,"featured_media":5056,"comment_status":"open","ping_status":"open","sticky":false,"template":"","format":"standard","meta":{"_monsterinsights_skip_tracking":false,"_monsterinsights_sitenote_active":false,"_monsterinsights_sitenote_note":"","_monsterinsights_sitenote_category":0,"_uf_show_specific_survey":0,"_uf_disable_surveys":false,"footnotes":""},"categories":[8,1,14],"tags":[],"class_list":["post-19929","post","type-post","status-publish","format-standard","has-post-thumbnail","hentry","category-agro","category-news","category-politica-agro"],"_links":{"self":[{"href":"https:\/\/agromt.news\/index.php?rest_route=\/wp\/v2\/posts\/19929"}],"collection":[{"href":"https:\/\/agromt.news\/index.php?rest_route=\/wp\/v2\/posts"}],"about":[{"href":"https:\/\/agromt.news\/index.php?rest_route=\/wp\/v2\/types\/post"}],"author":[{"embeddable":true,"href":"https:\/\/agromt.news\/index.php?rest_route=\/wp\/v2\/users\/1"}],"replies":[{"embeddable":true,"href":"https:\/\/agromt.news\/index.php?rest_route=%2Fwp%2Fv2%2Fcomments&post=19929"}],"version-history":[{"count":0,"href":"https:\/\/agromt.news\/index.php?rest_route=\/wp\/v2\/posts\/19929\/revisions"}],"wp:featuredmedia":[{"embeddable":true,"href":"https:\/\/agromt.news\/index.php?rest_route=\/wp\/v2\/media\/5056"}],"wp:attachment":[{"href":"https:\/\/agromt.news\/index.php?rest_route=%2Fwp%2Fv2%2Fmedia&parent=19929"}],"wp:term":[{"taxonomy":"category","embeddable":true,"href":"https:\/\/agromt.news\/index.php?rest_route=%2Fwp%2Fv2%2Fcategories&post=19929"},{"taxonomy":"post_tag","embeddable":true,"href":"https:\/\/agromt.news\/index.php?rest_route=%2Fwp%2Fv2%2Ftags&post=19929"}],"curies":[{"name":"wp","href":"https:\/\/api.w.org\/{rel}","templated":true}]}}