{"id":19928,"date":"2025-09-09T15:33:04","date_gmt":"2025-09-09T19:33:04","guid":{"rendered":"https:\/\/agromt.news\/?p=19928"},"modified":"2025-09-09T15:33:04","modified_gmt":"2025-09-09T19:33:04","slug":"federacao-pede-medidas-politicas-e-legais-contra-arroz-importado","status":"publish","type":"post","link":"https:\/\/agromt.news\/?p=19928","title":{"rendered":"Federa\u00e7\u00e3o pede medidas pol\u00edticas e legais contra arroz importado"},"content":{"rendered":"<p> <br \/>\n<br \/><img decoding=\"async\" src=\"https:\/\/agromt.news\/wp-content\/uploads\/2025\/09\/Federacao-pede-medidas-politicas-e-legais-contra-arroz-importado.jpg\" \/><\/p>\n<div>\n<p>A Federa\u00e7\u00e3o das Associa\u00e7\u00f5es de Arrozeiros do Rio Grande do Sul <strong><a href=\"https:\/\/www.canalrural.com.br\/tag\/federarroz\/\">(Federarroz)<\/a><\/strong> protocolou pedido \u00e0 presid\u00eancia da Rep\u00fablica de ado\u00e7\u00e3o de medidas pol\u00edticas e legais para garantir prote\u00e7\u00e3o \u00e0 produ\u00e7\u00e3o nacional de arroz. <\/p>\n<p>A solicita\u00e7\u00e3o foi encaminhada pelo presidente da entidade, Denis Dias Nunes, e busca resguardar a orizicultura diante do que a entidade chama de concorr\u00eancia desleal com o cereal importado, considerada predat\u00f3ria para o setor.<\/p>\n<p>Segundo a Federarroz, o cen\u00e1rio atual gera s\u00e9rias dificuldades econ\u00f4micas e financeiras, especialmente para os produtores ga\u00fachos. <\/p>\n<p>\u201cNossos agricultores enfrentam absoluta impossibilidade de competir com o produto estrangeiro, o que amea\u00e7a a continuidade da atividade e a pr\u00f3pria seguran\u00e7a alimentar do pa\u00eds\u201d, destacou o comunicado.<\/p>\n<\/div>\n<div>\n<p>A Federa\u00e7\u00e3o argumenta que a manuten\u00e7\u00e3o desse quadro pode resultar na redu\u00e7\u00e3o da safra brasileira de arroz, elevando o pre\u00e7o do alimento e impactando diretamente as fam\u00edlias de menor renda. <\/p>\n<p>Entre as medidas solicitadas est\u00e3o a aplica\u00e7\u00e3o de instrumentos de salvaguarda e a investiga\u00e7\u00e3o de pr\u00e1ticas de <em>dumping <\/em>social e ambiental.<\/p>\n<p>A nota finaliza advertindo que, a m\u00e9dio prazo, essa situa\u00e7\u00e3o culminar\u00e1 no aumento de pre\u00e7os ao consumidor, com impacto direto na renda e na subsist\u00eancia das camadas mais vulner\u00e1veis da popula\u00e7\u00e3o.<\/p>\n<\/p><\/div>\n<p><br \/>\n<br \/><a href=\"https:\/\/www.canalrural.com.br\/agricultura\/federacao-pede-medidas-politicas-e-legais-contra-arroz-importado\/\">Source link <\/a><\/p>\n","protected":false},"excerpt":{"rendered":"<p>A Federa\u00e7\u00e3o das Associa\u00e7\u00f5es de Arrozeiros do Rio Grande do Sul (Federarroz) protocolou pedido \u00e0 presid\u00eancia da Rep\u00fablica de ado\u00e7\u00e3o<\/p>\n","protected":false},"author":1,"featured_media":16600,"comment_status":"open","ping_status":"open","sticky":false,"template":"","format":"standard","meta":{"_monsterinsights_skip_tracking":false,"_monsterinsights_sitenote_active":false,"_monsterinsights_sitenote_note":"","_monsterinsights_sitenote_category":0,"_uf_show_specific_survey":0,"_uf_disable_surveys":false,"footnotes":""},"categories":[1],"tags":[],"class_list":["post-19928","post","type-post","status-publish","format-standard","has-post-thumbnail","hentry","category-news"],"_links":{"self":[{"href":"https:\/\/agromt.news\/index.php?rest_route=\/wp\/v2\/posts\/19928"}],"collection":[{"href":"https:\/\/agromt.news\/index.php?rest_route=\/wp\/v2\/posts"}],"about":[{"href":"https:\/\/agromt.news\/index.php?rest_route=\/wp\/v2\/types\/post"}],"author":[{"embeddable":true,"href":"https:\/\/agromt.news\/index.php?rest_route=\/wp\/v2\/users\/1"}],"replies":[{"embeddable":true,"href":"https:\/\/agromt.news\/index.php?rest_route=%2Fwp%2Fv2%2Fcomments&post=19928"}],"version-history":[{"count":0,"href":"https:\/\/agromt.news\/index.php?rest_route=\/wp\/v2\/posts\/19928\/revisions"}],"wp:featuredmedia":[{"embeddable":true,"href":"https:\/\/agromt.news\/index.php?rest_route=\/wp\/v2\/media\/16600"}],"wp:attachment":[{"href":"https:\/\/agromt.news\/index.php?rest_route=%2Fwp%2Fv2%2Fmedia&parent=19928"}],"wp:term":[{"taxonomy":"category","embeddable":true,"href":"https:\/\/agromt.news\/index.php?rest_route=%2Fwp%2Fv2%2Fcategories&post=19928"},{"taxonomy":"post_tag","embeddable":true,"href":"https:\/\/agromt.news\/index.php?rest_route=%2Fwp%2Fv2%2Ftags&post=19928"}],"curies":[{"name":"wp","href":"https:\/\/api.w.org\/{rel}","templated":true}]}}