{"id":19927,"date":"2025-09-09T15:19:28","date_gmt":"2025-09-09T19:19:28","guid":{"rendered":"https:\/\/agromt.news\/?p=19927"},"modified":"2025-09-09T15:19:28","modified_gmt":"2025-09-09T19:19:28","slug":"em-evento-no-brasil-fao-discute-novas-estrategias-de-combate-a-gripe-aviaria","status":"publish","type":"post","link":"https:\/\/agromt.news\/?p=19927","title":{"rendered":"Em evento no Brasil, FAO discute novas estrat\u00e9gias de combate \u00e0 gripe avi\u00e1ria"},"content":{"rendered":"<p> <br \/>\n<br \/><img decoding=\"async\" src=\"https:\/\/agromt.news\/wp-content\/uploads\/2025\/06\/Brasil-deve-se-declarar-livre-de-gripe-aviaria-nesta-quarta-feira.jpg\" \/><\/p>\n<div>\n<p>Autoridades, especialistas e representantes do setor privado discutem, a partir desta ter\u00e7a-feira (9), em Foz do Igua\u00e7u, no Paran\u00e1, as melhores estrat\u00e9gias para prevenir e combater a Influenza Avi\u00e1ria de Alta Patogenicidade (IAAP), nome oficial da gripe avi\u00e1ria. Dados da Organiza\u00e7\u00e3o Mundial de Sa\u00fade Animal apontam que quase 2,5 mil surtos foram registrados nas Am\u00e9ricas, desde 2022, sendo 185 no Brasil.<\/p>\n<p>Em maio deste ano, foi registrado o primeiro foco da doen\u00e7a em granja comercial do pa\u00eds, obrigando o abate de 17 mil aves, em Montenegro, no Rio Grande do Sul. Mas em menos de um m\u00eas, o foco foi debelado e o Brasil recuperou o status de pa\u00eds livre da doen\u00e7a. O epis\u00f3dio mostra, no entanto, os impactos sanit\u00e1rios e econ\u00f4micos da gripe avi\u00e1ria, que \u00e9 altamente infecciosa entre aves e pode contaminar outras esp\u00e9cies. Os casos em humanos s\u00e3o raros, mas o risco de morte \u00e9 alto.<\/p>\n<p>O evento, organizado pela Organiza\u00e7\u00e3o das Na\u00e7\u00f5es Unidas para Alimenta\u00e7\u00e3o e Agricultura (FAO), vai lan\u00e7ar a nova Estrat\u00e9gia Global 2024\u20132033 para a Preven\u00e7\u00e3o e o Controle da IAAP, desenvolvida por grupos de trabalho do organismo internacional, em parceria com a Organiza\u00e7\u00e3o Mundial da Sa\u00fade Animal. O objetivo \u00e9 apoiar a elabora\u00e7\u00e3o e implementa\u00e7\u00e3o de planos de a\u00e7\u00e3o nacionais e regionais, e reduzir os riscos de que a doen\u00e7a ultrapasse fronteiras e se torne uma pandemia global.<\/p>\n<p>De acordo com o representante da FAO no Brasil, Jorge Meza, um dos pontos essenciais para que esses planos sejam bem sucedidos \u00e9 a comunica\u00e7\u00e3o.<\/p>\n<\/div>\n<div>\n<p>\u201cO aspecto principal de um sistema de seguran\u00e7a e defesa \u00e9 garantir que todos tenham um n\u00edvel adequado de informa\u00e7\u00e3o e capacita\u00e7\u00e3o para atuar. Tanto o grande produtor quanto o pequeno precisam estar informados, capacitados e preparados para agir adequadamente diante de uma situa\u00e7\u00e3o\u201d, defende.<\/p>\n<p>Meza enfatiza que os planos de combate \u00e0 doen\u00e7a precisam considerar as diversas realidades do pa\u00eds, \u201cn\u00e3o apenas as de grande escala comercial, mas tamb\u00e9m diferentes formas de produzir carne de aves\u201d.<\/p>\n<p>\u201cSeja, por exemplo, com aves confinadas ou com aves mais livres no pasto, em m\u00e9dia e pequena escala\u201d, avalia.<\/p>\n<p>O representante da FAO no Brasil adianta que o evento tamb\u00e9m vai relembrar que o respeito \u00e0s boas pr\u00e1ticas de produ\u00e7\u00e3o \u00e9 essencial para a preven\u00e7\u00e3o e o controle de surtos. E, para que todos os produtores sejam capacitados, \u00e9 preciso antes que eles sejam cadastrados pelas autoridades afins.<\/p>\n<p>\u201cTodo produtor deve estar, de alguma forma, registrado, seja de pequena, m\u00e9dia ou grande escala, e contar com uma plataforma onde possa se identificar como produtor e receber informa\u00e7\u00f5es sobre o que implica produzir aves com inocuidade, quais s\u00e3o as consequ\u00eancias e de que maneira deve reagir frente a uma situa\u00e7\u00e3o de risco\u201d, acrescenta Jorge Meza.<\/p>\n<\/p><\/div>\n<p><br \/>\n<br \/><a href=\"https:\/\/www.canalrural.com.br\/aves-e-suinos\/em-evento-no-brasil-fao-discute-novas-estrategias-de-combate-a-gripe-aviaria\/\">Source link <\/a><\/p>\n","protected":false},"excerpt":{"rendered":"<p>Autoridades, especialistas e representantes do setor privado discutem, a partir desta ter\u00e7a-feira (9), em Foz do Igua\u00e7u, no Paran\u00e1, as<\/p>\n","protected":false},"author":1,"featured_media":15203,"comment_status":"open","ping_status":"open","sticky":false,"template":"","format":"standard","meta":{"_monsterinsights_skip_tracking":false,"_monsterinsights_sitenote_active":false,"_monsterinsights_sitenote_note":"","_monsterinsights_sitenote_category":0,"_uf_show_specific_survey":0,"_uf_disable_surveys":false,"footnotes":""},"categories":[1],"tags":[],"class_list":["post-19927","post","type-post","status-publish","format-standard","has-post-thumbnail","hentry","category-news"],"_links":{"self":[{"href":"https:\/\/agromt.news\/index.php?rest_route=\/wp\/v2\/posts\/19927"}],"collection":[{"href":"https:\/\/agromt.news\/index.php?rest_route=\/wp\/v2\/posts"}],"about":[{"href":"https:\/\/agromt.news\/index.php?rest_route=\/wp\/v2\/types\/post"}],"author":[{"embeddable":true,"href":"https:\/\/agromt.news\/index.php?rest_route=\/wp\/v2\/users\/1"}],"replies":[{"embeddable":true,"href":"https:\/\/agromt.news\/index.php?rest_route=%2Fwp%2Fv2%2Fcomments&post=19927"}],"version-history":[{"count":0,"href":"https:\/\/agromt.news\/index.php?rest_route=\/wp\/v2\/posts\/19927\/revisions"}],"wp:featuredmedia":[{"embeddable":true,"href":"https:\/\/agromt.news\/index.php?rest_route=\/wp\/v2\/media\/15203"}],"wp:attachment":[{"href":"https:\/\/agromt.news\/index.php?rest_route=%2Fwp%2Fv2%2Fmedia&parent=19927"}],"wp:term":[{"taxonomy":"category","embeddable":true,"href":"https:\/\/agromt.news\/index.php?rest_route=%2Fwp%2Fv2%2Fcategories&post=19927"},{"taxonomy":"post_tag","embeddable":true,"href":"https:\/\/agromt.news\/index.php?rest_route=%2Fwp%2Fv2%2Ftags&post=19927"}],"curies":[{"name":"wp","href":"https:\/\/api.w.org\/{rel}","templated":true}]}}