{"id":19922,"date":"2025-09-09T13:10:07","date_gmt":"2025-09-09T17:10:07","guid":{"rendered":"https:\/\/agromt.news\/?p=19922"},"modified":"2025-09-09T13:10:07","modified_gmt":"2025-09-09T17:10:07","slug":"alivio-na-inflacao-e-temporario-e-futuro-incerto-diz-economista","status":"publish","type":"post","link":"https:\/\/agromt.news\/?p=19922","title":{"rendered":"Al\u00edvio na infla\u00e7\u00e3o \u00e9 tempor\u00e1rio e futuro incerto, diz economista"},"content":{"rendered":"<p> <br \/>\n<br \/><img decoding=\"async\" src=\"https:\/\/agromt.news\/wp-content\/uploads\/2025\/04\/Trump-diz-estar-aberto-a-negociacoes-se-outros-paises-oferecerem.jpg\" \/><\/p>\n<div>\n<p>Ap\u00f3s o tarifa\u00e7o dos Estados Unidos contra o Brasil completar um m\u00eas, a constata\u00e7\u00e3o \u00e9 que os impactos na economia s\u00e3o amb\u00edguos. Quem explica melhor \u00e9 o economista Sillas Cezar, pesquisador da Universidade de S\u00e3o Paulo. Segundo ele, por um lado h\u00e1 uma enorme incerteza que tem se traduzido na queda do ritmo dos investimentos. Por outro, o pa\u00eds conta com um super\u00e1vit comercial, que \u00e9 um bom indicador e representa al\u00edvio inflacion\u00e1rio.<\/p>\n<p>Os efeitos no longo prazo, no entanto, n\u00e3o devem se sustentar. Se no IPCA-15 de agosto, alimentos como manga, arroz e carnes acumulam recuo, esse movimento pode ser reajustado pela redu\u00e7\u00e3o da produ\u00e7\u00e3o no campo. \u201cNo agroneg\u00f3cio, o cen\u00e1rio mais prov\u00e1vel \u00e9 de ajuste: produtores tendem a reduzir a produ\u00e7\u00e3o para conter perdas, o que diminui a oferta e eleva os pre\u00e7os novamente em algum prazo n\u00e3o muito longo\u201d, explica.<\/p>\n<p><strong>Impactos do tarifa\u00e7o na economia<\/strong><\/p>\n<p>Os primeiros reflexos do tarifa\u00e7o come\u00e7aram a aparecer no resultado da balan\u00e7a comercial de agosto. No m\u00eas passado, as exporta\u00e7\u00f5es do Brasil para os Estados Unidos ca\u00edram 18,5%, de acordo com dados do Minist\u00e9rio do Desenvolvimento, Ind\u00fastria, Com\u00e9rcio e Servi\u00e7os (MDIC).<\/p>\n<p>Neste ponto, Cezar n\u00e3o descarta um efeito em cadeia a partir dos impactos das tarifas norte-americanas em outros pa\u00edses. De acordo com ele, isso poderia levar a uma queda mais generalizada dos pre\u00e7os internacionais. \u201cSomado a um d\u00f3lar menos pressionado, haveria espa\u00e7o para aumento do poder de compra interno\u201d.<\/p>\n<p>Mesmo assim, o especialista diz que ainda \u00e9 cedo e que o cen\u00e1rio tem que ser monitorado.\u00a0<\/p>\n<\/div>\n<div>\n<h3 class=\"wp-block-heading\" id=\"h-alivio-inflacionario-ate-quando\">Al\u00edvio inflacion\u00e1rio: at\u00e9 quando?<\/h3>\n<p>Mas afinal, as tarifas impostas pelos Estados Unidos devem se prolongar? Para o pesquisador da USP, o cen\u00e1rio segue incerto e dominado por disputas pol\u00edticas. Ele afirma que qualquer previs\u00e3o categ\u00f3rica seria precipitada. <\/p>\n<p>\u201cSe algu\u00e9m disser que sabe essa resposta, estar\u00e1 mentindo. Os cen\u00e1rios v\u00e3o desde uma melhora em prazo relativamente curto at\u00e9 uma crise mais prolongada\u201d, resume.<\/p>\n<p>Cezar tamb\u00e9m destaca que a estrat\u00e9gia de <a href=\"https:\/\/www.canalrural.com.br\/tag\/donald-trump\/\">Donald Trump<\/a> est\u00e1 diretamente associada ao enfraquecimento econ\u00f4mico de outros pa\u00edses, o que amplia as incertezas. \u201cO sucesso de Trump hoje est\u00e1 ligado ao decl\u00ednio econ\u00f4mico de muita gente. Quem sair\u00e1 vencedor dessa disputa? Ainda n\u00e3o sabemos. Eu n\u00e3o sei.\u201d<\/p>\n<h3 class=\"wp-block-heading\" id=\"h-linha-do-tempo-do-tarifaco\">Linha do tempo do tarifa\u00e7o<\/h3>\n<p>Ap\u00f3s adiamento e exclus\u00e3o de quase 700 produtos da lista original, a cobran\u00e7a das al\u00edquotas que chegam a at\u00e9 50% sobre produtos como carne bovina, caf\u00e9 e frutas, come\u00e7ou oficialmente em 6 de agosto. De l\u00e1 para c\u00e1, houve diversas tentativas de negocia\u00e7\u00e3o por parte do governo brasileiro, mas sem sucesso.\u00a0<\/p>\n<p>Uma semana depois do an\u00fancio das tarifas, em 13 de agosto, o Brasil lan\u00e7ou um pacote de a\u00e7\u00f5es a fim de reduzir os impactos nas empresas que dependem das exporta\u00e7\u00f5es para os Estados Unidos. Intitulado de Brasil Soberano, a principal medida anunciada inclui R$ 30 bilh\u00f5es em cr\u00e9dito.<\/p>\n<p>J\u00e1 no come\u00e7o de setembro, empres\u00e1rios brasileiros estiveram em Washington para mais uma tentativa de convencer os norte-americanos a rever o tarifa\u00e7o contra os produtos do Brasil. No entanto, a comitiva, que contou com mais de 100 empresas envolvidas e entidades do setor produtivo, voltou sem acordo.<\/p>\n<\/p><\/div>\n<p><br \/>\n<br \/><a href=\"https:\/\/www.canalrural.com.br\/economia\/um-mes-do-tarifaco-alivio-da-inflacao-e-temporario-e-futuro-e-incerto\/\">Source link <\/a><\/p>\n","protected":false},"excerpt":{"rendered":"<p>Ap\u00f3s o tarifa\u00e7o dos Estados Unidos contra o Brasil completar um m\u00eas, a constata\u00e7\u00e3o \u00e9 que os impactos na economia<\/p>\n","protected":false},"author":1,"featured_media":11926,"comment_status":"open","ping_status":"open","sticky":false,"template":"","format":"standard","meta":{"_monsterinsights_skip_tracking":false,"_monsterinsights_sitenote_active":false,"_monsterinsights_sitenote_note":"","_monsterinsights_sitenote_category":0,"_uf_show_specific_survey":0,"_uf_disable_surveys":false,"footnotes":""},"categories":[1],"tags":[],"class_list":["post-19922","post","type-post","status-publish","format-standard","has-post-thumbnail","hentry","category-news"],"_links":{"self":[{"href":"https:\/\/agromt.news\/index.php?rest_route=\/wp\/v2\/posts\/19922"}],"collection":[{"href":"https:\/\/agromt.news\/index.php?rest_route=\/wp\/v2\/posts"}],"about":[{"href":"https:\/\/agromt.news\/index.php?rest_route=\/wp\/v2\/types\/post"}],"author":[{"embeddable":true,"href":"https:\/\/agromt.news\/index.php?rest_route=\/wp\/v2\/users\/1"}],"replies":[{"embeddable":true,"href":"https:\/\/agromt.news\/index.php?rest_route=%2Fwp%2Fv2%2Fcomments&post=19922"}],"version-history":[{"count":0,"href":"https:\/\/agromt.news\/index.php?rest_route=\/wp\/v2\/posts\/19922\/revisions"}],"wp:featuredmedia":[{"embeddable":true,"href":"https:\/\/agromt.news\/index.php?rest_route=\/wp\/v2\/media\/11926"}],"wp:attachment":[{"href":"https:\/\/agromt.news\/index.php?rest_route=%2Fwp%2Fv2%2Fmedia&parent=19922"}],"wp:term":[{"taxonomy":"category","embeddable":true,"href":"https:\/\/agromt.news\/index.php?rest_route=%2Fwp%2Fv2%2Fcategories&post=19922"},{"taxonomy":"post_tag","embeddable":true,"href":"https:\/\/agromt.news\/index.php?rest_route=%2Fwp%2Fv2%2Ftags&post=19922"}],"curies":[{"name":"wp","href":"https:\/\/api.w.org\/{rel}","templated":true}]}}