{"id":19921,"date":"2025-09-09T12:42:07","date_gmt":"2025-09-09T16:42:07","guid":{"rendered":"https:\/\/agromt.news\/?p=19921"},"modified":"2025-09-09T12:42:07","modified_gmt":"2025-09-09T16:42:07","slug":"brasil-registra-superavit-de-us-500-milhoes-na-primeira-semana-de-setembro","status":"publish","type":"post","link":"https:\/\/agromt.news\/?p=19921","title":{"rendered":"Brasil registra super\u00e1vit de US$ 500 milh\u00f5es na primeira semana de setembro"},"content":{"rendered":"<p> <br \/>\n<br \/><img decoding=\"async\" src=\"https:\/\/agromt.news\/wp-content\/uploads\/2025\/07\/BR-do-Mar-preve-reducao-de-ate-60-nos-custos.png\" \/><\/p>\n<div>\n<p>O Brasil registrou super\u00e1vit de US$ 500 milh\u00f5es na balan\u00e7a comercial durante a primeira semana de setembro de 2025. As exporta\u00e7\u00f5es somaram US$ 6,4 bilh\u00f5es, enquanto as importa\u00e7\u00f5es totalizaram US$ 5,9 bilh\u00f5es, segundo dados do Minist\u00e9rio do Desenvolvimento, Ind\u00fastria e Com\u00e9rcio (MDIC).<\/p>\n<p>No acumulado do ano, as exporta\u00e7\u00f5es alcan\u00e7am US$ 234 bilh\u00f5es, contra US$ 190,7 bilh\u00f5es em importa\u00e7\u00f5es, o que resulta em um saldo positivo de US$ 43,3 bilh\u00f5es.<\/p>\n<h3 class=\"wp-block-heading\" id=\"h-comparativo-mensal\">Comparativo mensal<\/h3>\n<p>Na compara\u00e7\u00e3o das m\u00e9dias di\u00e1rias, as exporta\u00e7\u00f5es da primeira semana de setembro de 2025 (US$ 1,280 bilh\u00e3o) ca\u00edram 5,5% em rela\u00e7\u00e3o a setembro de 2024 (US$ 1,355 bilh\u00e3o). J\u00e1 as importa\u00e7\u00f5es cresceram 5,7%, passando de US$ 1,114 bilh\u00e3o em setembro de 2024 para US$ 1,178 bilh\u00e3o em setembro de 2025.<\/p>\n<p>Com isso, at\u00e9 a primeira semana de setembro de 2025, a m\u00e9dia di\u00e1ria da corrente de com\u00e9rcio totalizou US$ 2,458 bilh\u00f5es, com saldo positivo de US$ 102,9 milh\u00f5es. Em rela\u00e7\u00e3o a setembro de 2024, houve leve retra\u00e7\u00e3o de 0,4%.<\/p>\n<\/div>\n<div>\n<h3 class=\"wp-block-heading\" id=\"h-exportacoes-e-importacoes-por-setor\">Exporta\u00e7\u00f5es e importa\u00e7\u00f5es por setor<\/h3>\n<p>No acumulado at\u00e9 a primeira semana de setembro de 2025, em compara\u00e7\u00e3o ao mesmo per\u00edodo do ano anterior, o desempenho setorial das exporta\u00e7\u00f5es (m\u00e9dia di\u00e1ria) foi o seguinte:<\/p>\n<ul class=\"wp-block-list\">\n<li><strong>Ind\u00fastria de Transforma\u00e7\u00e3o<\/strong>: crescimento de US$ 37,9 bilh\u00f5es (+4,8%);<\/li>\n<li><strong>Agropecu\u00e1ria<\/strong>: queda de US$ 68,89 bilh\u00f5es (-25,4%);<\/li>\n<li><strong>Ind\u00fastria Extrativa<\/strong>: queda de US$ 40,25 bilh\u00f5es (-14,0%).<\/li>\n<\/ul>\n<p>No mesmo per\u00edodo, as importa\u00e7\u00f5es (m\u00e9dia di\u00e1ria) tiveram o seguinte desempenho:<\/p>\n<ul class=\"wp-block-list\">\n<li><strong>Ind\u00fastria Extrativa<\/strong>: crescimento de US$ 18,09 milh\u00f5es<strong> <\/strong>(+24,6%);<\/li>\n<li><strong>Ind\u00fastria de Transforma\u00e7\u00e3o<\/strong>: crescimento de US$ 54,23 milh\u00f5es (+5,4%);<\/li>\n<li><strong>Agropecu\u00e1ria<\/strong>: queda de US$ 3,4 milh\u00f5es (-15,5%).<\/li>\n<\/ul><\/div>\n<p><br \/>\n<br \/><a href=\"https:\/\/www.canalrural.com.br\/economia\/brasil-registra-superavit-de-us-500-milhoes-na-primeira-semana-de-setembro\/\">Source link <\/a><\/p>\n","protected":false},"excerpt":{"rendered":"<p>O Brasil registrou super\u00e1vit de US$ 500 milh\u00f5es na balan\u00e7a comercial durante a primeira semana de setembro de 2025. As<\/p>\n","protected":false},"author":1,"featured_media":16874,"comment_status":"open","ping_status":"open","sticky":false,"template":"","format":"standard","meta":{"_monsterinsights_skip_tracking":false,"_monsterinsights_sitenote_active":false,"_monsterinsights_sitenote_note":"","_monsterinsights_sitenote_category":0,"_uf_show_specific_survey":0,"_uf_disable_surveys":false,"footnotes":""},"categories":[1],"tags":[],"class_list":["post-19921","post","type-post","status-publish","format-standard","has-post-thumbnail","hentry","category-news"],"_links":{"self":[{"href":"https:\/\/agromt.news\/index.php?rest_route=\/wp\/v2\/posts\/19921"}],"collection":[{"href":"https:\/\/agromt.news\/index.php?rest_route=\/wp\/v2\/posts"}],"about":[{"href":"https:\/\/agromt.news\/index.php?rest_route=\/wp\/v2\/types\/post"}],"author":[{"embeddable":true,"href":"https:\/\/agromt.news\/index.php?rest_route=\/wp\/v2\/users\/1"}],"replies":[{"embeddable":true,"href":"https:\/\/agromt.news\/index.php?rest_route=%2Fwp%2Fv2%2Fcomments&post=19921"}],"version-history":[{"count":0,"href":"https:\/\/agromt.news\/index.php?rest_route=\/wp\/v2\/posts\/19921\/revisions"}],"wp:featuredmedia":[{"embeddable":true,"href":"https:\/\/agromt.news\/index.php?rest_route=\/wp\/v2\/media\/16874"}],"wp:attachment":[{"href":"https:\/\/agromt.news\/index.php?rest_route=%2Fwp%2Fv2%2Fmedia&parent=19921"}],"wp:term":[{"taxonomy":"category","embeddable":true,"href":"https:\/\/agromt.news\/index.php?rest_route=%2Fwp%2Fv2%2Fcategories&post=19921"},{"taxonomy":"post_tag","embeddable":true,"href":"https:\/\/agromt.news\/index.php?rest_route=%2Fwp%2Fv2%2Ftags&post=19921"}],"curies":[{"name":"wp","href":"https:\/\/api.w.org\/{rel}","templated":true}]}}