{"id":19914,"date":"2025-09-09T11:41:15","date_gmt":"2025-09-09T15:41:15","guid":{"rendered":"https:\/\/agromt.news\/?p=19914"},"modified":"2025-09-09T11:41:15","modified_gmt":"2025-09-09T15:41:15","slug":"importacoes-de-trigo-atingem-o-nivel-mais-alto-dos-ultimos-13-anos","status":"publish","type":"post","link":"https:\/\/agromt.news\/?p=19914","title":{"rendered":"Importa\u00e7\u00f5es de trigo atingem o n\u00edvel mais alto dos \u00faltimos 13 anos"},"content":{"rendered":"<p> <br \/>\n<br \/><img decoding=\"async\" src=\"https:\/\/agromt.news\/wp-content\/uploads\/2025\/09\/Importacoes-de-trigo-atingem-o-nivel-mais-alto-dos-ultimos.jpg\" \/><\/p>\n<div>\n<p>As importa\u00e7\u00f5es brasileiras de trigo seguem em ritmo elevado. \u00c9 isso o que apontam os n\u00fameros da <a href=\"https:\/\/www.canalrural.com.br\/tag\/Secex\/\">Secretaria de Com\u00e9rcio Exterior (Secex).<\/a><\/p>\n<p>Apesar da queda verificada em agosto\/25 (frente a julho\/25 e em rela\u00e7\u00e3o a agosto\/24), o volume adquirido no acumulado de 2025 (de janeiro a agosto) \u00e9 o maior desde 2007.\u00a0<\/p>\n<p>Pesquisadores explicam que os pre\u00e7os externos mais atrativos t\u00eam estimulado as moageiras brasileiras a ampliarem as compras, sobretudo de pa\u00edses vizinhos. A soma total atingiu 493,23 mil toneladas de trigo importadas em agosto, 20% a menos que em julho\/25 e 9,5% abaixo da quantidade registrada em agosto\/24.\u00a0<\/p>\n<\/div>\n<div>\n<p>Ainda assim, nos \u00faltimos 12 meses (de setembro\/24 a agosto\/25), o volume supera em 13,5% o do intervalo anterior, totalizando 6,77 milh\u00f5es de toneladas. No acumulado de 2025, s\u00e3o 4,68 milh\u00f5es de toneladas, alta de 2,7% em rela\u00e7\u00e3o a 2024.<\/p>\n<p><em>*Sob supervis\u00e3o de Luis Roberto Toledo<\/em><\/p>\n<\/p><\/div>\n<p><br \/>\n<br \/><a href=\"https:\/\/www.canalrural.com.br\/agricultura\/importacoes-de-trigo-atingem-o-nivel-mais-alto-dos-ultimos-13-anos\/\">Source link <\/a><\/p>\n","protected":false},"excerpt":{"rendered":"<p>As importa\u00e7\u00f5es brasileiras de trigo seguem em ritmo elevado. \u00c9 isso o que apontam os n\u00fameros da Secretaria de Com\u00e9rcio<\/p>\n","protected":false},"author":1,"featured_media":19915,"comment_status":"open","ping_status":"open","sticky":false,"template":"","format":"standard","meta":{"_monsterinsights_skip_tracking":false,"_monsterinsights_sitenote_active":false,"_monsterinsights_sitenote_note":"","_monsterinsights_sitenote_category":0,"_uf_show_specific_survey":0,"_uf_disable_surveys":false,"footnotes":""},"categories":[1],"tags":[],"class_list":["post-19914","post","type-post","status-publish","format-standard","has-post-thumbnail","hentry","category-news"],"_links":{"self":[{"href":"https:\/\/agromt.news\/index.php?rest_route=\/wp\/v2\/posts\/19914"}],"collection":[{"href":"https:\/\/agromt.news\/index.php?rest_route=\/wp\/v2\/posts"}],"about":[{"href":"https:\/\/agromt.news\/index.php?rest_route=\/wp\/v2\/types\/post"}],"author":[{"embeddable":true,"href":"https:\/\/agromt.news\/index.php?rest_route=\/wp\/v2\/users\/1"}],"replies":[{"embeddable":true,"href":"https:\/\/agromt.news\/index.php?rest_route=%2Fwp%2Fv2%2Fcomments&post=19914"}],"version-history":[{"count":0,"href":"https:\/\/agromt.news\/index.php?rest_route=\/wp\/v2\/posts\/19914\/revisions"}],"wp:featuredmedia":[{"embeddable":true,"href":"https:\/\/agromt.news\/index.php?rest_route=\/wp\/v2\/media\/19915"}],"wp:attachment":[{"href":"https:\/\/agromt.news\/index.php?rest_route=%2Fwp%2Fv2%2Fmedia&parent=19914"}],"wp:term":[{"taxonomy":"category","embeddable":true,"href":"https:\/\/agromt.news\/index.php?rest_route=%2Fwp%2Fv2%2Fcategories&post=19914"},{"taxonomy":"post_tag","embeddable":true,"href":"https:\/\/agromt.news\/index.php?rest_route=%2Fwp%2Fv2%2Ftags&post=19914"}],"curies":[{"name":"wp","href":"https:\/\/api.w.org\/{rel}","templated":true}]}}