{"id":19913,"date":"2025-09-09T11:26:23","date_gmt":"2025-09-09T15:26:23","guid":{"rendered":"https:\/\/agromt.news\/?p=19913"},"modified":"2025-09-09T11:26:23","modified_gmt":"2025-09-09T15:26:23","slug":"precos-do-acucar-apresentam-novas-quedas-em-setembro","status":"publish","type":"post","link":"https:\/\/agromt.news\/?p=19913","title":{"rendered":"Pre\u00e7os do a\u00e7\u00facar apresentam novas quedas em setembro"},"content":{"rendered":"<p> <br \/>\n<br \/><img decoding=\"async\" src=\"https:\/\/agromt.news\/wp-content\/uploads\/2025\/06\/Levantamento-aponta-custos-da-producao-de-gado-cafe-e-cana-de-acucar.jpg\" \/><\/p>\n<div>\n<p>Na primeira semana de setembro, o Indicador Cepea\/Esalq do a\u00e7\u00facar cristal (Icumsa de 130 a 180) teve m\u00e9dia de R$ 118,52\/sc, queda de 0,14% frente \u00e0 do per\u00edodo anterior. \u00c9 isso o que mostram os levantamentos do <a href=\"https:\/\/www.canalrural.com.br\/tag\/cepea\/\">Centro de Estudos Avan\u00e7ados em Economia Aplicada (Cepea).<\/a><\/p>\n<p>Pesquisadores explicam que a desvaloriza\u00e7\u00e3o est\u00e1 relacionada \u00e0 baixa demanda e ao fato de agentes de usinas terem cedido aos pre\u00e7os, para viabilizar as vendas. Al\u00e9m disso, o movimento de retra\u00e7\u00e3o dos valores do a\u00e7\u00facar demerara na Bolsa de Nova York (ICE Futures) levaram compradores brasileiros a adotar postura cautelosa, aguardando a rea\u00e7\u00e3o do mercado interno paulista antes de efetuar novos neg\u00f3cios.\u00a0<\/p>\n<\/div>\n<div>\n<p>A produ\u00e7\u00e3o de a\u00e7\u00facar nas usinas paulistas segue em ritmo intenso, mesmo diante da menor qualidade da cana. De acordo com dados da Unica, o estado de S\u00e3o Paulo produziu 2,368 milh\u00f5es de toneladas do ado\u00e7ante na parcial da safra 2025\/26 (de abril\/25 at\u00e9 a primeira quinzena de agosto). O volume produzido representa um aumento de 20,46% em rela\u00e7\u00e3o ao mesmo intervalo do ano passado.\u00a0<\/p>\n<p>O elevado volume se explica pelo mix de produ\u00e7\u00e3o mais voltado ao a\u00e7\u00facar: 61,64% das 27,722 milh\u00f5es de toneladas de cana processadas em S\u00e3o Paulo. Esse \u00e9 um dos fatores que pode ter refor\u00e7ado a press\u00e3o sobre as cota\u00e7\u00f5es na \u00faltima semana, ainda conforme o centro de pesquisas.<\/p>\n<p><em>*Sob supervis\u00e3o de Luis Roberto Toledo<\/em><\/p>\n<\/p><\/div>\n<p><br \/>\n<br \/><a href=\"https:\/\/www.canalrural.com.br\/agricultura\/precos-do-acucar-apresentam-novas-quedas-em-setembro\/\">Source link <\/a><\/p>\n","protected":false},"excerpt":{"rendered":"<p>Na primeira semana de setembro, o Indicador Cepea\/Esalq do a\u00e7\u00facar cristal (Icumsa de 130 a 180) teve m\u00e9dia de R$<\/p>\n","protected":false},"author":1,"featured_media":14797,"comment_status":"open","ping_status":"open","sticky":false,"template":"","format":"standard","meta":{"_monsterinsights_skip_tracking":false,"_monsterinsights_sitenote_active":false,"_monsterinsights_sitenote_note":"","_monsterinsights_sitenote_category":0,"_uf_show_specific_survey":0,"_uf_disable_surveys":false,"footnotes":""},"categories":[1],"tags":[],"class_list":["post-19913","post","type-post","status-publish","format-standard","has-post-thumbnail","hentry","category-news"],"_links":{"self":[{"href":"https:\/\/agromt.news\/index.php?rest_route=\/wp\/v2\/posts\/19913"}],"collection":[{"href":"https:\/\/agromt.news\/index.php?rest_route=\/wp\/v2\/posts"}],"about":[{"href":"https:\/\/agromt.news\/index.php?rest_route=\/wp\/v2\/types\/post"}],"author":[{"embeddable":true,"href":"https:\/\/agromt.news\/index.php?rest_route=\/wp\/v2\/users\/1"}],"replies":[{"embeddable":true,"href":"https:\/\/agromt.news\/index.php?rest_route=%2Fwp%2Fv2%2Fcomments&post=19913"}],"version-history":[{"count":0,"href":"https:\/\/agromt.news\/index.php?rest_route=\/wp\/v2\/posts\/19913\/revisions"}],"wp:featuredmedia":[{"embeddable":true,"href":"https:\/\/agromt.news\/index.php?rest_route=\/wp\/v2\/media\/14797"}],"wp:attachment":[{"href":"https:\/\/agromt.news\/index.php?rest_route=%2Fwp%2Fv2%2Fmedia&parent=19913"}],"wp:term":[{"taxonomy":"category","embeddable":true,"href":"https:\/\/agromt.news\/index.php?rest_route=%2Fwp%2Fv2%2Fcategories&post=19913"},{"taxonomy":"post_tag","embeddable":true,"href":"https:\/\/agromt.news\/index.php?rest_route=%2Fwp%2Fv2%2Ftags&post=19913"}],"curies":[{"name":"wp","href":"https:\/\/api.w.org\/{rel}","templated":true}]}}