{"id":19911,"date":"2025-09-09T11:16:33","date_gmt":"2025-09-09T15:16:33","guid":{"rendered":"https:\/\/agromt.news\/?p=19911"},"modified":"2025-09-09T11:16:33","modified_gmt":"2025-09-09T15:16:33","slug":"volume-embarcado-de-carne-de-frango-recua-137-e-receita-cai-17-em-julho-25","status":"publish","type":"post","link":"https:\/\/agromt.news\/?p=19911","title":{"rendered":"Volume embarcado de carne de frango recua 13,7% e receita cai 17% em julho\/25"},"content":{"rendered":"<p> <br \/>\n<\/p>\n<div>\n<p><img decoding=\"async\" alt=\"Logotipo Not&#xED;cias Agr&#xED;colas\" height=\"21\" src=\"https:\/\/cdn.noticiasagricolas.com.br\/dbimagens\/e12363a00741f9cc7caf23469101a4aa.png\" width=\"106\"\/><\/p>\n<p style=\"text-align:justify;\"><span style=\"color:#000000;\">A Secretaria de Com\u00e9rcio Exterior (Secex) reportou que o volume exportado de carne de aves e suas miudezas comest\u00edveis, frescas, refrigeradas ou congeladas alcan\u00e7ou 375.982,6 mil toneladas at\u00e9 a quinta semana de julho\/25. No ano passado, o volume exportado em julho alcan\u00e7ou 435.658,3 mil toneladas em 23 dias \u00fateis em 2024. <\/span><\/p>\n<p>\n<span style=\"color:#000000;\">A m\u00e9dia di\u00e1ria at\u00e9 a quinta semana de julho\/25 ficou em 16,3 mil toneladas, sendo que isso representa uma queda de 13,7% frente \u00e0 m\u00e9dia di\u00e1ria exportada do ano anterior, que ficou em 18,9 mil toneladas. <\/span><\/p>\n<p>\n<span style=\"color:#000000;\">As exporta\u00e7\u00f5es de frango ainda seguem sendo impactadas com a suspens\u00e3o das importa\u00e7\u00f5es por alguns pa\u00edses diante do primeiro foco de gripe avi\u00e1ria em granja comercial no Brasil, na cidade de Montenegro\/RS. De acordo com o Minist\u00e9rio da Agricultura e Pecu\u00e1ria (MAPA), os paises que seguem com suspens\u00e3o total das exporta\u00e7\u00f5es de carne de aves do Brasil s\u00e3o:Canad\u00e1, Chile, China, Maced\u00f4nia do Norte, Mal\u00e1sia, Paquist\u00e3o, Timor-Leste e Uni\u00e3o Europeia.<\/span><\/p>\n<p style=\"text-align:justify;\"><span style=\"color:#000000;\">O pre\u00e7o pago pelo produto na quinta semana de julho ficou em US$ 1.817,1 por tonelada, isso representa um recuo de 3,9% se comparado com os valores praticados em julho do ano anterior, que estavam pr\u00f3ximos de US$ 1.890,1 por tonelada.\u00a0 <\/span><br \/>\u00a0<\/p>\n<p style=\"text-align:justify;\"><span style=\"color:#000000;\">No faturamento, a receita obtida at\u00e9 a quinta semana de julho ficou em US$ 683.205,2 mil por tonelada, enquanto em julho do ano anterior o valor ficou em 823.425,8 mil toneladas. <\/span><\/p>\n<p>\n<span style=\"color:#000000;\">J\u00e1 a m\u00e9dia di\u00e1ria do faturamento est\u00e1 pr\u00f3xima de US$ 29.704,6 mil toneladas e teve uma baixa de 17,00% frente a m\u00e9dia di\u00e1ria observada em julho do ano anterior, que ficou em US$ 35.801,1 mil toneladas.\u00a0\u00a0<\/span><\/p>\n<p>\u00a0<\/p>\n<\/p><\/div>\n<p><script async defer src=\"https:\/\/connect.facebook.net\/en_US\/sdk.js\"><\/script><script>\n  !function(f,b,e,v,n,t,s)\n  {if(f.fbq)return;n=f.fbq=function(){n.callMethod?\n    n.callMethod.apply(n,arguments):n.queue.push(arguments)};\n    if(!f._fbq)f._fbq=n;n.push=n;n.loaded=!0;n.version='2.0';\n    n.queue=[];t=b.createElement(e);t.async=!0;\n    t.src=v;s=b.getElementsByTagName(e)[0];\n    s.parentNode.insertBefore(t,s)}(window, document,'script',\n    'https:\/\/connect.facebook.net\/en_US\/fbevents.js');\n  fbq('init', '153495679422335');\n  fbq('track', 'PageView');\n<\/script><br \/>\n<br \/><br \/>\n<br \/><a href=\"https:\/\/www.noticiasagricolas.com.br\/noticias\/granjeiros\/405328-volume-embarcado-de-carne-de-frango-recua-13-7-e-receita-cai-17-em-julho-25.html\">Source link <\/a><\/p>\n","protected":false},"excerpt":{"rendered":"<p>A Secretaria de Com\u00e9rcio Exterior (Secex) reportou que o volume exportado de carne de aves e suas miudezas comest\u00edveis, frescas,<\/p>\n","protected":false},"author":1,"featured_media":19912,"comment_status":"open","ping_status":"open","sticky":false,"template":"","format":"standard","meta":{"_monsterinsights_skip_tracking":false,"_monsterinsights_sitenote_active":false,"_monsterinsights_sitenote_note":"","_monsterinsights_sitenote_category":0,"_uf_show_specific_survey":0,"_uf_disable_surveys":false,"footnotes":""},"categories":[8,1,14,16],"tags":[],"class_list":["post-19911","post","type-post","status-publish","format-standard","has-post-thumbnail","hentry","category-agro","category-news","category-politica-agro","category-safra"],"_links":{"self":[{"href":"https:\/\/agromt.news\/index.php?rest_route=\/wp\/v2\/posts\/19911"}],"collection":[{"href":"https:\/\/agromt.news\/index.php?rest_route=\/wp\/v2\/posts"}],"about":[{"href":"https:\/\/agromt.news\/index.php?rest_route=\/wp\/v2\/types\/post"}],"author":[{"embeddable":true,"href":"https:\/\/agromt.news\/index.php?rest_route=\/wp\/v2\/users\/1"}],"replies":[{"embeddable":true,"href":"https:\/\/agromt.news\/index.php?rest_route=%2Fwp%2Fv2%2Fcomments&post=19911"}],"version-history":[{"count":0,"href":"https:\/\/agromt.news\/index.php?rest_route=\/wp\/v2\/posts\/19911\/revisions"}],"wp:featuredmedia":[{"embeddable":true,"href":"https:\/\/agromt.news\/index.php?rest_route=\/wp\/v2\/media\/19912"}],"wp:attachment":[{"href":"https:\/\/agromt.news\/index.php?rest_route=%2Fwp%2Fv2%2Fmedia&parent=19911"}],"wp:term":[{"taxonomy":"category","embeddable":true,"href":"https:\/\/agromt.news\/index.php?rest_route=%2Fwp%2Fv2%2Fcategories&post=19911"},{"taxonomy":"post_tag","embeddable":true,"href":"https:\/\/agromt.news\/index.php?rest_route=%2Fwp%2Fv2%2Ftags&post=19911"}],"curies":[{"name":"wp","href":"https:\/\/api.w.org\/{rel}","templated":true}]}}