{"id":19909,"date":"2025-09-09T11:10:40","date_gmt":"2025-09-09T15:10:40","guid":{"rendered":"https:\/\/agromt.news\/?p=19909"},"modified":"2025-09-09T11:10:40","modified_gmt":"2025-09-09T15:10:40","slug":"etanol-abre-setembro-com-a-setima-elevacao-consecutiva-nas-cotacoes","status":"publish","type":"post","link":"https:\/\/agromt.news\/?p=19909","title":{"rendered":"Etanol abre setembro com a s\u00e9tima eleva\u00e7\u00e3o consecutiva nas cota\u00e7\u00f5es\u00a0"},"content":{"rendered":"<p> <br \/>\n<br \/><img decoding=\"async\" src=\"https:\/\/agromt.news\/wp-content\/uploads\/2025\/09\/Etanol-abre-setembro-com-a-setima-elevacao-consecutiva-nas-cotacoes.jpg\" \/><\/p>\n<div>\n<p>O pre\u00e7o do etanol hidratado iniciou setembro com nova alta no mercado spot do estado de S\u00e3o Paulo. \u00c9 isso o que apontam os levantamentos do <a href=\"https:\/\/www.canalrural.com.br\/tag\/cepea\/\">Centro de Estudos Avan\u00e7ados em Economia Aplicada (Cepea).\u00a0<\/a><\/p>\n<p>Segundo o instituto, trata-se da s\u00e9tima semana consecutiva de avan\u00e7o. Pesquisadores explicam que o suporte aos valores vem da postura firme do vendedor, que segue ofertando baixos volumes no spot e tem perspectivas de novas eleva\u00e7\u00f5es nos pr\u00f3ximos meses.\u00a0<\/p>\n<\/div>\n<div>\n<p>Outro fator que influencia as cota\u00e7\u00f5es do biocombust\u00edvel \u00e9 a proximidade do encerramento da moagem da safra 2025\/26. Com o clima seco ao longo da temporada, o processamento de cana avan\u00e7ou em ritmo acelerado. Levantamento do Cepea mostra que algumas poucas usinas j\u00e1 devem encerrar as atividades em outubro.\u00a0<\/p>\n<p>Entre 1\u00ba e 5 de setembro, o Indicador Cepea\/Esalq do etanol hidratado para o estado de S\u00e3o Paulo fechou em R$ 2,7831\/litro (l\u00edquido de ICMS e PIS\/Cofins). O valor representa aumento de 1,52% no comparativo ao per\u00edodo anterior. Para o anidro, a eleva\u00e7\u00e3o foi de 1,96%, com o Indicador Cepea\/Esalq a R$ 3,1838\/litro, valor l\u00edquido de impostos (sem PIS\/Cofins).<\/p>\n<p><em>*Sob supervis\u00e3o de Luis Roberto Toledo<\/em><\/p>\n<\/p><\/div>\n<p><br \/>\n<br \/><a href=\"https:\/\/www.canalrural.com.br\/agricultura\/etanol-abre-setembro-com-a-setima-elevacao-consecutiva-nas-cotacoes\/\">Source link <\/a><\/p>\n","protected":false},"excerpt":{"rendered":"<p>O pre\u00e7o do etanol hidratado iniciou setembro com nova alta no mercado spot do estado de S\u00e3o Paulo. \u00c9 isso<\/p>\n","protected":false},"author":1,"featured_media":19910,"comment_status":"open","ping_status":"open","sticky":false,"template":"","format":"standard","meta":{"_monsterinsights_skip_tracking":false,"_monsterinsights_sitenote_active":false,"_monsterinsights_sitenote_note":"","_monsterinsights_sitenote_category":0,"_uf_show_specific_survey":0,"_uf_disable_surveys":false,"footnotes":""},"categories":[1],"tags":[],"class_list":["post-19909","post","type-post","status-publish","format-standard","has-post-thumbnail","hentry","category-news"],"_links":{"self":[{"href":"https:\/\/agromt.news\/index.php?rest_route=\/wp\/v2\/posts\/19909"}],"collection":[{"href":"https:\/\/agromt.news\/index.php?rest_route=\/wp\/v2\/posts"}],"about":[{"href":"https:\/\/agromt.news\/index.php?rest_route=\/wp\/v2\/types\/post"}],"author":[{"embeddable":true,"href":"https:\/\/agromt.news\/index.php?rest_route=\/wp\/v2\/users\/1"}],"replies":[{"embeddable":true,"href":"https:\/\/agromt.news\/index.php?rest_route=%2Fwp%2Fv2%2Fcomments&post=19909"}],"version-history":[{"count":0,"href":"https:\/\/agromt.news\/index.php?rest_route=\/wp\/v2\/posts\/19909\/revisions"}],"wp:featuredmedia":[{"embeddable":true,"href":"https:\/\/agromt.news\/index.php?rest_route=\/wp\/v2\/media\/19910"}],"wp:attachment":[{"href":"https:\/\/agromt.news\/index.php?rest_route=%2Fwp%2Fv2%2Fmedia&parent=19909"}],"wp:term":[{"taxonomy":"category","embeddable":true,"href":"https:\/\/agromt.news\/index.php?rest_route=%2Fwp%2Fv2%2Fcategories&post=19909"},{"taxonomy":"post_tag","embeddable":true,"href":"https:\/\/agromt.news\/index.php?rest_route=%2Fwp%2Fv2%2Ftags&post=19909"}],"curies":[{"name":"wp","href":"https:\/\/api.w.org\/{rel}","templated":true}]}}