{"id":19905,"date":"2025-09-09T09:59:16","date_gmt":"2025-09-09T13:59:16","guid":{"rendered":"https:\/\/agromt.news\/?p=19905"},"modified":"2025-09-09T09:59:16","modified_gmt":"2025-09-09T13:59:16","slug":"produtores-priorizam-controle-preventivo-na-cevada","status":"publish","type":"post","link":"https:\/\/agromt.news\/?p=19905","title":{"rendered":"Produtores priorizam controle preventivo na cevada"},"content":{"rendered":"<p> <br \/>\n<\/p>\n<div>\n<div class=\"row\">\n<div class=\"col-lg col-infos mt-0 mt-lg-0\">\n<div class=\"section-sub-title\">\n<p itemprop=\"description\">&#13;<br \/>\n                                Cevada mant\u00e9m uniformidade no desenvolvimento no RS&#13;\n                            <\/p>\n<\/p><\/div>\n<div class=\"container\">\n<div class=\"row\">\n<div class=\"col-lg p-0\">\n<div>\n<div class=\"block-news-main-infos mt-3 text-start\">\n<p>                                            <strong class=\"fn\" itemprop=\"author\" style=\"color: rgb(112, 112, 112); \">&#13;<br \/>\n                                                <a href=\"https:\/\/www.agrolink.com.br\/noticias\/javascript:;\" class=\"text-uppercase\" target=\"_blank\" style=\"color: rgb(112, 112, 112); \" rel=\"noopener\">Agrolink<\/a>&#13;<br \/>\n&#13;<br \/>\n                                                    &#8211; Seane Lennon&#13;<br \/>\n&#13;<br \/>\n                                            <\/strong><br \/>\n                                        <\/p>\n<p>                                            <abbr><time datetime=\"2025 - 09 - 08T18:03\" itemprop=\"datePublished dateModified\"> Publicado em 08\/09\/2025 \u00e0s 18:03h.<\/time><\/abbr>\n                                    <\/div>\n<\/p><\/div>\n<\/p><\/div>\n<div class=\"col-lg p-0 text-lg-end\">\n<div>\n<div id=\"mdEnviarPagina\" class=\"modal fade\" role=\"dialog\">\n<div class=\"modal-dialog\">\n<div class=\"modal-content\">\n<div class=\"modal-body\">\n<p><strong>Estimado usu\u00e1rio.<\/strong><br \/>Preencha o formul\u00e1rio abaixo para remeter a p\u00e1gina.<\/p>\n<\/p><\/div>\n<\/p><\/div>\n<\/p><\/div>\n<\/div><\/div>\n<\/p><\/div>\n<\/p><\/div>\n<\/p><\/div>\n<\/p><\/div>\n<\/p><\/div>\n<div class=\"row justify-content-md-center mt-3\">\n<div class=\"col-lg-auto col-image block-news-main-image\">\n<p>                                <img decoding=\"async\" src=\"https:\/\/www.agrolink.com.br\/upload\/imagens-resizes\/053b5fcb5558497a932c27753dfb9901_858x483.jpg\" class=\"lazyload img-fluid\"\/><br \/>\n                                                <span class=\"publicity-photo d-block mt-1\">Foto: Canva<\/span><\/p><\/div>\n<\/p><\/div>\n<div class=\"section-description section-description-noticias mt-3\">\n<p style=\"text-align:justify\">De acordo com o Informativo Conjuntural divulgado pela Emater\/RS-Ascar na quinta-feira (4), a cultura da cevada apresenta desenvolvimento uniforme no Rio Grande do Sul. Predomina o est\u00e1dio vegetativo, enquanto o florescimento avan\u00e7a em \u00e1reas mais adiantadas.&#13;\n<\/p>\n<p style=\"text-align:justify\">Segundo o boletim, as condi\u00e7\u00f5es clim\u00e1ticas de agosto favoreceram o crescimento e mant\u00eam boas expectativas de produtividade. \u201cO manejo fitossanit\u00e1rio foi priorizado no per\u00edodo, com foco no controle preventivo de doen\u00e7as foliares, a fim de evitar perdas de qualidade e a consequente desclassifica\u00e7\u00e3o dos gr\u00e3os destinados \u00e0 maltea\u00e7\u00e3o pela ind\u00fastria cervejeira\u201d, destacou a Emater\/RS-Ascar.&#13;\n<\/p>\n<p style=\"text-align:justify\">Na regi\u00e3o de Erechim, mesmo com a redu\u00e7\u00e3o da \u00e1rea cultivada em rela\u00e7\u00e3o a 2024, a expectativa de produtividade segue elevada. As lavouras est\u00e3o em est\u00e1dio vegetativo e apresentam proje\u00e7\u00e3o de rendimento superior a 3.600 quilos por hectare.<\/p>\n<p style=\"text-align:justify\">Em Iju\u00ed, 90% das \u00e1reas est\u00e3o em final de est\u00e1dio vegetativo e 10% em flora\u00e7\u00e3o. O boletim aponta que o potencial produtivo \u00e9 elevado, com uniformidade no estande de plantas e manejo nutricional considerado adequado. At\u00e9 o momento, n\u00e3o houve registros significativos de doen\u00e7as ou pragas.&#13;\n<\/p>\n<\/p><\/div>\n<\/p><\/div>\n<p><script data-cfasync=\"false\">\n    !function (f, b, e, v, n, t, s) {\n        if (f.fbq) return; n = f.fbq = function () {\n            n.callMethod ?\n                n.callMethod.apply(n, arguments) : n.queue.push(arguments)\n        };\n        if (!f._fbq) f._fbq = n; n.push = n; n.loaded = !0; n.version = '2.0';\n        n.queue = []; t = b.createElement(e); t.async = !0;\n        t.src = v; s = b.getElementsByTagName(e)[0];\n        s.parentNode.insertBefore(t, s)\n    }(window, document, 'script',\n        'https:\/\/connect.facebook.net\/en_US\/fbevents.js');\n    fbq('init', '522546078623747');\n    fbq('track', 'PageView');\n<\/script><br \/>\n<br \/><br \/>\n<br \/><a href=\"https:\/\/www.agrolink.com.br\/noticias\/produtores-priorizam-controle-preventivo-na-cevada_505786.html\">Source link <\/a><\/p>\n","protected":false},"excerpt":{"rendered":"<p>&#13; Cevada mant\u00e9m uniformidade no desenvolvimento no RS&#13; &#13; Agrolink&#13; &#13; &#8211; Seane Lennon&#13; &#13; Publicado em 08\/09\/2025 \u00e0s 18:03h.<\/p>\n","protected":false},"author":1,"featured_media":16546,"comment_status":"open","ping_status":"open","sticky":false,"template":"","format":"standard","meta":{"_monsterinsights_skip_tracking":false,"_monsterinsights_sitenote_active":false,"_monsterinsights_sitenote_note":"","_monsterinsights_sitenote_category":0,"_uf_show_specific_survey":0,"_uf_disable_surveys":false,"footnotes":""},"categories":[8,1,14],"tags":[],"class_list":["post-19905","post","type-post","status-publish","format-standard","has-post-thumbnail","hentry","category-agro","category-news","category-politica-agro"],"_links":{"self":[{"href":"https:\/\/agromt.news\/index.php?rest_route=\/wp\/v2\/posts\/19905"}],"collection":[{"href":"https:\/\/agromt.news\/index.php?rest_route=\/wp\/v2\/posts"}],"about":[{"href":"https:\/\/agromt.news\/index.php?rest_route=\/wp\/v2\/types\/post"}],"author":[{"embeddable":true,"href":"https:\/\/agromt.news\/index.php?rest_route=\/wp\/v2\/users\/1"}],"replies":[{"embeddable":true,"href":"https:\/\/agromt.news\/index.php?rest_route=%2Fwp%2Fv2%2Fcomments&post=19905"}],"version-history":[{"count":0,"href":"https:\/\/agromt.news\/index.php?rest_route=\/wp\/v2\/posts\/19905\/revisions"}],"wp:featuredmedia":[{"embeddable":true,"href":"https:\/\/agromt.news\/index.php?rest_route=\/wp\/v2\/media\/16546"}],"wp:attachment":[{"href":"https:\/\/agromt.news\/index.php?rest_route=%2Fwp%2Fv2%2Fmedia&parent=19905"}],"wp:term":[{"taxonomy":"category","embeddable":true,"href":"https:\/\/agromt.news\/index.php?rest_route=%2Fwp%2Fv2%2Fcategories&post=19905"},{"taxonomy":"post_tag","embeddable":true,"href":"https:\/\/agromt.news\/index.php?rest_route=%2Fwp%2Fv2%2Ftags&post=19905"}],"curies":[{"name":"wp","href":"https:\/\/api.w.org\/{rel}","templated":true}]}}