{"id":19903,"date":"2025-09-09T09:33:08","date_gmt":"2025-09-09T13:33:08","guid":{"rendered":"https:\/\/agromt.news\/?p=19903"},"modified":"2025-09-09T09:33:08","modified_gmt":"2025-09-09T13:33:08","slug":"stf-retoma-nesta-terca-julgamento-de-bolsonaro-e-mais-sete-reus","status":"publish","type":"post","link":"https:\/\/agromt.news\/?p=19903","title":{"rendered":"STF retoma nesta ter\u00e7a julgamento de Bolsonaro e mais sete r\u00e9us"},"content":{"rendered":"<p> <br \/>\n<\/p>\n<div>\n<p>A primeira turma do Supremo Tribunal Federal (STF) retoma nesta ter\u00e7a-feira (9) o julgamento que pode condenar o ex-presidente Jair Bolsonaro e mais sete aliados pela trama golpista para tentar reverter o resultado das elei\u00e7\u00f5es de 2022.<strong>\u00a0<\/strong>O grupo faz parte do n\u00facleo crucial da den\u00fancia apresentada pela Procuradoria-Geral da Rep\u00fablica (PGR).<img decoding=\"async\" src=\"https:\/\/agromt.news\/wp-content\/uploads\/2025\/09\/STF-retoma-nesta-terca-julgamento-de-Bolsonaro-e-mais-sete.png\"\/><img decoding=\"async\" src=\"https:\/\/agromt.news\/wp-content\/uploads\/2025\/09\/STF-retoma-nesta-terca-julgamento-de-Bolsonaro-e-mais-sete.png\"\/><img decoding=\"async\" src=\"https:\/\/agromt.news\/wp-content\/uploads\/2025\/09\/STF-retoma-nesta-terca-julgamento-de-Bolsonaro-e-mais-sete.gif\"\/><img decoding=\"async\" src=\"https:\/\/agromt.news\/wp-content\/uploads\/2025\/09\/STF-retoma-nesta-terca-julgamento-de-Bolsonaro-e-mais-sete.gif\"\/><\/p>\n<p>O julgamento come\u00e7ou na semana passada, quando foram ouvidas as sustenta\u00e7\u00f5es das defesas do ex-presidente e dos demais acusados, al\u00e9m da manifesta\u00e7\u00e3o do procurador-geral da Rep\u00fablica, Paulo Gonet, favor\u00e1vel \u00e0 condena\u00e7\u00e3o de todos os r\u00e9us.<\/p>\n<p>A partir desta ter\u00e7a-feira (9), ser\u00e1 iniciada a vota\u00e7\u00e3o que resultar\u00e1 na condena\u00e7\u00e3o ou absolvi\u00e7\u00e3o dos r\u00e9us. Tamb\u00e9m foram reservadas as sess\u00f5es dos dias 10,11 e 12 de setembro para finaliza\u00e7\u00e3o do julgamento.\u00a0<\/p>\n<p>Os acusados respondem pela suposta participa\u00e7\u00e3o na elabora\u00e7\u00e3o do plano \u201cPunhal\u00a0Verde\u00a0e Amarelo\u201d, com planejamento voltado ao sequestro e homic\u00eddio do ministro Alexandre de Moraes, do presidente Luiz In\u00e1cio Lula da Silva e do vice-presidente, Geraldo Alckmin.<\/p>\n<p>Tamb\u00e9m consta na den\u00fancia da PGR a produ\u00e7\u00e3o da chamada \u201cminuta do golpe\u201d, documento que seria de conhecimento de Jair Bolsonaro e serviria para a decreta\u00e7\u00e3o de medidas de estado de defesa e de s\u00edtio no pa\u00eds para tentar reverter o resultado das elei\u00e7\u00f5es de 2022 e impedir a posse de Lula.\u00a0<\/p>\n<p>A den\u00fancia cita ainda o suposto envolvimento dos acusados com os atos golpistas de 8 de janeiro de 2023.\u00a0<\/p>\n<h2 class=\"wp-block-heading\" id=\"h-quem-sao-os-reus\">Quem s\u00e3o os r\u00e9us<\/h2>\n<p>Jair Bolsonaro \u2013 ex-presidente da Rep\u00fablica;<\/p>\n<p>Alexandre Ramagem \u2013 ex-diretor da Ag\u00eancia Brasileira de Intelig\u00eancia (Abin);<\/p>\n<p>Almir Garnier \u2013 ex-comandante da Marinha;<\/p>\n<p>Anderson Torres \u2013 ex-ministro da Justi\u00e7a e ex-secret\u00e1rio de Seguran\u00e7a do Distrito Federal;<\/p>\n<p>Augusto Heleno \u2013 ex-ministro do Gabinete de Seguran\u00e7a Institucional (GSI);<\/p>\n<p>Paulo S\u00e9rgio Nogueira \u2013 ex-ministro da Defesa;<\/p>\n<p>Walter Braga Netto \u2013 ex-ministro da Defesa\u00a0e candidato a\u00a0vice de Bolsonaro na chapa de 2022;<\/p>\n<p>Mauro Cid \u2013 ex-ajudante de ordens de Bolsonaro.<\/p>\n<h2 class=\"wp-block-heading\" id=\"h-crimes-nbsp\">Crimes\u00a0<\/h2>\n<p>Todos os r\u00e9us respondem pelos crimes de organiza\u00e7\u00e3o criminosa armada, tentativa de aboli\u00e7\u00e3o violenta do Estado Democr\u00e1tico de Direito, golpe de Estado, dano qualificado pela viol\u00eancia e grave amea\u00e7a e deteriora\u00e7\u00e3o de patrim\u00f4nio tombado.<\/p>\n<\/div>\n<div>\n<p>A exce\u00e7\u00e3o \u00e9 o caso do ex-diretor da Abin Alexandre Ramagem\u00a0que, atualmente, \u00e9 deputado federal. Ele foi beneficiado com a suspens\u00e3o de parte das acusa\u00e7\u00f5es e responde somente a tr\u00eas dos cinco crimes. A regra est\u00e1 prevista na Constitui\u00e7\u00e3o.\u00a0<\/p>\n<p>A suspens\u00e3o vale para os crimes de dano qualificado pela viol\u00eancia e grave amea\u00e7a, contra o patrim\u00f4nio da Uni\u00e3o, com consider\u00e1vel preju\u00edzo para a v\u00edtima e deteriora\u00e7\u00e3o de patrim\u00f4nio tombado, relacionados aos atos golpistas de 8 de janeiro.\u00a0<\/p>\n<h2 class=\"wp-block-heading\" id=\"h-relator\">Relator<\/h2>\n<p>A sess\u00e3o ser\u00e1 aberta, \u00e0s 9h, pelo presidente da Primeira Turma, ministro Cristiano Zanin.<\/p>\n<p>Em seguida, ser\u00e1 passada a palavra ao relator, ministro Alexandre de Moraes, que ser\u00e1 o primeiro a votar.<\/p>\n<p>Em sua manifesta\u00e7\u00e3o, o ministro vai analisar quest\u00f5es preliminares suscitadas pelas defesas de Bolsonaro\u00a0e dos demais acusados, como pedidos de nulidade da dela\u00e7\u00e3o premiada de Mauro Cid, ex-ajudante de ordens e um dos r\u00e9us, alega\u00e7\u00f5es de cerceamento de defesa, pedidos para retirar o caso do STF, al\u00e9m das solicita\u00e7\u00f5es de absolvi\u00e7\u00e3o.<\/p>\n<p>Moraes poder\u00e1 solicitar que a turma delibere imediatamente sobre quest\u00f5es preliminares ou deixar a an\u00e1lise desses quesitos para vota\u00e7\u00e3o conjunta com o m\u00e9rito.<\/p>\n<p>Ap\u00f3s a abordagem das quest\u00f5es preliminares, Moraes se pronunciar\u00e1 sobre o m\u00e9rito do processo, ou seja, se condena ou absolve os acusados e qual o tempo de cumprimento de pena.<\/p>\n<h2 class=\"wp-block-heading\" id=\"h-sequencia-de-votacao\">Sequ\u00eancia de vota\u00e7\u00e3o<\/h2>\n<p>Ap\u00f3s o voto do relator, os demais integrantes da turma v\u00e3o proferir seus votos na seguinte sequ\u00eancia:<\/p>\n<p>Fl\u00e1vio Dino;<br \/>Luiz Fux;<br \/>C\u00e1rmen L\u00facia;<br \/>Cristiano Zanin.<\/p>\n<p>A maioria de votos pela condena\u00e7\u00e3o ou absolvi\u00e7\u00e3o ocorrer\u00e1 com tr\u00eas dos cinco votos do colegiado.<\/p>\n<p>Se as penas forem maiores que oito anos de pris\u00e3o, o regime inicial de cumprimento de pena ser\u00e1 o fechado. Penas menores que oito anos\u00a0dar\u00e3o direito ao semiaberto.\u00a0<\/p>\n<h2 class=\"wp-block-heading\" id=\"h-prisao\">Pris\u00e3o<\/h2>\n<p>A eventual pris\u00e3o dos r\u00e9us que forem condenados n\u00e3o vai ocorrer de forma autom\u00e1tica. Somente ap\u00f3s a an\u00e1lise dos recursos contra a condena\u00e7\u00e3o, a pris\u00e3o ser\u00e1 efetivada.\u00a0<\/p>\n<h2 class=\"wp-block-heading\" id=\"h-recursos\">Recursos<\/h2>\n<p>Em caso de condena\u00e7\u00e3o, Bolsonaro e os demais r\u00e9us ter\u00e3o direito a recorrer\u00a0para evitar a pris\u00e3o.\u00a0<\/p>\n<p>Com a publica\u00e7\u00e3o do ac\u00f3rd\u00e3o com eventual placar desfavor\u00e1vel, as defesas poder\u00e3o apresentar os chamados\u00a0embargos de declara\u00e7\u00e3o,\u00a0recurso que tem o objetivo de esclarecer omiss\u00f5es e contradi\u00e7\u00f5es no texto final do julgamento. Em geral, esse tipo de recurso n\u00e3o tem poder para rever o resultado do julgamento e costuma ser rejeitado. Os embargos s\u00e3o julgados pela pr\u00f3pria turma.\u00a0<\/p>\n<p>Para conseguir que o caso seja julgado novamente e levado a plen\u00e1rio, os acusados precisam obter pelo menos dois votos pela absolvi\u00e7\u00e3o, ou seja, placar m\u00ednimo de 3 votos a 2.\u00a0Nesse caso, os embargos infringentes poder\u00e3o ser protocolados contra a decis\u00e3o.<\/p>\n<\/p><\/div>\n<p><br \/>\n<br \/><a href=\"https:\/\/www.canalrural.com.br\/nacional\/stf-retoma-nesta-terca-julgamento-de-bolsonaro-e-mais-sete-reus\/\">Source link <\/a><\/p>\n","protected":false},"excerpt":{"rendered":"<p>A primeira turma do Supremo Tribunal Federal (STF) retoma nesta ter\u00e7a-feira (9) o julgamento que pode condenar o ex-presidente Jair<\/p>\n","protected":false},"author":1,"featured_media":19904,"comment_status":"open","ping_status":"open","sticky":false,"template":"","format":"standard","meta":{"_monsterinsights_skip_tracking":false,"_monsterinsights_sitenote_active":false,"_monsterinsights_sitenote_note":"","_monsterinsights_sitenote_category":0,"_uf_show_specific_survey":0,"_uf_disable_surveys":false,"footnotes":""},"categories":[1],"tags":[],"class_list":["post-19903","post","type-post","status-publish","format-standard","has-post-thumbnail","hentry","category-news"],"_links":{"self":[{"href":"https:\/\/agromt.news\/index.php?rest_route=\/wp\/v2\/posts\/19903"}],"collection":[{"href":"https:\/\/agromt.news\/index.php?rest_route=\/wp\/v2\/posts"}],"about":[{"href":"https:\/\/agromt.news\/index.php?rest_route=\/wp\/v2\/types\/post"}],"author":[{"embeddable":true,"href":"https:\/\/agromt.news\/index.php?rest_route=\/wp\/v2\/users\/1"}],"replies":[{"embeddable":true,"href":"https:\/\/agromt.news\/index.php?rest_route=%2Fwp%2Fv2%2Fcomments&post=19903"}],"version-history":[{"count":0,"href":"https:\/\/agromt.news\/index.php?rest_route=\/wp\/v2\/posts\/19903\/revisions"}],"wp:featuredmedia":[{"embeddable":true,"href":"https:\/\/agromt.news\/index.php?rest_route=\/wp\/v2\/media\/19904"}],"wp:attachment":[{"href":"https:\/\/agromt.news\/index.php?rest_route=%2Fwp%2Fv2%2Fmedia&parent=19903"}],"wp:term":[{"taxonomy":"category","embeddable":true,"href":"https:\/\/agromt.news\/index.php?rest_route=%2Fwp%2Fv2%2Fcategories&post=19903"},{"taxonomy":"post_tag","embeddable":true,"href":"https:\/\/agromt.news\/index.php?rest_route=%2Fwp%2Fv2%2Ftags&post=19903"}],"curies":[{"name":"wp","href":"https:\/\/api.w.org\/{rel}","templated":true}]}}