{"id":19896,"date":"2025-09-09T08:05:30","date_gmt":"2025-09-09T12:05:30","guid":{"rendered":"https:\/\/agromt.news\/?p=19896"},"modified":"2025-09-09T08:05:30","modified_gmt":"2025-09-09T12:05:30","slug":"vinho-artesanal-homenageia-legado-familiar-e-fortalece-turismo-regional","status":"publish","type":"post","link":"https:\/\/agromt.news\/?p=19896","title":{"rendered":"Vinho artesanal homenageia legado familiar e fortalece turismo regional"},"content":{"rendered":"<p> <br \/>\n<br \/><img decoding=\"async\" src=\"https:\/\/agromt.news\/wp-content\/uploads\/2025\/09\/Vinho-artesanal-homenageia-legado-familiar-e-fortalece-turismo-regional.jpg\" \/><\/p>\n<div>\n<p>Produzir vinho vai muito al\u00e9m de t\u00e9cnica e cultivo de uvas. Para a Vila Serra, localizada na regi\u00e3o da Serra dos Pireneus (GO), cada garrafa \u00e9 carregada de significado, mem\u00f3ria e afeto. Foi assim que nasceu o vinho Eli, elaborado a partir da variedade Syrah, como forma de homenagear o patriarca da fam\u00edlia.<\/p>\n<p>\u201cOptamos por colocar o nome do nosso pai, Eli, em homenagem a ele. Hoje a gente s\u00f3 existe a Vila Serra, s\u00f3 existe o parreiral, porque ele deixou esse legado, deixou esse terreno e essa vontade de empreender\u201d, afirma Maiara, uma das respons\u00e1veis pela vin\u00edcola.<\/p>\n<p>O r\u00f3tulo ganhou ainda mais autenticidade por carregar a assinatura e um desenho deixado pelo pr\u00f3prio Eli, eternizando sua presen\u00e7a na hist\u00f3ria da fam\u00edlia. \u201cCada vinho conta uma hist\u00f3ria. E a gente decidiu contar a nossa tamb\u00e9m\u201d, completa Maiara.<\/p>\n<ul class=\"wp-block-list\">\n<li><em>Participe do Porteira Aberta Empreender: envie perguntas, sugest\u00f5es e conte sua hist\u00f3ria de empreendedorismo pelo <\/em><a href=\"https:\/\/api.whatsapp.com\/send?phone=5511932796720&amp;PorteiraAbertaEmpreender=SuaMensagem\"><strong>WhatsApp<\/strong><\/a><\/li>\n<\/ul>\n<h2 class=\"wp-block-heading has-medium-font-size\" id=\"h-tradicao-empreendedora-que-atravessa-geracoes\">Tradi\u00e7\u00e3o empreendedora que atravessa gera\u00e7\u00f5es<\/h2>\n<p>A for\u00e7a para empreender n\u00e3o surgiu do acaso. Para a irm\u00e3 Marcela, a origem dessa voca\u00e7\u00e3o vem desde cedo:<\/p>\n<blockquote class=\"wp-block-quote is-layout-flow wp-block-quote-is-layout-flow\">\n<p>\u201cMeu pai sempre nos treinou para isso, sabe? Para, na falta dele, eu e meus irm\u00e3os darmos continuidade em tudo que ele conquistou. Somos formadas em \u00e1reas diferentes, mas essa veia empreendedora falou mais alto.\u201d<\/p>\n<\/blockquote>\n<\/div>\n<div>\n<p>Essa transi\u00e7\u00e3o para o agroneg\u00f3cio se consolidou com a cria\u00e7\u00e3o do Parreiral Olho, que hoje divide a produ\u00e7\u00e3o entre uvas de mesa e a Syrah destinada ao vinho.<\/p>\n<h2 class=\"wp-block-heading has-medium-font-size\" id=\"h-apoio-do-sebrae-e-a-rota-dos-pireneus\">Apoio do Sebrae e a Rota dos Pireneus<\/h2>\n<p>O surgimento da <a href=\"https:\/\/www.canalrural.com.br\/empreendedorismo\/rota-dos-pireneus-conecta-turismo-rural-e-producao-artesanal\/?_thumbnail_id=4117047\">Rota dos Pireneus<\/a> de Queijos e Vinhos foi um marco na trajet\u00f3ria da fam\u00edlia. A iniciativa, estruturada com apoio do <a href=\"https:\/\/sebrae.com.br\/sites\/PortalSebrae\/ufs\/go?codUf=10\">Sebrae<\/a>, impulsionou produtores locais a unirem for\u00e7as em torno do turismo, da gastronomia e do fortalecimento da economia regional.<\/p>\n<blockquote class=\"wp-block-quote is-layout-flow wp-block-quote-is-layout-flow\">\n<p>\u201cO Sebrae \u00e9 um dos nossos maiores incentivadores. Com o apoio deles, mudamos nossa forma de ver processos e conseguimos estruturar essa experi\u00eancia para o visitante\u201d, destaca Marcela.<\/p>\n<\/blockquote>\n<p>Hoje, al\u00e9m da produ\u00e7\u00e3o de vinhos, a Vila Serra tamb\u00e9m recebe turistas que buscam vivenciar a cultura e os sabores da Serra dos Pireneus. O resultado \u00e9 um neg\u00f3cio que alia legado familiar, empreendedorismo feminino e desenvolvimento regional.<\/p>\n<\/p><\/div>\n<p><br \/>\n<br \/><a href=\"https:\/\/www.canalrural.com.br\/empreendedorismo\/vinho-artesanal-homenageia-legado-familiar-e-fortalece-turismo-regional\/\">Source link <\/a><\/p>\n","protected":false},"excerpt":{"rendered":"<p>Produzir vinho vai muito al\u00e9m de t\u00e9cnica e cultivo de uvas. Para a Vila Serra, localizada na regi\u00e3o da Serra<\/p>\n","protected":false},"author":1,"featured_media":19897,"comment_status":"open","ping_status":"open","sticky":false,"template":"","format":"standard","meta":{"_monsterinsights_skip_tracking":false,"_monsterinsights_sitenote_active":false,"_monsterinsights_sitenote_note":"","_monsterinsights_sitenote_category":0,"_uf_show_specific_survey":0,"_uf_disable_surveys":false,"footnotes":""},"categories":[1],"tags":[],"class_list":["post-19896","post","type-post","status-publish","format-standard","has-post-thumbnail","hentry","category-news"],"_links":{"self":[{"href":"https:\/\/agromt.news\/index.php?rest_route=\/wp\/v2\/posts\/19896"}],"collection":[{"href":"https:\/\/agromt.news\/index.php?rest_route=\/wp\/v2\/posts"}],"about":[{"href":"https:\/\/agromt.news\/index.php?rest_route=\/wp\/v2\/types\/post"}],"author":[{"embeddable":true,"href":"https:\/\/agromt.news\/index.php?rest_route=\/wp\/v2\/users\/1"}],"replies":[{"embeddable":true,"href":"https:\/\/agromt.news\/index.php?rest_route=%2Fwp%2Fv2%2Fcomments&post=19896"}],"version-history":[{"count":0,"href":"https:\/\/agromt.news\/index.php?rest_route=\/wp\/v2\/posts\/19896\/revisions"}],"wp:featuredmedia":[{"embeddable":true,"href":"https:\/\/agromt.news\/index.php?rest_route=\/wp\/v2\/media\/19897"}],"wp:attachment":[{"href":"https:\/\/agromt.news\/index.php?rest_route=%2Fwp%2Fv2%2Fmedia&parent=19896"}],"wp:term":[{"taxonomy":"category","embeddable":true,"href":"https:\/\/agromt.news\/index.php?rest_route=%2Fwp%2Fv2%2Fcategories&post=19896"},{"taxonomy":"post_tag","embeddable":true,"href":"https:\/\/agromt.news\/index.php?rest_route=%2Fwp%2Fv2%2Ftags&post=19896"}],"curies":[{"name":"wp","href":"https:\/\/api.w.org\/{rel}","templated":true}]}}