{"id":19893,"date":"2025-09-09T04:09:46","date_gmt":"2025-09-09T08:09:46","guid":{"rendered":"https:\/\/agromt.news\/?p=19893"},"modified":"2025-09-09T04:09:46","modified_gmt":"2025-09-09T08:09:46","slug":"conab-promove-leiloes-de-apoio-a-produtores-de-feijao","status":"publish","type":"post","link":"https:\/\/agromt.news\/?p=19893","title":{"rendered":"Conab promove leil\u00f5es de apoio a produtores de feij\u00e3o"},"content":{"rendered":"<p> <br \/>\n<\/p>\n<div>\n<p style=\"text-align:justify\"><span><span>As primeiras a\u00e7\u00f5es de apoio aos produtores de <\/span><\/span><a href=\"https:\/\/www.agrolink.com.br\/culturas\/feijao\/?utm_source=agrolink-detalhe-noticia&amp;utm_medium=detalhe-noticia&amp;utm_campaign=links-internos\" target=\"_blank\" rel=\"noopener\"><span><span>feij\u00e3o<\/span><\/span><\/a><span><span> do Paran\u00e1, Rio Grande do Sul e Santa Catarina est\u00e3o programadas para esta quarta e quinta-feira (10 e 11), a partir das 9h (hor\u00e1rio de Bras\u00edlia). Segundo a Companhia Nacional de Abastecimento (Conab), os leil\u00f5es ser\u00e3o realizados na modalidade \u201ccartela\u201d, por meio do Sistema de Comercializa\u00e7\u00e3o Eletr\u00f4nica (Siscoe), com interliga\u00e7\u00e3o \u00e0s Bolsas de Cereais, de Mercadorias e de Futuros.<\/span><\/span>&#13;\n<\/p>\n<p style=\"text-align:justify\"><span><span><span><span>A Conab informou que ser\u00e3o oferecidas 16,2 mil toneladas no Pr\u00eamio Equalizador Pago ao Produtor Rural (Pepro) e outras 16,2 mil toneladas no Pr\u00eamio para Escoamento de Produto (PEP), totalizando 32,4 mil toneladas de feij\u00e3o.<\/span><\/span><\/span><\/span><\/p>\n<p style=\"text-align:justify\"><span><span><span><span>Na quarta-feira (10), as opera\u00e7\u00f5es ter\u00e3o foco na agricultura familiar. Est\u00e3o previstas 6,48 mil toneladas de pepro de feij\u00e3o-preto externas exclusivamente a agricultores familiares e cooperativas da regi\u00e3o Sul. Para ter acesso ao benef\u00edcio, ser\u00e1 necess\u00e1rio comprovar a produ\u00e7\u00e3o e a venda do gr\u00e3o para ind\u00fastrias de beneficiamento ou comerciantes de fora da regi\u00e3o de origem.<\/span><\/span><\/span><\/span><\/p>\n<p style=\"text-align:justify\"><span><span><span><span>No mesmo dia, haver\u00e1 oferta de 6,48 mil toneladas de PEP para ind\u00fastrias e comerciantes do Paran\u00e1, Santa Catarina e Rio Grande do Sul. Nessa modalidade, os participantes dever\u00e3o comprovar a compra de feij\u00e3o-preto in natura diretamente de agricultores familiares ou por meio de suas cooperativas, pelo pre\u00e7o m\u00ednimo estabelecido, al\u00e9m do posterior escoamento do produto.<\/span><\/span><\/span><\/span>&#13;\n<\/p>\n<p style=\"text-align:justify\"><span><span><span><span>Na quinta-feira (11), o leil\u00e3o Pepro abrir\u00e1 uma ampla concorr\u00eancia familiar, permitindo a participa\u00e7\u00e3o de produtores, cooperativas e agricultores. O mesmo formato ser\u00e1 adotado no PEP, com a exig\u00eancia de comprova\u00e7\u00e3o da compra do gr\u00e3o in natura de agricultores, tamb\u00e9m pelo pre\u00e7o m\u00ednimo, e do escoamento.<\/span><\/span><\/span><\/span><\/p>\n<p style=\"text-align:justify\"><span><span><span><span>O limite por produtor \u00e9 de 8,4 toneladas de feij\u00e3o. Caso o agricultor participe tanto do Pepro quanto do PEP, o volume n\u00e3o poder\u00e1 ser excedido. Para habilit\u00e1-lo, os interessados ??dever\u00e3o estar inscritos em uma Bolsa de Mercadorias e regularmente no Sistema de Cadastro Nacional de Produtores Rurais (Sican), no Sistema de Cadastramento Unificado de Fornecedores (Sicaf) e no Cadastro Informativo de Cr\u00e9ditos n\u00e3o Quitados do Setor P\u00fablico Federal (Cadin), entre outros requisitos previstos em edital. <\/span><\/span><\/span><\/span><span><span><span><span>???????<\/span><\/span><\/span><\/span>&#13;\n<\/p>\n<p style=\"text-align:justify\"><span><span><span><span>A iniciativa foi autorizada pela Portaria Interministerial n.\u00ba 24\/2025, publicada em 25 de agosto, que estabelece recursos de at\u00e9 R$ 21,7 milh\u00f5es para o escoamento das 32,4 mil toneladas da safra 2024\/25 para fora dos estados de origem.<\/span><\/span><\/span><\/span><\/p>\n<p style=\"text-align:justify\"><span><span><span><span>De acordo com a Conab, os leil\u00f5es p\u00fablicos vinculados \u00e0 Pol\u00edtica de Garantia de Pre\u00e7os M\u00ednimos (PGPM) s\u00e3o \u201cferramentas importantes para reduzir oscila\u00e7\u00f5es na renda dos produtores e garantir uma remunera\u00e7\u00e3o m\u00ednima, funcionando como balizadores da oferta, incentivando ou desestimulando a produ\u00e7\u00e3o e garantindo a regularidade do abastecimento nacional\u201d.<\/span><\/span><\/span><\/span><\/p>\n<\/p><\/div>\n<p><script data-cfasync=\"false\">\n    !function (f, b, e, v, n, t, s) {\n        if (f.fbq) return; n = f.fbq = function () {\n            n.callMethod ?\n                n.callMethod.apply(n, arguments) : n.queue.push(arguments)\n        };\n        if (!f._fbq) f._fbq = n; n.push = n; n.loaded = !0; n.version = '2.0';\n        n.queue = []; t = b.createElement(e); t.async = !0;\n        t.src = v; s = b.getElementsByTagName(e)[0];\n        s.parentNode.insertBefore(t, s)\n    }(window, document, 'script',\n        'https:\/\/connect.facebook.net\/en_US\/fbevents.js');\n    fbq('init', '522546078623747');\n    fbq('track', 'PageView');\n<\/script><br \/>\n<br \/><br \/>\n<br \/><a href=\"https:\/\/www.agrolink.com.br\/noticias\/-_505784.html\">Source link <\/a><\/p>\n","protected":false},"excerpt":{"rendered":"<p>As primeiras a\u00e7\u00f5es de apoio aos produtores de feij\u00e3o do Paran\u00e1, Rio Grande do Sul e Santa Catarina est\u00e3o programadas<\/p>\n","protected":false},"author":1,"featured_media":11542,"comment_status":"open","ping_status":"open","sticky":false,"template":"","format":"standard","meta":{"_monsterinsights_skip_tracking":false,"_monsterinsights_sitenote_active":false,"_monsterinsights_sitenote_note":"","_monsterinsights_sitenote_category":0,"_uf_show_specific_survey":0,"_uf_disable_surveys":false,"footnotes":""},"categories":[8,1,14],"tags":[],"class_list":["post-19893","post","type-post","status-publish","format-standard","has-post-thumbnail","hentry","category-agro","category-news","category-politica-agro"],"_links":{"self":[{"href":"https:\/\/agromt.news\/index.php?rest_route=\/wp\/v2\/posts\/19893"}],"collection":[{"href":"https:\/\/agromt.news\/index.php?rest_route=\/wp\/v2\/posts"}],"about":[{"href":"https:\/\/agromt.news\/index.php?rest_route=\/wp\/v2\/types\/post"}],"author":[{"embeddable":true,"href":"https:\/\/agromt.news\/index.php?rest_route=\/wp\/v2\/users\/1"}],"replies":[{"embeddable":true,"href":"https:\/\/agromt.news\/index.php?rest_route=%2Fwp%2Fv2%2Fcomments&post=19893"}],"version-history":[{"count":0,"href":"https:\/\/agromt.news\/index.php?rest_route=\/wp\/v2\/posts\/19893\/revisions"}],"wp:featuredmedia":[{"embeddable":true,"href":"https:\/\/agromt.news\/index.php?rest_route=\/wp\/v2\/media\/11542"}],"wp:attachment":[{"href":"https:\/\/agromt.news\/index.php?rest_route=%2Fwp%2Fv2%2Fmedia&parent=19893"}],"wp:term":[{"taxonomy":"category","embeddable":true,"href":"https:\/\/agromt.news\/index.php?rest_route=%2Fwp%2Fv2%2Fcategories&post=19893"},{"taxonomy":"post_tag","embeddable":true,"href":"https:\/\/agromt.news\/index.php?rest_route=%2Fwp%2Fv2%2Ftags&post=19893"}],"curies":[{"name":"wp","href":"https:\/\/api.w.org\/{rel}","templated":true}]}}