{"id":19892,"date":"2025-09-09T02:14:17","date_gmt":"2025-09-09T06:14:17","guid":{"rendered":"https:\/\/agromt.news\/?p=19892"},"modified":"2025-09-09T02:14:17","modified_gmt":"2025-09-09T06:14:17","slug":"produtores-de-trigo-intensificam-controle-de-doencas","status":"publish","type":"post","link":"https:\/\/agromt.news\/?p=19892","title":{"rendered":"Produtores de trigo intensificam controle de doen\u00e7as"},"content":{"rendered":"<p> <br \/>\n<\/p>\n<div>\n<p style=\"text-align:justify\">De acordo com o Informativo Conjuntural divulgado pela Emater\/RS-Ascar na quinta-feira (4), a safra de <a href=\"https:\/\/www.agrolink.com.br\/culturas\/trigo\/?utm_source=agrolink-detalhe-noticia&amp;utm_medium=detalhe-noticia&amp;utm_campaign=links-internos\" target=\"_blank\" rel=\"noopener\">trigo<\/a> no Rio Grande do Sul apresenta bom desenvolvimento e condi\u00e7\u00f5es fitossanit\u00e1rias adequadas. A altern\u00e2ncia entre per\u00edodos chuvosos e secos tem favorecido o perfilhamento, os alongamentos de colmos e o in\u00edcio das fases reprodutivas.&#13;\n<\/p>\n<p style=\"text-align:justify\"><span><span>Segundo o boletim, 70% dos trabalhadores est\u00e3o em fase vegetativa, 20% em combust\u00edvel e 10% em enchimento de gr\u00e3os. Nas \u00e1reas em fase reprodutiva, a aten\u00e7\u00e3o dos produtores est\u00e1 voltada para a preven\u00e7\u00e3o de doen\u00e7as foliares e da giberela. \u201cO cen\u00e1rio estadual permanece dentro da normalidade, e h\u00e1 perspectivas positivas de produtividade, caso as condi\u00e7\u00f5es clim\u00e1ticas sigam desenvolvidas ao longo do per\u00edodo cr\u00edtico de escassez e abastecimento de gr\u00e3os\u201d, informou a Emater\/RS-Ascar.<\/span><\/span><\/p>\n<p style=\"text-align:justify\"><span><span>A \u00e1rea de cultivo no Estado est\u00e1 projetada em 1.198.276 hectares, com estimativa de produtividade de 2.997 quilos por hectare. As aplica\u00e7\u00f5es preventivas de fungicidas foram priorizadas, especialmente diante da previs\u00e3o de chuvas no in\u00edcio de setembro.<\/span><\/span><\/p>\n<p style=\"text-align:justify\"><span><span>Na regi\u00e3o de Bag\u00e9, as lavouras apresentam recupera\u00e7\u00e3o ap\u00f3s os excessos de chuva em junho e se encontram em planos de emborrachamento, espigamento, abastecimento e enchimento de gr\u00e3os nas \u00e1reas mais adiantadas. Na Campanha, o tempo seco melhorou a colora\u00e7\u00e3o e o vigor vegetativo das plantas.<\/span><\/span>&#13;\n<\/p>\n<p style=\"text-align:justify\"><span><span>Em Caxias do Sul, a aduba\u00e7\u00e3o de cobertura foi praticamente conclu\u00edda, mas ventos intensos dificultaram pulveriza\u00e7\u00f5es nos Campos de Cima da Serra. Em Frederico Westphalen, a aduba\u00e7\u00e3o nitrogenada refletiu em trabalhos vigorosos, com 85% das \u00e1reas em fase vegetativa e 15% em ac\u00fastica.<\/span><\/span><\/p>\n<p style=\"text-align:justify\"><span><span>Na regi\u00e3o de Iju\u00ed, mais de 80% das atividades est\u00e3o em est\u00e1gios finais de desenvolvimento vegetativo, com fitossanidade considerada adequada. Em Passo Fundo predominam as fases de afilamento e alongamentos, com opera\u00e7\u00f5es de aduba\u00e7\u00e3o e controle de invasoras j\u00e1 conclu\u00eddas.<\/span><\/span><\/p>\n<p style=\"text-align:justify\"><span><span>Na regi\u00e3o de Pelotas, 56% das \u00e1reas est\u00e3o em fase vegetativa, 34% em combust\u00edvel e 10% em enchimento de gr\u00e3os. Chuvas intensas ainda mant\u00eam \u00e1reas encharcadas, o que levou produtores a exigirem o uso de drones para pulveriza\u00e7\u00f5es.<\/span><\/span><\/p>\n<p style=\"text-align:justify\"><span><span>Em Santa Rosa, 67% dos trabalhadores est\u00e3o em desenvolvimento vegetativo, 26% em enferrujado e 7% em enchimento de gr\u00e3os, com boa disponibilidade h\u00eddrica e baixa press\u00e3o de doen\u00e7as. J\u00e1 em Soledade, \u00e1reas afetadas pela eros\u00e3o h\u00eddrica apresentam defici\u00eancia nutricional, mas a cultura segue em evolu\u00e7\u00e3o, com 50% das atividades em perfilhamento, 45% em alongamento e 5% em espigamen<\/span><\/span><span><span>para e competir.<\/span><\/span>&#13;\n<\/p>\n<\/p><\/div>\n<p><script data-cfasync=\"false\">\n    !function (f, b, e, v, n, t, s) {\n        if (f.fbq) return; n = f.fbq = function () {\n            n.callMethod ?\n                n.callMethod.apply(n, arguments) : n.queue.push(arguments)\n        };\n        if (!f._fbq) f._fbq = n; n.push = n; n.loaded = !0; n.version = '2.0';\n        n.queue = []; t = b.createElement(e); t.async = !0;\n        t.src = v; s = b.getElementsByTagName(e)[0];\n        s.parentNode.insertBefore(t, s)\n    }(window, document, 'script',\n        'https:\/\/connect.facebook.net\/en_US\/fbevents.js');\n    fbq('init', '522546078623747');\n    fbq('track', 'PageView');\n<\/script><br \/>\n<br \/><br \/>\n<br \/><a href=\"https:\/\/www.agrolink.com.br\/noticias\/produtores-de-trigo-intensificam-controle-de-doencas_505785.html\">Source link <\/a><\/p>\n","protected":false},"excerpt":{"rendered":"<p>De acordo com o Informativo Conjuntural divulgado pela Emater\/RS-Ascar na quinta-feira (4), a safra de trigo no Rio Grande do<\/p>\n","protected":false},"author":1,"featured_media":1552,"comment_status":"open","ping_status":"open","sticky":false,"template":"","format":"standard","meta":{"_monsterinsights_skip_tracking":false,"_monsterinsights_sitenote_active":false,"_monsterinsights_sitenote_note":"","_monsterinsights_sitenote_category":0,"_uf_show_specific_survey":0,"_uf_disable_surveys":false,"footnotes":""},"categories":[8,1,14],"tags":[],"class_list":["post-19892","post","type-post","status-publish","format-standard","has-post-thumbnail","hentry","category-agro","category-news","category-politica-agro"],"_links":{"self":[{"href":"https:\/\/agromt.news\/index.php?rest_route=\/wp\/v2\/posts\/19892"}],"collection":[{"href":"https:\/\/agromt.news\/index.php?rest_route=\/wp\/v2\/posts"}],"about":[{"href":"https:\/\/agromt.news\/index.php?rest_route=\/wp\/v2\/types\/post"}],"author":[{"embeddable":true,"href":"https:\/\/agromt.news\/index.php?rest_route=\/wp\/v2\/users\/1"}],"replies":[{"embeddable":true,"href":"https:\/\/agromt.news\/index.php?rest_route=%2Fwp%2Fv2%2Fcomments&post=19892"}],"version-history":[{"count":0,"href":"https:\/\/agromt.news\/index.php?rest_route=\/wp\/v2\/posts\/19892\/revisions"}],"wp:featuredmedia":[{"embeddable":true,"href":"https:\/\/agromt.news\/index.php?rest_route=\/wp\/v2\/media\/1552"}],"wp:attachment":[{"href":"https:\/\/agromt.news\/index.php?rest_route=%2Fwp%2Fv2%2Fmedia&parent=19892"}],"wp:term":[{"taxonomy":"category","embeddable":true,"href":"https:\/\/agromt.news\/index.php?rest_route=%2Fwp%2Fv2%2Fcategories&post=19892"},{"taxonomy":"post_tag","embeddable":true,"href":"https:\/\/agromt.news\/index.php?rest_route=%2Fwp%2Fv2%2Ftags&post=19892"}],"curies":[{"name":"wp","href":"https:\/\/api.w.org\/{rel}","templated":true}]}}