{"id":19889,"date":"2025-09-08T21:26:36","date_gmt":"2025-09-09T01:26:36","guid":{"rendered":"https:\/\/agromt.news\/?p=19889"},"modified":"2025-09-08T21:26:36","modified_gmt":"2025-09-09T01:26:36","slug":"setor-comemora-decreto-que-impulsiona-biometano-e-garante-rastreabilidade-da-producao","status":"publish","type":"post","link":"https:\/\/agromt.news\/?p=19889","title":{"rendered":"Setor comemora decreto que impulsiona biometano e garante rastreabilidade da produ\u00e7\u00e3o"},"content":{"rendered":"<p> <br \/>\n<br \/><img decoding=\"async\" src=\"https:\/\/agromt.news\/wp-content\/uploads\/2025\/09\/Setor-comemora-decreto-que-impulsiona-biometano-e-garante-rastreabilidade-da.jpg\" \/><\/p>\n<div>\n<p>A publica\u00e7\u00e3o do decreto n\u00ba 12.614, que regulamenta o Programa Nacional de Descarboniza\u00e7\u00e3o do Produtor e Importador de G\u00e1s Natural e de Incentivo ao Biometano, conforme estabelecido na Lei n\u00ba 14.993\/2024, que institui o marco legal do programa Combust\u00edvel do Futuro, foi comemorada pelo setor.  <\/p>\n<p>A Bioenergia Brasil e a Uni\u00e3o da Ind\u00fastria de Cana-de-A\u00e7\u00facar e Bioenergia <strong><a href=\"https:\/\/www.canalrural.com.br\/tag\/unica\/\">(Unica)<\/a><\/strong> divulgaram nota parabenizando o governo federal e, em especial, o Minist\u00e9rio de Minas e Energia.<\/p>\n<p>\u201cA iniciativa representa um avan\u00e7o regulat\u00f3rio fundamental, consolidando o Brasil na vanguarda da transi\u00e7\u00e3o energ\u00e9tica global ao estabelecer metas obrigat\u00f3rias de descarboniza\u00e7\u00e3o para o segmento de g\u00e1s natural, com \u00eanfase no uso progressivo do biometano\u201d, destacam. <\/p>\n<h2 class=\"wp-block-heading\" id=\"h-rastreabilidade-da-cadeia-produtiva\">Rastreabilidade da cadeia produtiva<\/h2>\n<p>O decreto garantir\u00e1 a institui\u00e7\u00e3o do Certificado de Garantia de Origem do Biometano (CGOB), instrumento para assegurar a rastreabilidade da cadeia produtiva, viabilizar o cumprimento das metas de redu\u00e7\u00e3o de emiss\u00f5es e, ainda, permitir iniciativas volunt\u00e1rias de descarboniza\u00e7\u00e3o por parte de empresas comprometidas com pr\u00e1ticas sustent\u00e1veis.<\/p>\n<p>\u201cO setor sucroenerg\u00e9tico brasileiro, detentor do maior potencial de produ\u00e7\u00e3o de biometano a partir de subprodutos agroindustriais como a vinha\u00e7a e a torta de filtro, reitera seu papel estrat\u00e9gico na promo\u00e7\u00e3o de economia circular, com gera\u00e7\u00e3o de empregos, atra\u00e7\u00e3o de investimentos e aumento da competitividade nacional\u201d, ressaltam as entidades. <\/p>\n<\/div>\n<div>\n<p>De acordo com a nota, a utiliza\u00e7\u00e3o do biometano n\u00e3o apenas refor\u00e7a os compromissos ambientais assumidos pelo Brasil, como tamb\u00e9m contribui de forma direta para a redu\u00e7\u00e3o das emiss\u00f5es de gases de efeito estufa no setor energ\u00e9tico e em outras \u00e1reas da economia brasileira.<\/p>\n<p>\u201cA regulamenta\u00e7\u00e3o e o in\u00edcio do programa, legalmente previsto para come\u00e7ar em 2026, constituem marco relevante na consolida\u00e7\u00e3o de uma matriz energ\u00e9tica diversificada, resiliente e de baixo carbono, refor\u00e7ando o protagonismo brasileiro no desenvolvimento de solu\u00e7\u00f5es sustent\u00e1veis com base em bioenergia avan\u00e7ada\u201d.<\/p>\n<p>O deputado federal e presidente da Comiss\u00e3o Especial da Transi\u00e7\u00e3o Energ\u00e9tica da C\u00e2mara dos Deputados, Arnaldo Jardim, ressaltou que ampliar a participa\u00e7\u00e3o do biometano na matriz energ\u00e9tica brasileira contribuir\u00e1 significativamente para o atendimento de compromissos assumidos em acordos internacionais sobre o clima. <\/p>\n<p>\u201cO biometano \u00e9 uma energia limpa, renov\u00e1vel, que transforma passivos ambientais, como res\u00edduos s\u00f3lidos urbanos e agroindustriais, em riqueza e desenvolvimento para o pa\u00eds\u201d, disse.<\/p>\n<p>Para ele, o biometano ajudar\u00e1 o Brasil a se consolidar como protagonista da nova economia, demonstrando que \u00e9 poss\u00edvel unir agroneg\u00f3cio, prote\u00e7\u00e3o ambiental e inova\u00e7\u00e3o e acelerar ainda mais a transi\u00e7\u00e3o para um modelo de menos impacto ambiental.<\/p>\n<\/p><\/div>\n<p><br \/>\n<br \/><a href=\"https:\/\/www.canalrural.com.br\/agricultura\/setor-comemora-decreto-que-impulsiona-biometano-e-garante-rastreabilidade-da-producao\/\">Source link <\/a><\/p>\n","protected":false},"excerpt":{"rendered":"<p>A publica\u00e7\u00e3o do decreto n\u00ba 12.614, que regulamenta o Programa Nacional de Descarboniza\u00e7\u00e3o do Produtor e Importador de G\u00e1s Natural<\/p>\n","protected":false},"author":1,"featured_media":19890,"comment_status":"open","ping_status":"open","sticky":false,"template":"","format":"standard","meta":{"_monsterinsights_skip_tracking":false,"_monsterinsights_sitenote_active":false,"_monsterinsights_sitenote_note":"","_monsterinsights_sitenote_category":0,"_uf_show_specific_survey":0,"_uf_disable_surveys":false,"footnotes":""},"categories":[1],"tags":[],"class_list":["post-19889","post","type-post","status-publish","format-standard","has-post-thumbnail","hentry","category-news"],"_links":{"self":[{"href":"https:\/\/agromt.news\/index.php?rest_route=\/wp\/v2\/posts\/19889"}],"collection":[{"href":"https:\/\/agromt.news\/index.php?rest_route=\/wp\/v2\/posts"}],"about":[{"href":"https:\/\/agromt.news\/index.php?rest_route=\/wp\/v2\/types\/post"}],"author":[{"embeddable":true,"href":"https:\/\/agromt.news\/index.php?rest_route=\/wp\/v2\/users\/1"}],"replies":[{"embeddable":true,"href":"https:\/\/agromt.news\/index.php?rest_route=%2Fwp%2Fv2%2Fcomments&post=19889"}],"version-history":[{"count":0,"href":"https:\/\/agromt.news\/index.php?rest_route=\/wp\/v2\/posts\/19889\/revisions"}],"wp:featuredmedia":[{"embeddable":true,"href":"https:\/\/agromt.news\/index.php?rest_route=\/wp\/v2\/media\/19890"}],"wp:attachment":[{"href":"https:\/\/agromt.news\/index.php?rest_route=%2Fwp%2Fv2%2Fmedia&parent=19889"}],"wp:term":[{"taxonomy":"category","embeddable":true,"href":"https:\/\/agromt.news\/index.php?rest_route=%2Fwp%2Fv2%2Fcategories&post=19889"},{"taxonomy":"post_tag","embeddable":true,"href":"https:\/\/agromt.news\/index.php?rest_route=%2Fwp%2Fv2%2Ftags&post=19889"}],"curies":[{"name":"wp","href":"https:\/\/api.w.org\/{rel}","templated":true}]}}