{"id":19886,"date":"2025-09-08T20:56:51","date_gmt":"2025-09-09T00:56:51","guid":{"rendered":"https:\/\/agromt.news\/?p=19886"},"modified":"2025-09-08T20:56:51","modified_gmt":"2025-09-09T00:56:51","slug":"mst-bloqueia-rodovia-para-cobrar-desapropriacao-de-duas-fazendas","status":"publish","type":"post","link":"https:\/\/agromt.news\/?p=19886","title":{"rendered":"MST bloqueia rodovia para cobrar desapropria\u00e7\u00e3o de duas fazendas"},"content":{"rendered":"<p> <br \/>\n<br \/><img decoding=\"async\" src=\"https:\/\/agromt.news\/wp-content\/uploads\/2025\/09\/MST-bloqueia-rodovia-para-cobrar-desapropriacao-de-duas-fazendas.jpg\" \/><\/p>\n<div>\n<p>Um grupo de cerca de mil pessoas do Movimento dos Trabalhadores Rurais Sem Terra (MST) bloqueou, nesta segunda-feira (8), um trecho da rodovia TO-404, em Araguatins, cidade do norte do Tocantins, a cerca de 600 quil\u00f4metros da capital do estado.<\/p>\n<p>Segundo o movimento, as pessoas no ato 2013 vivem no Acampamento Carlos Marighella desde 2013, montado \u00e0s margens da rodovia, participaram do protesto.<\/p>\n<p>O objetivo do ato era pressionar o Instituto Nacional de Coloniza\u00e7\u00e3o e Reforma Agr\u00e1ria <strong><a href=\"https:\/\/www.canalrural.com.br\/tag\/incra\/\">(Incra)<\/a><\/strong> a desapropriar duas propriedades rurais na regi\u00e3o conhecida como Bico do Papagaio e destinar a \u00e1rea ao Programa Nacional de Reforma Agr\u00e1ria.<\/p>\n<p>Portando bandeiras da organiza\u00e7\u00e3o, cabos e enxadas, os sem-terra atravessaram pneus, troncos e galhos de \u00e1rvores ao longo da rodovia, interrompendo o tr\u00e2nsito de ve\u00edculos entre as cidades de Araguatins e Augustin\u00f3polis, ambas no Tocantins, das 5 horas da manh\u00e3 at\u00e9 por volta do meio-dia.<\/p>\n<p>O bloqueio s\u00f3 foi encerrado ap\u00f3s representantes da superintend\u00eancia estadual do Incra garantirem que se reunir\u00e3o com as fam\u00edlias para discutir as reivindica\u00e7\u00f5es do grupo. O pr\u00f3prio instituto confirmou que o superintendente, Edmundo Rodrigues; o conciliador agr\u00e1rio regional, Geraldino Gustavo, e o chefe da Diretoria de Obten\u00e7\u00e3o de Terras, Hilton Faria, se reunir\u00e3o com o MST nesta ter\u00e7a-feira (9).<\/p>\n<h2 class=\"wp-block-heading\" id=\"h-desapropriacao-de-fazendas\">Desapropria\u00e7\u00e3o de fazendas<\/h2>\n<p>O movimento afirma que a diretoria do Incra descumpriu os acordos de vistoriar as duas propriedades rurais em disputa: as fazendas \u00c1gua Amarela e Santa Hil\u00e1rio, ambas em Araguatins. <\/p>\n<\/div>\n<div>\n<p>Ainda de acordo com o grupo, os dois im\u00f3veis est\u00e3o em \u00e1reas p\u00fablicas e, por isso, o t\u00edtulo de propriedade da primeira (de 951,7 hectares) j\u00e1 foi cancelado e, contra a segunda, pesa uma decis\u00e3o do Supremo Tribunal Federal (STF), que teria validado o processo de desapropria\u00e7\u00e3o.<\/p>\n<p>\u201cApesar da clareza legal, as fam\u00edlias [sem-terra] denunciam o adiamento cont\u00ednuo das vistorias, al\u00e9m de um aumento preocupante da viol\u00eancia no local, com carros passando e disparando contra o o acampamento e barracos sendo incendiados\u201d, sustenta o MST.<\/p>\n<p>A superintend\u00eancia do Incra em Tocantins informou, em nota, que vem trabalhando para dar conta das demandas do Programa Nacional de Reforma Agr\u00e1ria, \u201cparalisado nas \u00faltimas gest\u00f5es\u201d.<\/p>\n<p>\u201cAs demandas apresentadas pelas fam\u00edlias [do Acampamento Carlos Marighella] j\u00e1 foram tratadas em reuni\u00e3o ocorrida na superintend\u00eancia, no m\u00eas de agosto\u201d, acrescentou o instituto, confirmando o compromisso de vistoriar o im\u00f3vel ainda este m\u00eas.<\/p>\n<p>\u201cA superintend\u00eancia tamb\u00e9m vem mantendo o di\u00e1logo com as fam\u00edlias do acampamento, com a dire\u00e7\u00e3o do MST e com o comandante da PM da regi\u00e3o, buscando uma sa\u00edda pac\u00edfica para a desobstru\u00e7\u00e3o\u201d, acrescentou a superintend\u00eancia.<\/p>\n<p>Os respons\u00e1veis pelas fazendas citadas ainda n\u00e3o se manisfestaram.<\/p>\n<p><em>Com informa\u00e7\u00f5es da Ag\u00eancia Brasil<\/em><\/p>\n<\/p><\/div>\n<p><br \/>\n<br \/><a href=\"https:\/\/www.canalrural.com.br\/seguranca\/mst-bloqueia-rodovia-para-cobrar-desapropriacao-de-duas-fazendas\/\">Source link <\/a><\/p>\n","protected":false},"excerpt":{"rendered":"<p>Um grupo de cerca de mil pessoas do Movimento dos Trabalhadores Rurais Sem Terra (MST) bloqueou, nesta segunda-feira (8), um<\/p>\n","protected":false},"author":1,"featured_media":19887,"comment_status":"open","ping_status":"open","sticky":false,"template":"","format":"standard","meta":{"_monsterinsights_skip_tracking":false,"_monsterinsights_sitenote_active":false,"_monsterinsights_sitenote_note":"","_monsterinsights_sitenote_category":0,"_uf_show_specific_survey":0,"_uf_disable_surveys":false,"footnotes":""},"categories":[1],"tags":[],"class_list":["post-19886","post","type-post","status-publish","format-standard","has-post-thumbnail","hentry","category-news"],"_links":{"self":[{"href":"https:\/\/agromt.news\/index.php?rest_route=\/wp\/v2\/posts\/19886"}],"collection":[{"href":"https:\/\/agromt.news\/index.php?rest_route=\/wp\/v2\/posts"}],"about":[{"href":"https:\/\/agromt.news\/index.php?rest_route=\/wp\/v2\/types\/post"}],"author":[{"embeddable":true,"href":"https:\/\/agromt.news\/index.php?rest_route=\/wp\/v2\/users\/1"}],"replies":[{"embeddable":true,"href":"https:\/\/agromt.news\/index.php?rest_route=%2Fwp%2Fv2%2Fcomments&post=19886"}],"version-history":[{"count":0,"href":"https:\/\/agromt.news\/index.php?rest_route=\/wp\/v2\/posts\/19886\/revisions"}],"wp:featuredmedia":[{"embeddable":true,"href":"https:\/\/agromt.news\/index.php?rest_route=\/wp\/v2\/media\/19887"}],"wp:attachment":[{"href":"https:\/\/agromt.news\/index.php?rest_route=%2Fwp%2Fv2%2Fmedia&parent=19886"}],"wp:term":[{"taxonomy":"category","embeddable":true,"href":"https:\/\/agromt.news\/index.php?rest_route=%2Fwp%2Fv2%2Fcategories&post=19886"},{"taxonomy":"post_tag","embeddable":true,"href":"https:\/\/agromt.news\/index.php?rest_route=%2Fwp%2Fv2%2Ftags&post=19886"}],"curies":[{"name":"wp","href":"https:\/\/api.w.org\/{rel}","templated":true}]}}