{"id":19871,"date":"2025-09-08T16:19:58","date_gmt":"2025-09-08T20:19:58","guid":{"rendered":"https:\/\/agromt.news\/?p=19871"},"modified":"2025-09-08T16:19:58","modified_gmt":"2025-09-08T20:19:58","slug":"caminhos-para-a-lideranca-na-cop30","status":"publish","type":"post","link":"https:\/\/agromt.news\/?p=19871","title":{"rendered":"caminhos para a lideran\u00e7a na COP30"},"content":{"rendered":"<p> <br \/>\n<\/p>\n<div>\n<p>\u00c0 medida que o Brasil se prepara para sediar a <strong><a href=\"https:\/\/www.canalrural.com.br\/tag\/cop30\/\">COP 30<\/a><\/strong> em novembro deste ano, o momento n\u00e3o poderia ser mais oportuno para refletir e debater sobre o que o pa\u00eds precisa enfrentar para se firmar como l\u00edder clim\u00e1tico. <\/p>\n<p>Sendo historicamente o sexto maior emissor de Gases de Efeito Estufa (GEE) e outros poluentes, o Brasil carrega a responsabilidade e a oportunidade de moldar o futuro no combate \u00e0s mudan\u00e7as clim\u00e1ticas.<\/p>\n<p>H\u00e1 alguns elementos-chave para que a transi\u00e7\u00e3o ecol\u00f3gica se concretize, sendo o engajamento internacional o primeiro deles. O Brasil \u00e9 um ator relevante nas discuss\u00f5es globais sobre mudan\u00e7as clim\u00e1ticas. <\/p>\n<p>A recente apresenta\u00e7\u00e3o da nova Contribui\u00e7\u00e3o Nacionalmente Determinada (NDC) para 2035 representa um compromisso importante de reduzir as emiss\u00f5es em at\u00e9 50% em rela\u00e7\u00e3o aos n\u00edveis de 2019, alinhando-se \u00e0 meta de limitar o aquecimento global a 1,5\u00b0C. <\/p>\n<p>Essa a\u00e7\u00e3o n\u00e3o apenas reafirma o objetivo de zerar o desmatamento ilegal, como tamb\u00e9m anuncia a inten\u00e7\u00e3o de transferir Resultados de Mitiga\u00e7\u00e3o Transferidos Internacionalmente (ITMOs), fomentando a participa\u00e7\u00e3o ativa do Brasil no mercado internacional de carbono.<\/p>\n<p>Al\u00e9m disso, a presid\u00eancia brasileira do G20 reuniu importantes atores p\u00fablicos e privados em torno do financiamento clim\u00e1tico, expandindo a agenda nacional. Assim, o Brasil se coloca no centro da lideran\u00e7a clim\u00e1tica, especialmente ao sediar a COP 30 em Bel\u00e9m \u2014 um evento que ser\u00e1 decisivo para as negocia\u00e7\u00f5es globais.<\/p>\n<h2 class=\"wp-block-heading\" id=\"h-reducao-do-desmatamento-no-brasil\">Redu\u00e7\u00e3o do desmatamento no Brasil<\/h2>\n<p>Os dados recentes sobre desmatamento refletem um avan\u00e7o significativo. A redu\u00e7\u00e3o da destrui\u00e7\u00e3o na Amaz\u00f4nia e no Cerrado, com quedas de 30,6% e 25,7%, respectivamente, entre 2023 e 2024, \u00e9 um claro indicador de sucesso no combate \u00e0 principal fonte de emiss\u00f5es do pa\u00eds. <\/p>\n<p>Essa diminui\u00e7\u00e3o evitou a emiss\u00e3o de mais de 400 milh\u00f5es de toneladas de CO\u2082 equivalente. A consolida\u00e7\u00e3o de uma matriz el\u00e9trica majoritariamente renov\u00e1vel, com destaque para a energia hidrel\u00e9trica, somada ao reconhecimento do Brasil como o sexto maior produtor de energia solar do mundo, demonstra o potencial do pa\u00eds em liderar a transi\u00e7\u00e3o energ\u00e9tica. <\/p>\n<\/div>\n<div>\n<p>Essas conquistas, junto com a aprova\u00e7\u00e3o do Sistema Brasileiro de Com\u00e9rcio de Emiss\u00f5es (SBCE), criam um ambiente regulat\u00f3rio favor\u00e1vel \u00e0 redu\u00e7\u00e3o de emiss\u00f5es e provam que a economia brasileira pode crescer de forma sustent\u00e1vel.<\/p>\n<p>Al\u00e9m da mitiga\u00e7\u00e3o, o Brasil reconhece a necessidade urgente de adapta\u00e7\u00e3o \u00e0s mudan\u00e7as clim\u00e1ticas. O lan\u00e7amento da Estrat\u00e9gia Nacional de Adapta\u00e7\u00e3o (ENA), primeira etapa do Plano Clima, \u00e9 uma resposta aos eventos clim\u00e1ticos extremos aos quais o pa\u00eds \u00e9 vulner\u00e1vel. Permanecer inerte diante dessa realidade \u00e9 um luxo que o Brasil n\u00e3o pode se dar, especialmente considerando o custo estimado de R$ 1,8 trilh\u00e3o no PIB at\u00e9 2050.<\/p>\n<h2 class=\"wp-block-heading\" id=\"h-inovacao-e-responsabilidade\">Inova\u00e7\u00e3o e responsabilidade<\/h2>\n<p>Ao investir em projetos concretos que somam pelo menos R$ 100 bilh\u00f5es nos pr\u00f3ximos cinco anos para adapta\u00e7\u00e3o e resili\u00eancia, o Brasil ter\u00e1 a chance de apresentar essa meta ousada na COP 30 como um marco de inova\u00e7\u00e3o e responsabilidade. <\/p>\n<p>Instrumentos financeiros criativos, como t\u00edtulos sustent\u00e1veis e mecanismos de financiamento combinado, ser\u00e3o fundamentais para garantir recursos e estimular o investimento privado em adapta\u00e7\u00e3o clim\u00e1tica.<\/p>\n<p>A constru\u00e7\u00e3o do Plano Clima, que busca tornar o Brasil uma economia de emiss\u00f5es l\u00edquidas zero at\u00e9 2050, \u00e9 um pilar central da governan\u00e7a clim\u00e1tica. Paralelamente, o Minist\u00e9rio do Planejamento e Or\u00e7amento (MPO) desenvolve a Estrat\u00e9gia Brasil 2050, que avalia os impactos das mudan\u00e7as clim\u00e1ticas e promove o alinhamento entre Uni\u00e3o, estados e munic\u00edpios por meio da cria\u00e7\u00e3o do Conselho da Federa\u00e7\u00e3o.<\/p>\n<p>Esse esp\u00edrito de coopera\u00e7\u00e3o \u00e9 essencial para enfrentar os desafios clim\u00e1ticos de forma conjunta, pois o conceito de \u201cfederalismo clim\u00e1tico\u201d reconhece que a a\u00e7\u00e3o clim\u00e1tica deve ser responsabilidade compartilhada entre todos os n\u00edveis de governo.<\/p>\n<p>Mesmo diante de desafios internos, como o aumento das emiss\u00f5es em alguns setores, o Brasil vem consolidando uma base robusta de pol\u00edticas, estrat\u00e9gias e instrumentos financeiros para enfrentar as mudan\u00e7as clim\u00e1ticas. Com metas ambiciosas, avan\u00e7os no combate ao desmatamento, investimentos em energia renov\u00e1vel e um foco estrat\u00e9gico em adapta\u00e7\u00e3o e financiamento, o pa\u00eds est\u00e1 pronto para atuar como um influente protagonista no cen\u00e1rio clim\u00e1tico global \u2014 especialmente com a proximidade da COP 30.<\/p>\n<p>Mais do que nunca, o mundo precisa que o Brasil exer\u00e7a sua lideran\u00e7a e sirva de exemplo sobre como enfrentar a crise clim\u00e1tica com determina\u00e7\u00e3o e inova\u00e7\u00e3o, n\u00e3o apenas em benef\u00edcio pr\u00f3prio, mas pelo futuro de todo o planeta.<\/p>\n<div class=\"wp-block-media-text is-stacked-on-mobile\">\n<figure class=\"wp-block-media-text__media\"><img fetchpriority=\"high\" decoding=\"async\" width=\"682\" height=\"1024\" alt=\"\" class=\"wp-image-4121438 size-full\"  data-lazy- src=\"https:\/\/agromt.news\/wp-content\/uploads\/2025\/09\/caminhos-para-a-lideranca-na-COP30.jpeg\"\/><img decoding=\"async\" width=\"682\" height=\"1024\" src=\"https:\/\/agromt.news\/wp-content\/uploads\/2025\/09\/caminhos-para-a-lideranca-na-COP30.jpeg\" alt=\"\" class=\"wp-image-4121438 size-full\"  \/><\/figure>\n<div class=\"wp-block-media-text__content\">\n<p class=\"has-text-align-center\">*<em><strong>Ana Paula Abritta<\/strong>\u00a0\u00e9 diretora de Estrat\u00e9gia e Inova\u00e7\u00e3o da BMJ Consultores Associados, onde atua desde 2016 liderando equipes de Rela\u00e7\u00f5es Governamentais, Inova\u00e7\u00e3o e Com\u00e9rcio Internacional. \u00c9 mestra em Poder Legislativo (C\u00e2mara dos Deputados), com MBA em Com\u00e9rcio Internacional (FGV) e gradua\u00e7\u00e3o em Rela\u00e7\u00f5es Internacionais (UCB). \u00c9 cofundadora da rede Women Inside Trade (WIT).<\/em><\/p>\n<\/div>\n<\/div>\n<hr class=\"wp-block-separator has-alpha-channel-opacity\"\/>\n<p><em>O\u00a0<strong>Canal Rural<\/strong>\u00a0n\u00e3o se responsabiliza pelas opini\u00f5es e conceitos emitidos nos textos desta sess\u00e3o, sendo os conte\u00fados de inteira responsabilidade de seus autores. A empresa se reserva o direito de fazer ajustes no texto para adequa\u00e7\u00e3o \u00e0s normas de publica\u00e7\u00e3o.<\/em><\/p>\n<\/p><\/div>\n<p><br \/>\n<br \/><a href=\"https:\/\/www.canalrural.com.br\/opiniao-noticias\/brasil-e-a-transicao-ecologica-caminhos-para-a-lideranca-na-cop30\/\">Source link <\/a><\/p>\n","protected":false},"excerpt":{"rendered":"<p>\u00c0 medida que o Brasil se prepara para sediar a COP 30 em novembro deste ano, o momento n\u00e3o poderia<\/p>\n","protected":false},"author":1,"featured_media":19872,"comment_status":"open","ping_status":"open","sticky":false,"template":"","format":"standard","meta":{"_monsterinsights_skip_tracking":false,"_monsterinsights_sitenote_active":false,"_monsterinsights_sitenote_note":"","_monsterinsights_sitenote_category":0,"_uf_show_specific_survey":0,"_uf_disable_surveys":false,"footnotes":""},"categories":[1],"tags":[],"class_list":["post-19871","post","type-post","status-publish","format-standard","has-post-thumbnail","hentry","category-news"],"_links":{"self":[{"href":"https:\/\/agromt.news\/index.php?rest_route=\/wp\/v2\/posts\/19871"}],"collection":[{"href":"https:\/\/agromt.news\/index.php?rest_route=\/wp\/v2\/posts"}],"about":[{"href":"https:\/\/agromt.news\/index.php?rest_route=\/wp\/v2\/types\/post"}],"author":[{"embeddable":true,"href":"https:\/\/agromt.news\/index.php?rest_route=\/wp\/v2\/users\/1"}],"replies":[{"embeddable":true,"href":"https:\/\/agromt.news\/index.php?rest_route=%2Fwp%2Fv2%2Fcomments&post=19871"}],"version-history":[{"count":0,"href":"https:\/\/agromt.news\/index.php?rest_route=\/wp\/v2\/posts\/19871\/revisions"}],"wp:featuredmedia":[{"embeddable":true,"href":"https:\/\/agromt.news\/index.php?rest_route=\/wp\/v2\/media\/19872"}],"wp:attachment":[{"href":"https:\/\/agromt.news\/index.php?rest_route=%2Fwp%2Fv2%2Fmedia&parent=19871"}],"wp:term":[{"taxonomy":"category","embeddable":true,"href":"https:\/\/agromt.news\/index.php?rest_route=%2Fwp%2Fv2%2Fcategories&post=19871"},{"taxonomy":"post_tag","embeddable":true,"href":"https:\/\/agromt.news\/index.php?rest_route=%2Fwp%2Fv2%2Ftags&post=19871"}],"curies":[{"name":"wp","href":"https:\/\/api.w.org\/{rel}","templated":true}]}}