{"id":19866,"date":"2025-09-08T15:37:17","date_gmt":"2025-09-08T19:37:17","guid":{"rendered":"https:\/\/agromt.news\/?p=19866"},"modified":"2025-09-08T15:37:17","modified_gmt":"2025-09-08T19:37:17","slug":"barra-agroshow-atrai-mais-de-12-mil-pessoas-e-destaca-potencial-da-fruticultura","status":"publish","type":"post","link":"https:\/\/agromt.news\/?p=19866","title":{"rendered":"Barra Agroshow atrai mais de 12 mil pessoas e destaca potencial da fruticultura"},"content":{"rendered":"<p> <br \/>\n<\/p>\n<div>\n<p>Encerrada no \u00faltimo s\u00e1bado (6), a primeira edi\u00e7\u00e3o da Barra Agroshow atraiu p\u00fablico de mais de 12 mil pessoas, de acordo com o Sindicato dos Produtores Rurais de Barra e teve a fruticultura como um dos destaques do evento realizado pela primeira vez em Barra, no Oeste da Bahia.<\/p>\n<p>Entre as novidades apresentadas, a produ\u00e7\u00e3o de uvas de mesa, vem surpreendo produtores e despertando o interesse de investidores da regi\u00e3o, assim como o mirtilo, que est\u00e1 em fase de experimenta\u00e7\u00e3o.<\/p>\n<figure class=\"wp-block-embed is-type-video is-provider-youtube wp-block-embed-youtube wp-embed-aspect-16-9 wp-has-aspect-ratio\">\n<p>\n<iframe title=\"Produ\u00e7\u00e3o de frutas \u00e9 destaque em feira no oeste da bahia\" width=\"800\" height=\"450\" src=\"https:\/\/www.youtube.com\/embed\/Fvn83PiitFw?feature=oembed\" frameborder=\"0\" allow=\"accelerometer; autoplay; clipboard-write; encrypted-media; gyroscope; picture-in-picture; web-share\" referrerpolicy=\"strict-origin-when-cross-origin\" allowfullscreen><\/iframe>\n<\/p>\n<\/figure>\n<p>A introdu\u00e7\u00e3o do cultivo da uva no semi\u00e1rido baiano chama a aten\u00e7\u00e3o pelo alto valor agregado, principalmente quando a planta\u00e7\u00e3o j\u00e1 est\u00e1 consolidada. <\/p>\n<p>O empres\u00e1rio <strong>Jos\u00e9 Carlos Dourado<\/strong>, que participou do evento, destacou o potencial de diversifica\u00e7\u00e3o que a regi\u00e3o oferece:<\/p>\n<blockquote class=\"wp-block-quote is-layout-flow wp-block-quote-is-layout-flow\">\n<p>\u201cN\u00e3o tenho no Goi\u00e1s a mesma oportunidade de culturas com valor agregado t\u00e3o alto. Mas passa pelo nosso planejamento investir aqui em variedades que possam trazer retorno maior do que soja, milho e feij\u00e3o\u201d, afirmou.<\/p>\n<\/blockquote>\n<h3 class=\"wp-block-heading\" id=\"h-producao-em-expansao\">Produ\u00e7\u00e3o em expans\u00e3o<\/h3>\n<p>Na Fazenda S\u00e3o Jos\u00e9, o cultivo de uva come\u00e7ou em 2023 e j\u00e1 ocupa 65 hectares da variedade Autumn Crisp, considerada como uma das mais procuradas no mercado nacional e internacional. <\/p>\n<figure class=\"wp-block-image size-large\"><img fetchpriority=\"high\" decoding=\"async\" width=\"1024\" height=\"573\" src=\"https:\/\/agromt.news\/wp-content\/uploads\/2025\/09\/Barra-Agroshow-atrai-mais-de-12-mil-pessoas-e-destaca.jpg\" alt=\"uva de mesa, produ\u00e7\u00e3o, barra, fruticultura, autumn crisp, Bahia,Barra Agroshow 2025\" class=\"wp-image-4121379\"  \/><figcaption class=\"wp-element-caption\">Imagem: Guilherme Soares\/ Canal Rural Bahia<\/figcaption><\/figure>\n<p>De acordo com especialistas, Barra re\u00fane condi\u00e7\u00f5es clim\u00e1ticas ainda mais favor\u00e1veis que o Vale do S\u00e3o Francisco, principal polo produtor do Brasil.<\/p>\n<p>O produtor e consultor de viticultura <strong>F\u00e1bio Ferreira<\/strong> explica que a regi\u00e3o tem diferenciais importantes:<\/p>\n<blockquote class=\"wp-block-quote is-layout-flow wp-block-quote-is-layout-flow\">\n<p>\u201cBarra possui solos adequados, \u00e1gua de extrema qualidade e uma amplitude t\u00e9rmica maior do que no Vale. Isso garante colora\u00e7\u00e3o melhor e qualidade superior, permitindo que a uva expresse todo o seu potencial gen\u00e9tico.\u201d<\/p>\n<\/blockquote>\n<p>O investimento inicial na Fazenda S\u00e3o Jos\u00e9 foi de cerca de R$ 250 mil. Para o produtor <strong>Ant\u00f4nio Geraldo Mesquita<\/strong>, os custos elevados no in\u00edcio s\u00e3o compensados pelo retorno esperado a m\u00e9dio prazo.<\/p>\n<blockquote class=\"wp-block-quote is-layout-flow wp-block-quote-is-layout-flow\">\n<p>\u201cEstimamos que nosso custo-benef\u00edcio se tornar\u00e1 interessante a partir do quarto ano. At\u00e9 2028, a atividade ser\u00e1 autossustent\u00e1vel\u201d, afirmou.<\/p>\n<\/blockquote>\n<\/div>\n<div>\n<p>Al\u00e9m da uva, a propriedade j\u00e1 aposta na produ\u00e7\u00e3o de mirtilo. Em fase experimental, o cultivo conta com duas mil plantas e deve ganhar escala comercial ainda este ano.<\/p>\n<blockquote class=\"wp-block-quote is-layout-flow wp-block-quote-is-layout-flow\">\n<p>\u201cEm dezembro iniciaremos o projeto comercial, com meta de atingir entre 15 e 20 hectares at\u00e9 2027\u201d, destacou Mesquita.<\/p>\n<\/blockquote>\n<figure class=\"wp-block-image size-large\"><img decoding=\"async\" width=\"1024\" height=\"564\" src=\"https:\/\/agromt.news\/wp-content\/uploads\/2025\/09\/1757360237_992_Barra-Agroshow-atrai-mais-de-12-mil-pessoas-e-destaca.jpg\" alt=\"muda de mirtilo, fruticultura, barra agroshow, barra, bahia, evento\" class=\"wp-image-4121378\"  \/><figcaption class=\"wp-element-caption\">Muda de mirtilo introduzida em propriedade em Barra (BA) | Imagem: Guilherme Soares\/ Canal Rural Bahia<\/figcaption><\/figure>\n<h3 class=\"wp-block-heading\" id=\"h-seminario-da-fruticultura-irrigada\">Semin\u00e1rio da Fruticultura Irrigada<\/h3>\n<p>As visitas t\u00e9cnicas \u00e0s fazendas fizeram parte da segunda edi\u00e7\u00e3o do Semin\u00e1rio da Fruticultura Irrigada, que integrou a programa\u00e7\u00e3o da Barra Agroshow. <\/p>\n<p>Al\u00e9m da Fazenda S\u00e3o Jos\u00e9, outro grupo visitou a produ\u00e7\u00e3o de cacau e coco da Fazenda S\u00e3o Roque. A rodada de palestras abordaram os desafios e oportunidades, com destaque tamb\u00e9m para o cacau.<\/p>\n<p>O encontro reuniu palestras sobre desafios e oportunidades do setor, com destaque tamb\u00e9m para o cultivo de cacau.<\/p>\n<p>Segundo o pesquisador <strong>Dario Ahnert<\/strong>, os primeiros plantios de cacau j\u00e1 mostram adapta\u00e7\u00e3o promissora na regi\u00e3o.<\/p>\n<blockquote class=\"wp-block-quote is-layout-flow wp-block-quote-is-layout-flow\">\n<p><em>No caso do cacau especificamente, j\u00e1 t\u00eam os primeiros plantios, j\u00e1 foram feitas introdu\u00e7\u00f5es dos materiais que j\u00e1 est\u00e3o produzindo em alguns lugares, ent\u00e3o j\u00e1 fica f\u00e1cil voc\u00ea verificar aqueles que mais se aclimataram aqui. Estamos acompanhando a quest\u00e3o da evolu\u00e7\u00e3o tecnol\u00f3gica<\/em>\u201c, destaca Ahnert.<\/p>\n<\/blockquote>\n<p>Para a vice-presidente do Sindicato dos Produtores Rurais de Barra, <strong>Gleise de Melo<\/strong>, o saldo foi positivo:<\/p>\n<blockquote class=\"wp-block-quote is-layout-flow wp-block-quote-is-layout-flow\">\n<p><em>Para a gente, a feira se encerra com um brilho de um trabalho coletivo que foi muito bem feito e que contou com o apoio de colaboradores, patrocinadores, produtores e equipe t\u00e9cnica<\/em>. <em>Acho que foi um ganho comum \u00e0 todos, principalmente pra Barra e Regi\u00e3o<\/em>\u201c, disse.<\/p>\n<\/blockquote>\n<hr class=\"wp-block-separator has-alpha-channel-opacity\"\/>\n<p><em>Voc\u00ea tamb\u00e9m pode participar deixando uma sugest\u00e3o de pauta. Siga o\u00a0<a href=\"https:\/\/www.instagram.com\/canalruralbahia\/\">Canal Rural Bahia no Instagram<\/a>\u00a0e nos envie uma mensagem<\/em>.<\/p>\n<\/p><\/div>\n<p><script async src=\"\/\/www.instagram.com\/embed.js\"><\/script><br \/>\n<br \/><br \/>\n<br \/><a href=\"https:\/\/www.canalrural.com.br\/nacional\/bahia\/barra-agroshow-atrai-mais-de-12-mil-pessoas-e-destaca-potencial-da-fruticultura\/\">Source link <\/a><\/p>\n","protected":false},"excerpt":{"rendered":"<p>Encerrada no \u00faltimo s\u00e1bado (6), a primeira edi\u00e7\u00e3o da Barra Agroshow atraiu p\u00fablico de mais de 12 mil pessoas, de<\/p>\n","protected":false},"author":1,"featured_media":19867,"comment_status":"open","ping_status":"open","sticky":false,"template":"","format":"standard","meta":{"_monsterinsights_skip_tracking":false,"_monsterinsights_sitenote_active":false,"_monsterinsights_sitenote_note":"","_monsterinsights_sitenote_category":0,"_uf_show_specific_survey":0,"_uf_disable_surveys":false,"footnotes":""},"categories":[1],"tags":[],"class_list":["post-19866","post","type-post","status-publish","format-standard","has-post-thumbnail","hentry","category-news"],"_links":{"self":[{"href":"https:\/\/agromt.news\/index.php?rest_route=\/wp\/v2\/posts\/19866"}],"collection":[{"href":"https:\/\/agromt.news\/index.php?rest_route=\/wp\/v2\/posts"}],"about":[{"href":"https:\/\/agromt.news\/index.php?rest_route=\/wp\/v2\/types\/post"}],"author":[{"embeddable":true,"href":"https:\/\/agromt.news\/index.php?rest_route=\/wp\/v2\/users\/1"}],"replies":[{"embeddable":true,"href":"https:\/\/agromt.news\/index.php?rest_route=%2Fwp%2Fv2%2Fcomments&post=19866"}],"version-history":[{"count":0,"href":"https:\/\/agromt.news\/index.php?rest_route=\/wp\/v2\/posts\/19866\/revisions"}],"wp:featuredmedia":[{"embeddable":true,"href":"https:\/\/agromt.news\/index.php?rest_route=\/wp\/v2\/media\/19867"}],"wp:attachment":[{"href":"https:\/\/agromt.news\/index.php?rest_route=%2Fwp%2Fv2%2Fmedia&parent=19866"}],"wp:term":[{"taxonomy":"category","embeddable":true,"href":"https:\/\/agromt.news\/index.php?rest_route=%2Fwp%2Fv2%2Fcategories&post=19866"},{"taxonomy":"post_tag","embeddable":true,"href":"https:\/\/agromt.news\/index.php?rest_route=%2Fwp%2Fv2%2Ftags&post=19866"}],"curies":[{"name":"wp","href":"https:\/\/api.w.org\/{rel}","templated":true}]}}