{"id":19862,"date":"2025-09-08T14:37:08","date_gmt":"2025-09-08T18:37:08","guid":{"rendered":"https:\/\/agromt.news\/?p=19862"},"modified":"2025-09-08T14:37:08","modified_gmt":"2025-09-08T18:37:08","slug":"comercializacao-da-soja-segue-lenta","status":"publish","type":"post","link":"https:\/\/agromt.news\/?p=19862","title":{"rendered":"Comercializa\u00e7\u00e3o da soja segue lenta"},"content":{"rendered":"<p> <br \/>\n<\/p>\n<div>\n<p>No mercado da <a href=\"https:\/\/www.agrolink.com.br\/culturas\/soja?utm_source=agrolink-detalhe-noticia&amp;utm_medium=detalhe-noticia&amp;utm_campaign=links-internos\" target=\"_blank\" rel=\"noopener\">soja<\/a> do estado do Rio Grande do Sul, a comercializa\u00e7\u00e3o da <a href=\"https:\/\/www.agrolink.com.br\/culturas\/soja?utm_source=agrolink-detalhe-noticia&amp;utm_medium=detalhe-noticia&amp;utm_campaign=links-internos\" target=\"_blank\" rel=\"noopener\">soja<\/a> segue lenta, segundo informa\u00e7\u00f5es da TF Agroecon\u00f4mica. \u201cAs indica\u00e7\u00f5es de pre\u00e7os para pagamento em meados de setembro, com entrega entre agosto e setembro, ficaram em R$ 141,70 (+1,21%) nos portos. No interior, as cota\u00e7\u00f5es marcaram ganho e ficaram em torno de R$ 135,00 (+0,75%) por saca, em Cruz Alta, Passo Fundo e Santa Rosa para 30\/09\u201d, comenta.&#13;\n<\/p>\n<p>Santa Catarina mostra estabilidade com varia\u00e7\u00f5es regionais. \u201cO mercado da soja em Santa Catarina apresentou movimenta\u00e7\u00e3o pontual e sem tend\u00eancia unificada. N\u00e3o foram encontrados dados oficiais sobre comercializa\u00e7\u00e3o, fretes ou armazenagem na data, o que refor\u00e7a a leitura de um mercado disperso e guiado por condi\u00e7\u00f5es espec\u00edficas de cada regi\u00e3o. No porto de S\u00e3o Francisco, a saca de soja \u00e9 cotada a R$ 142,84\u201d, completa.<\/p>\n<p>No Paran\u00e1, o mercado registra retra\u00e7\u00e3o em parte das pra\u00e7as, mas o porto sustenta cota\u00e7\u00f5es. \u201cEm Paranagu\u00e1, o pre\u00e7o chegou R$ 142,35 (-0,11%). Em Cascavel, o pre\u00e7o foi 129,01 (-0,98%). Em Maring\u00e1, o pre\u00e7o foi de R$ 130,47 (-2,14%). Em Ponta Grossa o pre\u00e7o foi a R$ 132,26 (-0,89%) por saca FOB, Pato Branco o pre\u00e7o foi R$ 124,00. No balc\u00e3o, o pre\u00e7os em Ponta Grossa ficaram em R$ 118,00\u201d, indica.&#13;\n<\/p>\n<p>O Mato Grosso do Sul tem mercado est\u00e1vel, mas com quedas pontuais. \u201cA din\u00e2mica sugere press\u00f5es de baixa em regi\u00f5es espec\u00edficas, possivelmente relacionadas \u00e0 log\u00edstica ou \u00e0 maior concentra\u00e7\u00e3o de oferta em determinadas \u00e1reas. Em Dourados, o spot da soja ficou em R$ 123,51 (+2,07%), Campo Grande em R$ 123,51 (+2,07%), Maracaju em R$ 122,76 (+0,62%), Chapad\u00e3o do Sul a R$ 121,96 (-0,40%), Sidrol\u00e2ndia a em R$ 122,60 (-0,57%)\u201d, informa.<\/p>\n<p>O Mato Grosso mant\u00e9m valoriza\u00e7\u00e3o da soja apesar da queda em Chicago. \u201cAs altas observadas em algumas regi\u00f5es, mesmo em um cen\u00e1rio de queda em Chicago e de recuos em outros estados, sugerem um aquecimento da demanda local por parte das ind\u00fastrias ou um ajuste na oferta dispon\u00edvel nessas \u00e1reas, visto que o produtor tende a tentar segurar mais quando os pre\u00e7os n\u00e3o est\u00e3o adequados. Campo Verde: R$ 123,50 (+2,70%). Lucas do Rio Verde: R$ 119,16, Nova Mutum: R$ 119,16. Primavera do Leste: R$ 123,50 (+2,18%). Rondon\u00f3polis: R$ 130,00 (+8,11%). Sorriso: R$ 119,30 (+0,21%)\u201d, conclui.<br \/>&#13;<br \/>\n\u00a0&#13;\n<\/p>\n<\/p><\/div>\n<p><script data-cfasync=\"false\">\n    !function (f, b, e, v, n, t, s) {\n        if (f.fbq) return; n = f.fbq = function () {\n            n.callMethod ?\n                n.callMethod.apply(n, arguments) : n.queue.push(arguments)\n        };\n        if (!f._fbq) f._fbq = n; n.push = n; n.loaded = !0; n.version = '2.0';\n        n.queue = []; t = b.createElement(e); t.async = !0;\n        t.src = v; s = b.getElementsByTagName(e)[0];\n        s.parentNode.insertBefore(t, s)\n    }(window, document, 'script',\n        'https:\/\/connect.facebook.net\/en_US\/fbevents.js');\n    fbq('init', '522546078623747');\n    fbq('track', 'PageView');\n<\/script><br \/>\n<br \/><br \/>\n<br \/><a href=\"https:\/\/www.agrolink.com.br\/noticias\/comercializacao-da-soja-segue-lenta_505737.html\">Source link <\/a><\/p>\n","protected":false},"excerpt":{"rendered":"<p>No mercado da soja do estado do Rio Grande do Sul, a comercializa\u00e7\u00e3o da soja segue lenta, segundo informa\u00e7\u00f5es da<\/p>\n","protected":false},"author":1,"featured_media":8645,"comment_status":"open","ping_status":"open","sticky":false,"template":"","format":"standard","meta":{"_monsterinsights_skip_tracking":false,"_monsterinsights_sitenote_active":false,"_monsterinsights_sitenote_note":"","_monsterinsights_sitenote_category":0,"_uf_show_specific_survey":0,"_uf_disable_surveys":false,"footnotes":""},"categories":[8,1,14],"tags":[],"class_list":["post-19862","post","type-post","status-publish","format-standard","has-post-thumbnail","hentry","category-agro","category-news","category-politica-agro"],"_links":{"self":[{"href":"https:\/\/agromt.news\/index.php?rest_route=\/wp\/v2\/posts\/19862"}],"collection":[{"href":"https:\/\/agromt.news\/index.php?rest_route=\/wp\/v2\/posts"}],"about":[{"href":"https:\/\/agromt.news\/index.php?rest_route=\/wp\/v2\/types\/post"}],"author":[{"embeddable":true,"href":"https:\/\/agromt.news\/index.php?rest_route=\/wp\/v2\/users\/1"}],"replies":[{"embeddable":true,"href":"https:\/\/agromt.news\/index.php?rest_route=%2Fwp%2Fv2%2Fcomments&post=19862"}],"version-history":[{"count":0,"href":"https:\/\/agromt.news\/index.php?rest_route=\/wp\/v2\/posts\/19862\/revisions"}],"wp:featuredmedia":[{"embeddable":true,"href":"https:\/\/agromt.news\/index.php?rest_route=\/wp\/v2\/media\/8645"}],"wp:attachment":[{"href":"https:\/\/agromt.news\/index.php?rest_route=%2Fwp%2Fv2%2Fmedia&parent=19862"}],"wp:term":[{"taxonomy":"category","embeddable":true,"href":"https:\/\/agromt.news\/index.php?rest_route=%2Fwp%2Fv2%2Fcategories&post=19862"},{"taxonomy":"post_tag","embeddable":true,"href":"https:\/\/agromt.news\/index.php?rest_route=%2Fwp%2Fv2%2Ftags&post=19862"}],"curies":[{"name":"wp","href":"https:\/\/api.w.org\/{rel}","templated":true}]}}