{"id":19861,"date":"2025-09-08T13:42:36","date_gmt":"2025-09-08T17:42:36","guid":{"rendered":"https:\/\/agromt.news\/?p=19861"},"modified":"2025-09-08T13:42:36","modified_gmt":"2025-09-08T17:42:36","slug":"comercializacao-de-soja-envolve-205-da-safra-25-26","status":"publish","type":"post","link":"https:\/\/agromt.news\/?p=19861","title":{"rendered":"Comercializa\u00e7\u00e3o de soja envolve 20,5% da safra 25\/26"},"content":{"rendered":"<p> <br \/>\n<br \/><img decoding=\"async\" src=\"https:\/\/agromt.news\/wp-content\/uploads\/2025\/06\/Tributacao-do-IOF-vai-impactar-o-Plano-Safra-202526.png\" \/><\/p>\n<div>\n<p>A comercializa\u00e7\u00e3o da safra 2024\/25 de <a href=\"https:\/\/www.canalrural.com.br\/agricultura\/projeto-soja-brasil\/\">soja <\/a>no Brasil alcan\u00e7ou 84,1% da produ\u00e7\u00e3o projetada, segundo levantamento da <a href=\"https:\/\/safras.com.br\/\">Safras &amp; Mercado<\/a> com dados at\u00e9 5 de setembro. No relat\u00f3rio anterior, referente a 5 de agosto, o \u00edndice era de 78,4%.<\/p>\n<ul class=\"wp-block-list\">\n<li><strong><em>Fique por dentro das novidades e not\u00edcias recentes sobre a soja! Participe da nossa comunidade atrav\u00e9s do\u00a0<a href=\"https:\/\/chat.whatsapp.com\/BmMRwA0TZ2DHGyhzoaVEWu\">link<\/a>! \ud83c\udf31<\/em><\/strong><\/li>\n<\/ul>\n<p>Em igual per\u00edodo do ano passado, a negocia\u00e7\u00e3o envolvia 87,7% da safra, enquanto a m\u00e9dia dos \u00faltimos cinco anos \u00e9 de 89,3%. Considerando a produ\u00e7\u00e3o estimada em 171,83 milh\u00f5es de toneladas, o total de soja j\u00e1 comprometido chega a 144,54 milh\u00f5es de toneladas.<\/p>\n<\/div>\n<div>\n<h3 class=\"wp-block-heading\" id=\"h-comercializacao-2025-26\">Comercializa\u00e7\u00e3o 2025\/26<\/h3>\n<p>Para a temporada 2025\/26, cuja produ\u00e7\u00e3o \u00e9 projetada em 180,92 milh\u00f5es de toneladas, a comercializa\u00e7\u00e3o antecipada atinge 20,5%, o equivalente a 37,06 milh\u00f5es de toneladas. No mesmo per\u00edodo do ano passado, o \u00edndice era de 24,8%, contra uma m\u00e9dia de 29,2%.<\/p>\n<p>O relat\u00f3rio anterior, de 5 de agosto, apontava 16,8% da safra 2025\/26 j\u00e1 negociada, o que mostra avan\u00e7o no ritmo, ainda que abaixo do hist\u00f3rico.<\/p>\n<\/p><\/div>\n<p><br \/>\n<br \/><a href=\"https:\/\/www.canalrural.com.br\/agricultura\/projeto-soja-brasil\/comercializacao-de-soja-envolve-205-da-safra-25-26\/\">Source link <\/a><\/p>\n","protected":false},"excerpt":{"rendered":"<p>A comercializa\u00e7\u00e3o da safra 2024\/25 de soja no Brasil alcan\u00e7ou 84,1% da produ\u00e7\u00e3o projetada, segundo levantamento da Safras &amp; Mercado<\/p>\n","protected":false},"author":1,"featured_media":15446,"comment_status":"open","ping_status":"open","sticky":false,"template":"","format":"standard","meta":{"_monsterinsights_skip_tracking":false,"_monsterinsights_sitenote_active":false,"_monsterinsights_sitenote_note":"","_monsterinsights_sitenote_category":0,"_uf_show_specific_survey":0,"_uf_disable_surveys":false,"footnotes":""},"categories":[1],"tags":[],"class_list":["post-19861","post","type-post","status-publish","format-standard","has-post-thumbnail","hentry","category-news"],"_links":{"self":[{"href":"https:\/\/agromt.news\/index.php?rest_route=\/wp\/v2\/posts\/19861"}],"collection":[{"href":"https:\/\/agromt.news\/index.php?rest_route=\/wp\/v2\/posts"}],"about":[{"href":"https:\/\/agromt.news\/index.php?rest_route=\/wp\/v2\/types\/post"}],"author":[{"embeddable":true,"href":"https:\/\/agromt.news\/index.php?rest_route=\/wp\/v2\/users\/1"}],"replies":[{"embeddable":true,"href":"https:\/\/agromt.news\/index.php?rest_route=%2Fwp%2Fv2%2Fcomments&post=19861"}],"version-history":[{"count":0,"href":"https:\/\/agromt.news\/index.php?rest_route=\/wp\/v2\/posts\/19861\/revisions"}],"wp:featuredmedia":[{"embeddable":true,"href":"https:\/\/agromt.news\/index.php?rest_route=\/wp\/v2\/media\/15446"}],"wp:attachment":[{"href":"https:\/\/agromt.news\/index.php?rest_route=%2Fwp%2Fv2%2Fmedia&parent=19861"}],"wp:term":[{"taxonomy":"category","embeddable":true,"href":"https:\/\/agromt.news\/index.php?rest_route=%2Fwp%2Fv2%2Fcategories&post=19861"},{"taxonomy":"post_tag","embeddable":true,"href":"https:\/\/agromt.news\/index.php?rest_route=%2Fwp%2Fv2%2Ftags&post=19861"}],"curies":[{"name":"wp","href":"https:\/\/api.w.org\/{rel}","templated":true}]}}