{"id":19847,"date":"2025-09-08T08:25:09","date_gmt":"2025-09-08T12:25:09","guid":{"rendered":"https:\/\/agromt.news\/?p=19847"},"modified":"2025-09-08T08:25:09","modified_gmt":"2025-09-08T12:25:09","slug":"sebrae-abre-inscricoes-para-expositores-feira-do-empreendedor","status":"publish","type":"post","link":"https:\/\/agromt.news\/?p=19847","title":{"rendered":"Sebrae abre inscri\u00e7\u00f5es para expositores: &#8216;Feira do Empreendedor&#8217;"},"content":{"rendered":"<p> <br \/>\n<br \/><img decoding=\"async\" src=\"https:\/\/agromt.news\/wp-content\/uploads\/2025\/09\/Sebrae-abre-inscricoes-para-expositores-Feira-do-Empreendedor.jpg\" \/><\/p>\n<div>\n<p>Microempreendedores individuais (MEIs), agricultores familiares e artes\u00e3os da regi\u00e3o de Bauru j\u00e1 podem se inscrever para participar do espa\u00e7o Sebrae Comunidades: Shopping Compre do Pequeno na <strong>Feira do Empreendedor 2025<\/strong>.\u00a0<\/p>\n<p>O <a href=\"https:\/\/www.canalrural.com.br\/empreendedorismo\/evento-em-florianopolis-revela-as-10-startups-mais-promissoras-do-brasil\/\">evento<\/a>, promovido pelo Sebrae\/SP, ocorrer\u00e1 de 15 a 18 de outubro, no S\u00e3o Paulo Expo, na capital paulista. As inscri\u00e7\u00f5es ficam abertas at\u00e9 15 de setembro e s\u00e3o gratuitas.<\/p>\n<p>Para garantir a participa\u00e7\u00e3o, os interessados devem observar os crit\u00e9rios do edital, respeitar prazos e apresentar a documenta\u00e7\u00e3o exigida. O <a href=\"https:\/\/feiradoempreendedor.sebraesp.com.br\/wp-content\/uploads\/0012_Edital_Sebrae_Comunidades_Shopping_Compre_do_Pequeno_2025_v2.pdf\">edital completo<\/a> est\u00e1 dispon\u00edvel no site oficial da Feira do Empreendedor 2025<\/p>\n<p>Al\u00e9m disso, o Shopping Compre do Pequeno representa uma vitrine estrat\u00e9gica para os pequenos neg\u00f3cios. Em 2024, a feira reuniu mais de 150 mil visitantes, demonstrando o potencial de alcance e de gera\u00e7\u00e3o de oportunidades. Assim, o espa\u00e7o foi criado para dar visibilidade, ampliar mercados e aproximar empreendedores de consumidores e parceiros.<\/p>\n<ul class=\"wp-block-list\">\n<li>Participe do Porteira Aberta Empreender: envie perguntas, sugest\u00f5es e conte a sua hist\u00f3ria de empreendedorismo pelo<a href=\"https:\/\/api.whatsapp.com\/send?phone=5511932796720&amp;PorteiraAbertaEmpreender=SuaMensagem\"> WhatsApp<\/a><\/li>\n<\/ul>\n<p>\u201cParticipar do espa\u00e7o \u00e9 mais do que expor produtos. \u00c9\u00a0conquistar visibilidade, valorizar os pequenos neg\u00f3cios\u00a0e transformar cada conex\u00e3o em oportunidade real de crescimento e gera\u00e7\u00e3o de renda. \u00c9 oportunidade de levar um produto local para uma vitrine com visibilidade nacional\u201d, destaca Juliana Fardin, analista de neg\u00f3cios do <a href=\"https:\/\/sebrae.com.br\/sites\/PortalSebrae\/ufs\/SP?codUf=26\">Sebrae\/SP<\/a> e gestora do Programa Sebrae Comunidades na regi\u00e3o de Bauru. <\/p>\n<\/div>\n<div>\n<p>Portanto, os empreendedores locais t\u00eam a chance de apresentar seus produtos a um p\u00fablico nacional e diversificado.<\/p>\n<h2 class=\"wp-block-heading\" id=\"h-servico-nbsp\"><strong>Servi\u00e7o\u00a0<\/strong><\/h2>\n<p>Sebrae Comunidades: Shopping Compre do Pequeno na FE 2025\u00a0<\/p>\n<p>Inscri\u00e7\u00f5es: at\u00e9 15 de setembro pelo<a href=\"https:\/\/forms.office.com\/pages\/responsepage.aspx?id=XLVgbXYlYE2uMxHfDqB5g_z12iNQU19HkrbLuZaWveFUM0NHVUJSTkxGTzNBRjcwMFQwMjhUSFNDQi4u&amp;route=shorturl\"> link<\/a><\/p>\n<p>Local da feira: S\u00e3o Paulo Expo (pr\u00f3ximo ao Metr\u00f4 Jabaquara)<\/p>\n<p>\u00a0<br \/>Data da feira: 15 a 18 de outubro, das 10h \u00e0s 20h\u00a0<\/p>\n<\/p><\/div>\n<p><br \/>\n<br \/><a href=\"https:\/\/www.canalrural.com.br\/empreendedorismo\/sebrae-abre-inscricoes-para-expositores-feira-do-empreendedor\/\">Source link <\/a><\/p>\n","protected":false},"excerpt":{"rendered":"<p>Microempreendedores individuais (MEIs), agricultores familiares e artes\u00e3os da regi\u00e3o de Bauru j\u00e1 podem se inscrever para participar do espa\u00e7o Sebrae<\/p>\n","protected":false},"author":1,"featured_media":19848,"comment_status":"open","ping_status":"open","sticky":false,"template":"","format":"standard","meta":{"_monsterinsights_skip_tracking":false,"_monsterinsights_sitenote_active":false,"_monsterinsights_sitenote_note":"","_monsterinsights_sitenote_category":0,"_uf_show_specific_survey":0,"_uf_disable_surveys":false,"footnotes":""},"categories":[1],"tags":[],"class_list":["post-19847","post","type-post","status-publish","format-standard","has-post-thumbnail","hentry","category-news"],"_links":{"self":[{"href":"https:\/\/agromt.news\/index.php?rest_route=\/wp\/v2\/posts\/19847"}],"collection":[{"href":"https:\/\/agromt.news\/index.php?rest_route=\/wp\/v2\/posts"}],"about":[{"href":"https:\/\/agromt.news\/index.php?rest_route=\/wp\/v2\/types\/post"}],"author":[{"embeddable":true,"href":"https:\/\/agromt.news\/index.php?rest_route=\/wp\/v2\/users\/1"}],"replies":[{"embeddable":true,"href":"https:\/\/agromt.news\/index.php?rest_route=%2Fwp%2Fv2%2Fcomments&post=19847"}],"version-history":[{"count":0,"href":"https:\/\/agromt.news\/index.php?rest_route=\/wp\/v2\/posts\/19847\/revisions"}],"wp:featuredmedia":[{"embeddable":true,"href":"https:\/\/agromt.news\/index.php?rest_route=\/wp\/v2\/media\/19848"}],"wp:attachment":[{"href":"https:\/\/agromt.news\/index.php?rest_route=%2Fwp%2Fv2%2Fmedia&parent=19847"}],"wp:term":[{"taxonomy":"category","embeddable":true,"href":"https:\/\/agromt.news\/index.php?rest_route=%2Fwp%2Fv2%2Fcategories&post=19847"},{"taxonomy":"post_tag","embeddable":true,"href":"https:\/\/agromt.news\/index.php?rest_route=%2Fwp%2Fv2%2Ftags&post=19847"}],"curies":[{"name":"wp","href":"https:\/\/api.w.org\/{rel}","templated":true}]}}