{"id":19846,"date":"2025-09-08T04:56:38","date_gmt":"2025-09-08T08:56:38","guid":{"rendered":"https:\/\/agromt.news\/?p=19846"},"modified":"2025-09-08T04:56:38","modified_gmt":"2025-09-08T08:56:38","slug":"expointer-2025-registra-recorde-de-publico-e-vendas-na-agricultura-familiar","status":"publish","type":"post","link":"https:\/\/agromt.news\/?p=19846","title":{"rendered":"Expointer 2025 registra recorde de p\u00fablico e vendas na agricultura familiar"},"content":{"rendered":"<p> <br \/>\n<\/p>\n<div>\n<p style=\"text-align:justify\"><span><span>A 48\u00aa Expointer entrou para a hist\u00f3ria como a edi\u00e7\u00e3o dos registros em p\u00fablico e mercados da agricultura familiar. Realizada no Par <\/span><\/span><span><span>que Estadual de Exposi\u00e7\u00f5es Assis Brasil, em Esteio, a feira registrou o maior n\u00famero de visitantes e de vendas no segmento, superando as marcas anteriores.<\/span><\/span>&#13;\n<\/p>\n<p style=\"text-align:justify\"><span><span>Os resultados foram apresentados neste domingo (09\/07), durante coletiva de imprensa realizada no estande do governo do Estado, no Pavilh\u00e3o Internacional. O an\u00fancio contou com a presen\u00e7a do secret\u00e1rio de Agricultura, Pecu\u00e1ria, Produ\u00e7\u00e3o Sustent\u00e1vel e Irriga\u00e7\u00e3o, Edivilson Brum, e do secret\u00e1rio de Desenvolvimento Rural, Vilson Covatti, al\u00e9m de autoridades e copromotores do evento.<\/span><\/span><\/p>\n<p style=\"text-align:justify\"><span><span>Entre os dias de programa\u00e7\u00e3o, 960.144 visitantes passaram pelo parque at\u00e9 as 14h30 de domingo. O recorde anterior era de 2023, quando 822 mil pessoas estiveram presentes. Em 2024, o p\u00fablico havia sido de 662 mil. O resultado deste ano representa um aumento de 16,8% em rela\u00e7\u00e3o \u00e0 melhor marca j\u00e1 registrada.<\/span><\/span>&#13;\n<\/p>\n<p style=\"text-align:justify\"><span><span>Um dos destaques foi o Pavilh\u00e3o da Agricultura Familiar, que alcan\u00e7ou o maior volume de vendas da hist\u00f3ria, somando R$ 13,6 milh\u00f5es em faturamento. A marca anterior, de R$ 10,8 milh\u00f5es em 2024, foi superada em mais de 25%. O espa\u00e7o tamb\u00e9m conta com a presen\u00e7a iniciada de 456 empreendimentos expositores, ampliando a oferta de produtos e servi\u00e7os.<\/span><\/span><\/p>\n<p style=\"text-align:justify\"><span><span>Na participa\u00e7\u00e3o de animais, outro registro foi registrado, com 6.696 exemplares inscritos em competi\u00e7\u00f5es e exposi\u00e7\u00f5es. Mesmo assim, as vendas no setor tiveram queda: R$ 15,4 milh\u00f5es em 2025 contra R$ 18,9 milh\u00f5es em 2024. No geral, o evento tamb\u00e9m registrou redu\u00e7\u00e3o de cerca de 45% no total de negocia\u00e7\u00f5es.<\/span><\/span>&#13;\n<\/p>\n<p><span><span>A pr\u00f3xima edi\u00e7\u00e3o j\u00e1 tem data\u00a0confirmada. A\u00a0Expointer 2026 ocorrer\u00e1 de 29 de agosto a 6 de setembro.<\/span><\/span><\/p>\n<\/p><\/div>\n<p><script data-cfasync=\"false\">\n    !function (f, b, e, v, n, t, s) {\n        if (f.fbq) return; n = f.fbq = function () {\n            n.callMethod ?\n                n.callMethod.apply(n, arguments) : n.queue.push(arguments)\n        };\n        if (!f._fbq) f._fbq = n; n.push = n; n.loaded = !0; n.version = '2.0';\n        n.queue = []; t = b.createElement(e); t.async = !0;\n        t.src = v; s = b.getElementsByTagName(e)[0];\n        s.parentNode.insertBefore(t, s)\n    }(window, document, 'script',\n        'https:\/\/connect.facebook.net\/en_US\/fbevents.js');\n    fbq('init', '522546078623747');\n    fbq('track', 'PageView');\n<\/script><br \/>\n<br \/><br \/>\n<br \/><a href=\"https:\/\/www.agrolink.com.br\/noticias\/expointer-2025-registra-recorde-de-publico-e-vendas-na-agricultura-familiar_505734.html\">Source link <\/a><\/p>\n","protected":false},"excerpt":{"rendered":"<p>A 48\u00aa Expointer entrou para a hist\u00f3ria como a edi\u00e7\u00e3o dos registros em p\u00fablico e mercados da agricultura familiar. Realizada<\/p>\n","protected":false},"author":1,"featured_media":934,"comment_status":"open","ping_status":"open","sticky":false,"template":"","format":"standard","meta":{"_monsterinsights_skip_tracking":false,"_monsterinsights_sitenote_active":false,"_monsterinsights_sitenote_note":"","_monsterinsights_sitenote_category":0,"_uf_show_specific_survey":0,"_uf_disable_surveys":false,"footnotes":""},"categories":[8,1,14],"tags":[],"class_list":["post-19846","post","type-post","status-publish","format-standard","has-post-thumbnail","hentry","category-agro","category-news","category-politica-agro"],"_links":{"self":[{"href":"https:\/\/agromt.news\/index.php?rest_route=\/wp\/v2\/posts\/19846"}],"collection":[{"href":"https:\/\/agromt.news\/index.php?rest_route=\/wp\/v2\/posts"}],"about":[{"href":"https:\/\/agromt.news\/index.php?rest_route=\/wp\/v2\/types\/post"}],"author":[{"embeddable":true,"href":"https:\/\/agromt.news\/index.php?rest_route=\/wp\/v2\/users\/1"}],"replies":[{"embeddable":true,"href":"https:\/\/agromt.news\/index.php?rest_route=%2Fwp%2Fv2%2Fcomments&post=19846"}],"version-history":[{"count":0,"href":"https:\/\/agromt.news\/index.php?rest_route=\/wp\/v2\/posts\/19846\/revisions"}],"wp:featuredmedia":[{"embeddable":true,"href":"https:\/\/agromt.news\/index.php?rest_route=\/wp\/v2\/media\/934"}],"wp:attachment":[{"href":"https:\/\/agromt.news\/index.php?rest_route=%2Fwp%2Fv2%2Fmedia&parent=19846"}],"wp:term":[{"taxonomy":"category","embeddable":true,"href":"https:\/\/agromt.news\/index.php?rest_route=%2Fwp%2Fv2%2Fcategories&post=19846"},{"taxonomy":"post_tag","embeddable":true,"href":"https:\/\/agromt.news\/index.php?rest_route=%2Fwp%2Fv2%2Ftags&post=19846"}],"curies":[{"name":"wp","href":"https:\/\/api.w.org\/{rel}","templated":true}]}}