{"id":19844,"date":"2025-09-07T20:48:13","date_gmt":"2025-09-08T00:48:13","guid":{"rendered":"https:\/\/agromt.news\/?p=19844"},"modified":"2025-09-07T20:48:13","modified_gmt":"2025-09-08T00:48:13","slug":"demanda-aquecida-deve-continuar-freando-baixa-da-arroba-do-boi-em-setembro","status":"publish","type":"post","link":"https:\/\/agromt.news\/?p=19844","title":{"rendered":"Demanda aquecida deve continuar freando baixa da arroba do boi em setembro"},"content":{"rendered":"<p> <br \/>\n<\/p>\n<div>\n<p>O mercado f\u00edsico do boi gordo se depara com predominante acomoda\u00e7\u00e3o em seus pre\u00e7os nos \u00faltimos dias. <\/p>\n<p>De acordo com o analista de Safras &amp; Mercado Fernando Henrique Iglesias, os frigor\u00edficos, em especial os de maior porte, ainda desfrutam de uma posi\u00e7\u00e3o mais confort\u00e1vel em suas escalas de abate.<\/p>\n<p>\u201cTais ind\u00fastrias contam com a incid\u00eancia de animais de parceria (contratos a termo), somado a utiliza\u00e7\u00e3o de confinamento pr\u00f3prio para suprir suas necessidades\u201d, define.<\/p>\n<p>Segundo ele, as exporta\u00e7\u00f5es em alto n\u00edvel ainda s\u00e3o o grande ponto de sustenta\u00e7\u00e3o do mercado, com um ritmo acelerado de embarques nas \u00faltimas semanas, o que deve continuar no restante do m\u00eas.<\/p>\n<p>Iglesias refor\u00e7a que algumas das principais ind\u00fastrias est\u00e3o com a escala cheia para o m\u00eas de setembro e, por conta disso, naturalmente tendem a pressionar o mercado, mas este movimento n\u00e3o deve ter for\u00e7a o suficiente para baixar significativamente os atuais patamares.<\/p>\n<\/div>\n<div>\n<h2 class=\"wp-block-heading\" id=\"h-variacao-de-precos-da-arroba-do-boi-na-semana\">Varia\u00e7\u00e3o de pre\u00e7os da arroba do boi na semana<\/h2>\n<ul class=\"wp-block-list\">\n<li><strong>S\u00e3o Paulo:<\/strong> R$ 312,17<\/li>\n<li><strong>Goi\u00e1s:<\/strong> R$ 303,57<\/li>\n<li><strong>Minas Gerais:<\/strong> R$ 299,12<\/li>\n<li><strong>Mato Grosso do Sul:<\/strong> R$ 319,66<\/li>\n<li><strong>Mato Grosso: <\/strong>R$ 311,69<\/li>\n<\/ul>\n<h2 class=\"wp-block-heading\" id=\"h-mercado-atacadista\">Mercado atacadista<\/h2>\n<p>O mercado atacadista se depara com reajustes em seus pre\u00e7os no decorrer da quinta-feira. De acordo com Iglesias, o ambiente de neg\u00f3cios sugere pela continuidade deste movimento no curto prazo, em linha com a entrada dos sal\u00e1rios na economia nos primeiros dias do m\u00eas, motivando, assim, a reposi\u00e7\u00e3o entre atacado e varejo. <\/p>\n<p>No entanto, \u00e9 importante refor\u00e7ar que a carne de frango ainda disp\u00f5e de maior competitividade se comparado com as prote\u00ednas concorrentes, em especial em rela\u00e7\u00e3o \u00e0 carne bovina\u201d.<\/p>\n<p>A semana terminou com o quarto traseiro cotado a R$ 24 por quilo, o dianteiro precificado a R$ 18,10 por quilo e a ponta de agulha a R$ 17,10.<\/p>\n<h2 class=\"wp-block-heading\" id=\"h-exportacoes-de-carne-bovina\">Exporta\u00e7\u00f5es de carne bovina<\/h2>\n<figure class=\"wp-block-image size-large\"><img fetchpriority=\"high\" decoding=\"async\" width=\"1024\" height=\"682\" src=\"https:\/\/agromt.news\/wp-content\/uploads\/2025\/05\/Queda-da-arroba-do-boi-em-maio-e-intensificada-pela.jpg\" alt=\"carne bovina exporta\u00e7\u00f5es China\" class=\"wp-image-4081957\"  \/><figcaption class=\"wp-element-caption\">Foto: Pixabay<\/figcaption><\/figure>\n<p>As <strong><a href=\"https:\/\/www.canalrural.com.br\/tag\/exportacoes\/\">exporta\u00e7\u00f5es<\/a><\/strong> de carne bovina fresca, congelada ou refrigerada do Brasil renderam US$ 1,504 bilh\u00e3o em agosto (21 dias \u00fateis), com m\u00e9dia di\u00e1ria de US$ 71,622 milh\u00f5es, conforme dados da Secretaria de Com\u00e9rcio Exterior (Secex). <\/p>\n<p>A quantidade total exportada pelo pa\u00eds chegou a <strong>268,562 mil toneladas<\/strong>, com m\u00e9dia di\u00e1ria de 12,788 mil toneladas. O pre\u00e7o m\u00e9dio da tonelada ficou em US$ 5.600,00.<\/p>\n<pre class=\"wp-block-code\"><code>Em rela\u00e7\u00e3o a agosto de 2024, houve alta de<strong> 56%<\/strong> no valor m\u00e9dio di\u00e1rio da exporta\u00e7\u00e3o, ganho de <strong>23,5%<\/strong> na quantidade m\u00e9dia di\u00e1ria exportada e avan\u00e7o de<strong> 26,3%<\/strong> no pre\u00e7o m\u00e9dio. <\/code><\/pre>\n<\/p><\/div>\n<p><br \/>\n<br \/><a href=\"https:\/\/www.canalrural.com.br\/pecuaria\/demanda-aquecida-deve-continuar-freando-baixa-da-arroba-do-boi-em-setembro\/\">Source link <\/a><\/p>\n","protected":false},"excerpt":{"rendered":"<p>O mercado f\u00edsico do boi gordo se depara com predominante acomoda\u00e7\u00e3o em seus pre\u00e7os nos \u00faltimos dias. De acordo com<\/p>\n","protected":false},"author":1,"featured_media":1501,"comment_status":"open","ping_status":"open","sticky":false,"template":"","format":"standard","meta":{"_monsterinsights_skip_tracking":false,"_monsterinsights_sitenote_active":false,"_monsterinsights_sitenote_note":"","_monsterinsights_sitenote_category":0,"_uf_show_specific_survey":0,"_uf_disable_surveys":false,"footnotes":""},"categories":[1],"tags":[],"class_list":["post-19844","post","type-post","status-publish","format-standard","has-post-thumbnail","hentry","category-news"],"_links":{"self":[{"href":"https:\/\/agromt.news\/index.php?rest_route=\/wp\/v2\/posts\/19844"}],"collection":[{"href":"https:\/\/agromt.news\/index.php?rest_route=\/wp\/v2\/posts"}],"about":[{"href":"https:\/\/agromt.news\/index.php?rest_route=\/wp\/v2\/types\/post"}],"author":[{"embeddable":true,"href":"https:\/\/agromt.news\/index.php?rest_route=\/wp\/v2\/users\/1"}],"replies":[{"embeddable":true,"href":"https:\/\/agromt.news\/index.php?rest_route=%2Fwp%2Fv2%2Fcomments&post=19844"}],"version-history":[{"count":0,"href":"https:\/\/agromt.news\/index.php?rest_route=\/wp\/v2\/posts\/19844\/revisions"}],"wp:featuredmedia":[{"embeddable":true,"href":"https:\/\/agromt.news\/index.php?rest_route=\/wp\/v2\/media\/1501"}],"wp:attachment":[{"href":"https:\/\/agromt.news\/index.php?rest_route=%2Fwp%2Fv2%2Fmedia&parent=19844"}],"wp:term":[{"taxonomy":"category","embeddable":true,"href":"https:\/\/agromt.news\/index.php?rest_route=%2Fwp%2Fv2%2Fcategories&post=19844"},{"taxonomy":"post_tag","embeddable":true,"href":"https:\/\/agromt.news\/index.php?rest_route=%2Fwp%2Fv2%2Ftags&post=19844"}],"curies":[{"name":"wp","href":"https:\/\/api.w.org\/{rel}","templated":true}]}}