{"id":19842,"date":"2025-09-07T19:15:55","date_gmt":"2025-09-07T23:15:55","guid":{"rendered":"https:\/\/agromt.news\/?p=19842"},"modified":"2025-09-07T19:15:55","modified_gmt":"2025-09-07T23:15:55","slug":"precos-do-acucar-ampliam-quedas-com-perspectiva-de-oferta-global-robusta","status":"publish","type":"post","link":"https:\/\/agromt.news\/?p=19842","title":{"rendered":"Pre\u00e7os do a\u00e7\u00facar ampliam quedas com perspectiva de oferta global robusta"},"content":{"rendered":"<p> <br \/>\n<\/p>\n<div>\n<p><img decoding=\"async\" alt=\"Logotipo Not&#xED;cias Agr&#xED;colas\" height=\"21\" src=\"https:\/\/cdn.noticiasagricolas.com.br\/dbimagens\/e12363a00741f9cc7caf23469101a4aa.png\" width=\"106\"\/><\/p>\n<p>Os contratos futuros do a\u00e7\u00facar mantiveram a trajet\u00f3ria de baixa nas bolsas internacionais nesta quarta-feira (6), pressionados por perspectivas favor\u00e1veis para a oferta global da commodity. As cota\u00e7\u00f5es recuaram tanto na Bolsa de Nova York quanto na Bolsa de Londres, com perdas em todos os principais vencimentos.<\/p>\n<p>Em Nova York, o contrato com vencimento em outubro\/25 caiu 0,08 cent, ou 0,50%, encerrando o dia cotado a 16,01 cents\/lbp. O mar\u00e7o\/26 recuou 0,09 cent (-0,54%), negociado a 16,66 cents\/lbp. J\u00e1 os contratos para maio\/26 e julho\/26 tamb\u00e9m perderam 0,09 cent cada (-0,55%), fechando a 16,41 e 16,34 cents\/lbp, respectivamente.<\/p>\n<p>Em Londres, o cen\u00e1rio tamb\u00e9m foi de queda. O vencimento outubro\/25 recuou US$ 1,50 (-0,32%), encerrando a US$ 462,10 por tonelada. O contrato para dezembro\/25 cedeu US$ 1,90 (-0,41%), cotado a US$ 456,20 por tonelada. O mar\u00e7o\/26 teve perda de US$ 2,40 (-0,52%), negociado a US$ 460,00 por tonelada, enquanto o maio\/26 caiu US$ 2,30 (-0,50%), a US$ 462,00 por tonelada.<\/p>\n<p>Segundo Jack Scoville, analista da The Price Futures Group, o mercado segue pressionado pelas expectativas de ampla oferta global, alimentadas por condi\u00e7\u00f5es clim\u00e1ticas favor\u00e1veis ao cultivo de cana-de-a\u00e7\u00facar e beterraba em diversas regi\u00f5es produtoras. \u201cA colheita no Centro-Sul do Brasil est\u00e1 mais r\u00e1pida agora, em meio a condi\u00e7\u00f5es mais secas. A produ\u00e7\u00e3o no Centro-Sul do Brasil tamb\u00e9m tem sido forte\u201d, observou o analista.<\/p>\n<p>Al\u00e9m da oferta brasileira, pa\u00edses como \u00cdndia e Tail\u00e2ndia tamb\u00e9m apresentam boas perspectivas, com o in\u00edcio antecipado da temporada de mon\u00e7\u00f5es contribuindo para o desenvolvimento das lavouras. Esse cen\u00e1rio refor\u00e7a a expectativa de suprimentos abundantes, o que limita o avan\u00e7o dos pre\u00e7os no mercado futuro.<\/p>\n<\/p><\/div>\n<p><script async defer src=\"https:\/\/connect.facebook.net\/en_US\/sdk.js\"><\/script><script>\n  !function(f,b,e,v,n,t,s)\n  {if(f.fbq)return;n=f.fbq=function(){n.callMethod?\n    n.callMethod.apply(n,arguments):n.queue.push(arguments)};\n    if(!f._fbq)f._fbq=n;n.push=n;n.loaded=!0;n.version='2.0';\n    n.queue=[];t=b.createElement(e);t.async=!0;\n    t.src=v;s=b.getElementsByTagName(e)[0];\n    s.parentNode.insertBefore(t,s)}(window, document,'script',\n    'https:\/\/connect.facebook.net\/en_US\/fbevents.js');\n  fbq('init', '153495679422335');\n  fbq('track', 'PageView');\n<\/script><br \/>\n<br \/><br \/>\n<br \/><a href=\"https:\/\/www.noticiasagricolas.com.br\/noticias\/sucroenergetico\/405329-acucar-amplia-quedas-em-queda-com-perspectiva-de-oferta-global-robusta.html\">Source link <\/a><\/p>\n","protected":false},"excerpt":{"rendered":"<p>Os contratos futuros do a\u00e7\u00facar mantiveram a trajet\u00f3ria de baixa nas bolsas internacionais nesta quarta-feira (6), pressionados por perspectivas favor\u00e1veis<\/p>\n","protected":false},"author":1,"featured_media":19843,"comment_status":"open","ping_status":"open","sticky":false,"template":"","format":"standard","meta":{"_monsterinsights_skip_tracking":false,"_monsterinsights_sitenote_active":false,"_monsterinsights_sitenote_note":"","_monsterinsights_sitenote_category":0,"_uf_show_specific_survey":0,"_uf_disable_surveys":false,"footnotes":""},"categories":[8,1,14,16],"tags":[],"class_list":["post-19842","post","type-post","status-publish","format-standard","has-post-thumbnail","hentry","category-agro","category-news","category-politica-agro","category-safra"],"_links":{"self":[{"href":"https:\/\/agromt.news\/index.php?rest_route=\/wp\/v2\/posts\/19842"}],"collection":[{"href":"https:\/\/agromt.news\/index.php?rest_route=\/wp\/v2\/posts"}],"about":[{"href":"https:\/\/agromt.news\/index.php?rest_route=\/wp\/v2\/types\/post"}],"author":[{"embeddable":true,"href":"https:\/\/agromt.news\/index.php?rest_route=\/wp\/v2\/users\/1"}],"replies":[{"embeddable":true,"href":"https:\/\/agromt.news\/index.php?rest_route=%2Fwp%2Fv2%2Fcomments&post=19842"}],"version-history":[{"count":0,"href":"https:\/\/agromt.news\/index.php?rest_route=\/wp\/v2\/posts\/19842\/revisions"}],"wp:featuredmedia":[{"embeddable":true,"href":"https:\/\/agromt.news\/index.php?rest_route=\/wp\/v2\/media\/19843"}],"wp:attachment":[{"href":"https:\/\/agromt.news\/index.php?rest_route=%2Fwp%2Fv2%2Fmedia&parent=19842"}],"wp:term":[{"taxonomy":"category","embeddable":true,"href":"https:\/\/agromt.news\/index.php?rest_route=%2Fwp%2Fv2%2Fcategories&post=19842"},{"taxonomy":"post_tag","embeddable":true,"href":"https:\/\/agromt.news\/index.php?rest_route=%2Fwp%2Fv2%2Ftags&post=19842"}],"curies":[{"name":"wp","href":"https:\/\/api.w.org\/{rel}","templated":true}]}}