{"id":19830,"date":"2025-09-07T15:20:05","date_gmt":"2025-09-07T19:20:05","guid":{"rendered":"https:\/\/agromt.news\/?p=19830"},"modified":"2025-09-07T15:20:05","modified_gmt":"2025-09-07T19:20:05","slug":"agroindustrias-familiares-sao-tema-de-diagnostico-apresentado-na-expointer","status":"publish","type":"post","link":"https:\/\/agromt.news\/?p=19830","title":{"rendered":"Agroind\u00fastrias familiares s\u00e3o tema de diagn\u00f3stico apresentado na Expointer"},"content":{"rendered":"<p> <br \/>\n<\/p>\n<div>\n<div class=\"row\">\n<div class=\"col-lg col-infos mt-0 mt-lg-0\">\n<div class=\"section-sub-title\">\n<p itemprop=\"description\">&#13;<br \/>\n                                Estudo re\u00fane dados preliminares de semin\u00e1rios regionais&#13;\n                            <\/p>\n<\/p><\/div>\n<div class=\"container\">\n<div class=\"row\">\n<div class=\"col-lg p-0 text-lg-end\">\n<div>\n<div id=\"mdEnviarPagina\" class=\"modal fade\" role=\"dialog\">\n<div class=\"modal-dialog\">\n<div class=\"modal-content\">\n<div class=\"modal-body\">\n<p><strong>Estimado usu\u00e1rio.<\/strong><br \/>Preencha o formul\u00e1rio abaixo para remeter a p\u00e1gina.<\/p>\n<\/p><\/div>\n<\/p><\/div>\n<\/p><\/div>\n<\/div><\/div>\n<\/p><\/div>\n<\/p><\/div>\n<\/p><\/div>\n<\/p><\/div>\n<\/p><\/div>\n<div class=\"row justify-content-md-center mt-3\">\n<div class=\"col-lg-auto col-image block-news-main-image\">\n<p>                                <img decoding=\"async\" src=\"https:\/\/www.agrolink.com.br\/upload\/imagens-resizes\/374380dc00d74370b54671972c8250db_858x483.jpg\" class=\"lazyload img-fluid\"\/><br \/>\n                                                <span class=\"publicity-photo d-block mt-1\">Foto: Divulga\u00e7\u00e3o<\/span><\/p><\/div>\n<\/p><\/div>\n<div class=\"section-description section-description-noticias mt-3\">\n<p style=\"text-align:justify\">Na tarde desta quinta-feira (4\/9), a Expointer recebeu a apresenta\u00e7\u00e3o dos resultados preliminares do diagn\u00f3stico das agroind\u00fastrias familiares do Rio Grande do Sul. O trabalho \u00e9 fruto da parceria entre a Secretaria de Planejamento, Governan\u00e7a e Gest\u00e3o (SPGG), a Secretaria de Desenvolvimento Rural (SDR) e a Emater\/RS-Ascar.&#13;\n<\/p>\n<p style=\"text-align:justify\">O estudo busca compreender os principais desafios e demandas das agroind\u00fastrias cadastradas no Programa Estadual de Agroind\u00fastria Familiar (PEAF). Atualmente, o programa conta com mais de 4 mil agroind\u00fastrias cadastradas e oferece cr\u00e9dito subsidiado, benef\u00edcios tribut\u00e1rios, acesso a feiras e ao selo Sabor Ga\u00facho. O apoio requerido ao DEE-SPGG consistiu na sistematiza\u00e7\u00e3o e interpreta\u00e7\u00e3o de informa\u00e7\u00f5es obtidas a partir de semin\u00e1rios regionais, conduzidos com os principais benefici\u00e1rios do programa, que reuniram mais de 1.800 participantes em 12 regi\u00f5es do Estado, nos anos de 2024 e 2025. As informa\u00e7\u00f5es dos semin\u00e1rios s\u00e3o de car\u00e1ter qualitativo e coube ao DEE a sua sistematiza\u00e7\u00e3o e an\u00e1lise estat\u00edstica.\u00a0<\/p>\n<p style=\"text-align:justify\">A apresenta\u00e7\u00e3o tamb\u00e9m marcou o lan\u00e7amento da Pesquisa de Diagn\u00f3stico das Agroind\u00fastrias Familiares, que ser\u00e1 conduzida em campo a partir de setembro. O question\u00e1rio, elaborado pelo DEE\/SPGG, vai aprofundar dimens\u00f5es como caracteriza\u00e7\u00e3o produtiva, comercializa\u00e7\u00e3o, situa\u00e7\u00e3o financeira, sucess\u00e3o familiar, meio ambiente e qualidade de vida.\u00a0&#13;\n<\/p>\n<p style=\"text-align:justify\">Para o diretor-adjunto do Departamento de Agroind\u00fastria Familiar da SDR, Maur\u00edcio Neuhaus, o levantamento de dados \u00e9 fundamental para que possamos compreender com clareza a realidade das fam\u00edlias que vivem da agroindustrializa\u00e7\u00e3o no meio rural. &#8220;A partir dessas informa\u00e7\u00f5es, conseguimos embasar pol\u00edticas p\u00fablicas mais justas e eficazes, que atendam \u00e0s necessidades dos produtores, valorizem seu trabalho e incentivem o desenvolvimento das agroind\u00fastrias familiares&#8221;, concluiu Neuhaus.<\/p>\n<p style=\"text-align:justify\">\u201cEste levantamento vai gerar informa\u00e7\u00f5es fundamentais para aprimorar as pol\u00edticas p\u00fablicas voltadas \u00e0s agroind\u00fastrias familiares e ao fortalecimento da agricultura no Estado\u201d, destacou o pesquisador do DEE\/SPGG, Rodrigo Feix.<\/p>\n<\/p><\/div>\n<\/p><\/div>\n<p><script data-cfasync=\"false\">\n    !function (f, b, e, v, n, t, s) {\n        if (f.fbq) return; n = f.fbq = function () {\n            n.callMethod ?\n                n.callMethod.apply(n, arguments) : n.queue.push(arguments)\n        };\n        if (!f._fbq) f._fbq = n; n.push = n; n.loaded = !0; n.version = '2.0';\n        n.queue = []; t = b.createElement(e); t.async = !0;\n        t.src = v; s = b.getElementsByTagName(e)[0];\n        s.parentNode.insertBefore(t, s)\n    }(window, document, 'script',\n        'https:\/\/connect.facebook.net\/en_US\/fbevents.js');\n    fbq('init', '522546078623747');\n    fbq('track', 'PageView');\n<\/script><br \/>\n<br \/><br \/>\n<br \/><a href=\"https:\/\/www.agrolink.com.br\/noticias\/agroindustrias-familiares-sao-tema-de-diagnostico-apresentado-na-expointer_505707.html\">Source link <\/a><\/p>\n","protected":false},"excerpt":{"rendered":"<p>&#13; Estudo re\u00fane dados preliminares de semin\u00e1rios regionais&#13; Estimado usu\u00e1rio.Preencha o formul\u00e1rio abaixo para remeter a p\u00e1gina. Foto: Divulga\u00e7\u00e3o Na<\/p>\n","protected":false},"author":1,"featured_media":19831,"comment_status":"open","ping_status":"open","sticky":false,"template":"","format":"standard","meta":{"_monsterinsights_skip_tracking":false,"_monsterinsights_sitenote_active":false,"_monsterinsights_sitenote_note":"","_monsterinsights_sitenote_category":0,"_uf_show_specific_survey":0,"_uf_disable_surveys":false,"footnotes":""},"categories":[8,1,14],"tags":[],"class_list":["post-19830","post","type-post","status-publish","format-standard","has-post-thumbnail","hentry","category-agro","category-news","category-politica-agro"],"_links":{"self":[{"href":"https:\/\/agromt.news\/index.php?rest_route=\/wp\/v2\/posts\/19830"}],"collection":[{"href":"https:\/\/agromt.news\/index.php?rest_route=\/wp\/v2\/posts"}],"about":[{"href":"https:\/\/agromt.news\/index.php?rest_route=\/wp\/v2\/types\/post"}],"author":[{"embeddable":true,"href":"https:\/\/agromt.news\/index.php?rest_route=\/wp\/v2\/users\/1"}],"replies":[{"embeddable":true,"href":"https:\/\/agromt.news\/index.php?rest_route=%2Fwp%2Fv2%2Fcomments&post=19830"}],"version-history":[{"count":0,"href":"https:\/\/agromt.news\/index.php?rest_route=\/wp\/v2\/posts\/19830\/revisions"}],"wp:featuredmedia":[{"embeddable":true,"href":"https:\/\/agromt.news\/index.php?rest_route=\/wp\/v2\/media\/19831"}],"wp:attachment":[{"href":"https:\/\/agromt.news\/index.php?rest_route=%2Fwp%2Fv2%2Fmedia&parent=19830"}],"wp:term":[{"taxonomy":"category","embeddable":true,"href":"https:\/\/agromt.news\/index.php?rest_route=%2Fwp%2Fv2%2Fcategories&post=19830"},{"taxonomy":"post_tag","embeddable":true,"href":"https:\/\/agromt.news\/index.php?rest_route=%2Fwp%2Fv2%2Ftags&post=19830"}],"curies":[{"name":"wp","href":"https:\/\/api.w.org\/{rel}","templated":true}]}}