{"id":19825,"date":"2025-09-07T13:31:49","date_gmt":"2025-09-07T17:31:49","guid":{"rendered":"https:\/\/agromt.news\/?p=19825"},"modified":"2025-09-07T13:31:49","modified_gmt":"2025-09-07T17:31:49","slug":"ciclone-deve-provocar-temporais-queda-de-granizo-e-de-energia-eletrica","status":"publish","type":"post","link":"https:\/\/agromt.news\/?p=19825","title":{"rendered":"Ciclone deve provocar temporais, queda de granizo e de energia el\u00e9trica"},"content":{"rendered":"<p> <br \/>\n<br \/><img decoding=\"async\" src=\"https:\/\/agromt.news\/wp-content\/uploads\/2024\/10\/Previsao-aponta-temporais-e-ventos-de-70-kmh-no-Nordeste.jpg\" \/><\/p>\n<div>\n<p>Um ciclone extratropical deve trazer fen\u00f4menos intensos para o Sul do pa\u00eds no in\u00edcio desta semana, com temporais, ventania e queda de granizo. O Sudeste tamb\u00e9m ser\u00e1 impactado, mas de forma mais localizada e amena. <\/p>\n<div data-icp-cta=\"1\" id=\"icp-cta-unique\">Voc\u00ea quer entender como usar o clima a seu favor?<b> <\/b><a href=\"https:\/\/climacampo.canalrural.com.br\/climacampo_-01\">Preparamos um e-book exclusivo<\/a> para ajudar produtores rurais a se antecipar \u00e0s mudan\u00e7as do tempo e planejar melhor suas a\u00e7\u00f5es. Com base em previs\u00f5es meteorol\u00f3gicas confi\u00e1veis, ele oferece orienta\u00e7\u00f5es pr\u00e1ticas para proteger sua lavoura e otimizar seus resultados.<\/div>\n<p>Nas demais regi\u00f5es do pa\u00eds, destaque para as temperaturas m\u00e1ximas que podem exceder os 40\u00b0C. Confira a previs\u00e3o do tempo do meteorologista do Canal Rural, Arthur M\u00fcller, entre esta segunda (8) e sexta-feira (12):  <\/p>\n<h2 class=\"wp-block-heading\" id=\"h-sul\">Sul<\/h2>\n<p>A forma\u00e7\u00e3o de um ciclone extratropical no litoral ga\u00facho far\u00e1 a semana come\u00e7ar com pancadas de chuva, risco de temporais e queda de granizo, al\u00e9m de rajadas de vento acima de <strong>60 km\/h<\/strong> em todo o <strong><a href=\"https:\/\/www.canalrural.com.br\/nacional\/rio-grande-do-sul\/\">Rio Grande do Sul<\/a><\/strong> e em Santa Catarina, atingindo, tamb\u00e9m, o oeste do <strong><a href=\"https:\/\/www.canalrural.com.br\/nacional\/parana\/\">Paran\u00e1<\/a><\/strong>. Nessas localidades, a previs\u00e3o indica acumulado de chuva entre segunda e ter\u00e7a (8 e 9) entre <strong>40 mm e 60 mm<\/strong>. J\u00e1 no paranaense n\u00e3o chove e a temperatura m\u00e1xima deve ficar acima dos 30\u00baC, elevando o risco para focos de inc\u00eandio. A partir de quarta-feira (10), o tempo fica mais firme em todo o Sul e as temperaturas voltam a subir gradativamente.<\/p>\n<h2 class=\"wp-block-heading\" id=\"h-sudeste\">Sudeste<\/h2>\n<p>O ciclone que atua sobre o Sul deve chegar ao Sudeste na ter\u00e7a-feira (9), com rajadas de vento intensas em S\u00e3o Paulo, Rio de Janeiro e sul de Minas Gerais, o suficiente para derrubar \u00e1rvores e <strong>interromper o abastecimento de energia el\u00e9trica<\/strong>. A semana tamb\u00e9m come\u00e7a com pancadas de chuva no litoral do Sudeste, al\u00e9m de no leste mineiro. Enquanto isso, grande parte da regi\u00e3o permanece com tempo firme e predom\u00ednio de sol. As temperaturas voltam a se elevar em S\u00e3o Paulo e no Rio de Janeiro ap\u00f3s um fim de semana frio. Aten\u00e7\u00e3o para a umidade do ar abaixo de 30% em boa parte dos territ\u00f3rios paulista, mineiro e fluminense, com destaque para as regi\u00f5es interioranas, onde os term\u00f4metros devem chegar a at\u00e9<strong> 37\u00baC<\/strong>. Quanto \u00e0 chuva, Rio de Janeiro, Esp\u00edrito Santo e leste de Minas Gerais devem receber, no m\u00e1ximo, 10 mm at\u00e9 sexta-feira (12).<\/p>\n<\/div>\n<div>\n<h2 class=\"wp-block-heading\" id=\"h-centro-oeste\">Centro-Oeste<\/h2>\n<p>No decorrer da semana, a chuva se concentra no extremo sul de Mato Grosso do Sul e no noroeste de Mato Grosso, com acumulados entre 20 mm e 30 mm. No extremo norte mato-grossense, a segunda-feira (8) ser\u00e1 de pancadas de chuva ocasionais. Nas demais \u00e1reas do Centro-Oeste a tend\u00eancia \u00e9 tempo quente e seco, com precipita\u00e7\u00f5es previstas apenas no in\u00edcio da primavera, entre os dias 20 e 22 de setembro. De forma geral, at\u00e9 sexta-feira, o padr\u00e3o de tempo na regi\u00e3o permanece com temperaturas elevadas, com m\u00e1ximas que podem chegar a <strong>41\u00b0C<\/strong>, especualmente no centro-norte de Mato Grosso do Sul, em Goi\u00e1s e em Mato Grosso. <\/p>\n<h2 class=\"wp-block-heading\" id=\"h-nordeste\">Nordeste<\/h2>\n<p>As chamadas \u201condas de leste\u201d continuam a atuar no litoral do Nordeste, levando chuva entre <strong>10 mm e 20 mm<\/strong> ao longo da semana para <strong><a href=\"https:\/\/www.canalrural.com.br\/nacional\/bahia\/\">Bahia<\/a><\/strong>, Sergipe, Alagoas, Pernambuco, Cear\u00e1, Maranh\u00e3o e Rio Grande do Norte. Contudo, as temperaturas seguem elevadas em grande parte do Nordeste, com umidade relativa do ar abaixo de 30% e temperaturas de at\u00e9 <strong>38\u00b0C<\/strong> nas regi\u00f5es de interior. A chuva deve come\u00e7ar a retornar com mais for\u00e7a apenas nas \u00faltimas semanas de setembro.<\/p>\n<h2 class=\"wp-block-heading\" id=\"h-norte\">Norte<\/h2>\n<p>Nesta segunda-feira, a previs\u00e3o indica diminui\u00e7\u00e3o das pancadas de chuva em Rond\u00f4nia e no<br \/>Acre. Por\u00e9m, h\u00e1 risco de temporais que ainda atingem grande parte da faixa oeste e tamb\u00e9m o oeste do Par\u00e1. O calor e o tempo seco predominam especialmente no Tocantins e sul paraense, com umidade relativa do ar abaixo de 30%. No Amazonas, em Roraima e em Rond\u00f4nia o acumulado de chuva ao longo da semana deve ficar entre <strong>30 mm e 40 mm<\/strong>. Contudo, o calor\u00e3o e o tempo seco prevalecem no centro-sul paraense e no Tocantins, com m\u00e1ximas que ficam acima dos <strong>40\u00b0C<\/strong>.<\/p>\n<\/p><\/div>\n<p><br \/>\n<br \/><a href=\"https:\/\/www.canalrural.com.br\/tempo\/ciclone-deve-provocar-temporais-queda-de-granizo-e-de-energia-eletrica\/\">Source link <\/a><\/p>\n","protected":false},"excerpt":{"rendered":"<p>Um ciclone extratropical deve trazer fen\u00f4menos intensos para o Sul do pa\u00eds no in\u00edcio desta semana, com temporais, ventania e<\/p>\n","protected":false},"author":1,"featured_media":3164,"comment_status":"open","ping_status":"open","sticky":false,"template":"","format":"standard","meta":{"_monsterinsights_skip_tracking":false,"_monsterinsights_sitenote_active":false,"_monsterinsights_sitenote_note":"","_monsterinsights_sitenote_category":0,"_uf_show_specific_survey":0,"_uf_disable_surveys":false,"footnotes":""},"categories":[1],"tags":[],"class_list":["post-19825","post","type-post","status-publish","format-standard","has-post-thumbnail","hentry","category-news"],"_links":{"self":[{"href":"https:\/\/agromt.news\/index.php?rest_route=\/wp\/v2\/posts\/19825"}],"collection":[{"href":"https:\/\/agromt.news\/index.php?rest_route=\/wp\/v2\/posts"}],"about":[{"href":"https:\/\/agromt.news\/index.php?rest_route=\/wp\/v2\/types\/post"}],"author":[{"embeddable":true,"href":"https:\/\/agromt.news\/index.php?rest_route=\/wp\/v2\/users\/1"}],"replies":[{"embeddable":true,"href":"https:\/\/agromt.news\/index.php?rest_route=%2Fwp%2Fv2%2Fcomments&post=19825"}],"version-history":[{"count":0,"href":"https:\/\/agromt.news\/index.php?rest_route=\/wp\/v2\/posts\/19825\/revisions"}],"wp:featuredmedia":[{"embeddable":true,"href":"https:\/\/agromt.news\/index.php?rest_route=\/wp\/v2\/media\/3164"}],"wp:attachment":[{"href":"https:\/\/agromt.news\/index.php?rest_route=%2Fwp%2Fv2%2Fmedia&parent=19825"}],"wp:term":[{"taxonomy":"category","embeddable":true,"href":"https:\/\/agromt.news\/index.php?rest_route=%2Fwp%2Fv2%2Fcategories&post=19825"},{"taxonomy":"post_tag","embeddable":true,"href":"https:\/\/agromt.news\/index.php?rest_route=%2Fwp%2Fv2%2Ftags&post=19825"}],"curies":[{"name":"wp","href":"https:\/\/api.w.org\/{rel}","templated":true}]}}