{"id":19821,"date":"2025-09-07T13:17:45","date_gmt":"2025-09-07T17:17:45","guid":{"rendered":"https:\/\/agromt.news\/?p=19821"},"modified":"2025-09-07T13:17:45","modified_gmt":"2025-09-07T17:17:45","slug":"exportacoes-de-cafe-para-os-eua-caem-47-e-demanda-deve-ficar-descoberta","status":"publish","type":"post","link":"https:\/\/agromt.news\/?p=19821","title":{"rendered":"Exporta\u00e7\u00f5es de caf\u00e9 para os EUA caem 47% e demanda deve ficar descoberta"},"content":{"rendered":"<p> <br \/>\n<br \/><img decoding=\"async\" src=\"https:\/\/agromt.news\/wp-content\/uploads\/2025\/09\/Exportacoes-de-cafe-para-os-EUA-caem-47-e-demanda.jpg\" \/><\/p>\n<div>\n<p>A taxa\u00e7\u00e3o dos <a href=\"https:\/\/www.canalrural.com.br\/tag\/estados-unidos\/\">Estados Unidos<\/a> vem pressionando o mercado do caf\u00e9, que reage com forte volatilidade nos pre\u00e7os. S\u00f3 que isso vem perdendo for\u00e7a nos \u00faltimos dias, principalmente nos contratos futuros. Em uma semana, as perdas somam quase 3%.<\/p>\n<p>De acordo com levantamento da Companhia Nacional de Abastecimento (<a href=\"https:\/\/www.canalrural.com.br\/tag\/conab\/\">Conab<\/a>), do dia 1\u00ba a 25 de agosto, as exporta\u00e7\u00f5es brasileiras do gr\u00e3o para os EUA ca\u00edram 47%.<\/p>\n<figure class=\"wp-block-embed is-type-video is-provider-youtube wp-block-embed-youtube wp-embed-aspect-16-9 wp-has-aspect-ratio\">\n<p>\n<iframe title=\"Tarifa\u00e7o dos Estados Unidos pressiona pre\u00e7os do caf\u00e9 em Nova York\" width=\"800\" height=\"450\" src=\"https:\/\/www.youtube.com\/embed\/hUkQm0mnYrA?feature=oembed\" frameborder=\"0\" allow=\"accelerometer; autoplay; clipboard-write; encrypted-media; gyroscope; picture-in-picture; web-share\" referrerpolicy=\"strict-origin-when-cross-origin\" allowfullscreen><\/iframe>\n<\/p>\n<\/figure>\n<p>Segundo o diretor da Faros Consultoria, Haroldo Bonf\u00e1, as volatilidades fazem parte do acompanhamento das bolsas, tanto em Londres quanto em Nova York. <\/p>\n<p>De acordo com ele, o \u201ctarifa\u00e7o\u201d norte-americano retira do mercado 7 a 8 milh\u00f5es de sacas anuais que deveriam ser enviadas aos Estados Unidos, ent\u00e3o o setor busca alternativas, como enviar o caf\u00e9 para Canad\u00e1 ou M\u00e9xico e depois processar. O Brasil j\u00e1 tem hist\u00f3rico de comercializa\u00e7\u00e3o com esses pa\u00edses.<\/p>\n<\/div>\n<div>\n<p>O analista comenta que nos Estados Unidos h\u00e1 grande discuss\u00e3o sobre infla\u00e7\u00e3o. Um aumento de 50% no pre\u00e7o da mat\u00e9ria-prima reflete nos pre\u00e7os ao consumidor, encarecendo o produto e impactando \u00edndices inflacion\u00e1rios.<\/p>\n<p>No entanto, apesar do impacto nos pre\u00e7os, o consumo n\u00e3o deve ser afetado, j\u00e1 que o caf\u00e9 \u00e9 considerado \u201cinel\u00e1stico\u201d. \u201c\u00c9 pouco prov\u00e1vel que o consumo caia. Economistas dizem que o caf\u00e9 \u00e9 \u2018inel\u00e1stico\u2019, ou seja, a varia\u00e7\u00e3o de pre\u00e7o n\u00e3o afeta diretamente o consumo, porque traz benef\u00edcios de sa\u00fade e emocionais. Mas os pre\u00e7os, sim, s\u00e3o afetados\u201d, contextualiza.<\/p>\n<p>Para os produtores, Bonf\u00e1 recomenda cautela e usar o bom senso nas vendas, aproveitando oportunidades de lucratividade, mas de forma ponderada.<\/p>\n<p>\u201cPrimeiro, tenha consci\u00eancia do que colheu; o volume precisa durar at\u00e9 a pr\u00f3xima safra. A maioria dos produtores est\u00e1 bem capitalizada, ent\u00e3o n\u00e3o h\u00e1 necessidade imediata de vender tudo. Use o bom senso: aproveite oportunidades para lucrar, mas fa\u00e7a de forma ponderada.\u201d recomenda. <\/p>\n<p>Ainda segundo o diretor, mesmo considerando safras de Vietn\u00e3 e Col\u00f4mbia, elas n\u00e3o ser\u00e3o suficientes para suprir a falta de ar\u00e1bica do Brasil nos Estados Unidos. A expectativa da maioria dos analistas \u00e9 de pre\u00e7os altos at\u00e9 a pr\u00f3xima colheita.<\/p>\n<\/p><\/div>\n<p><br \/>\n<br \/><a href=\"https:\/\/www.canalrural.com.br\/agricultura\/exportacoes-de-cafe-para-os-eua-caem-47-e-demanda-deve-ficar-descoberta\/\">Source link <\/a><\/p>\n","protected":false},"excerpt":{"rendered":"<p>A taxa\u00e7\u00e3o dos Estados Unidos vem pressionando o mercado do caf\u00e9, que reage com forte volatilidade nos pre\u00e7os. S\u00f3 que<\/p>\n","protected":false},"author":1,"featured_media":19822,"comment_status":"open","ping_status":"open","sticky":false,"template":"","format":"standard","meta":{"_monsterinsights_skip_tracking":false,"_monsterinsights_sitenote_active":false,"_monsterinsights_sitenote_note":"","_monsterinsights_sitenote_category":0,"_uf_show_specific_survey":0,"_uf_disable_surveys":false,"footnotes":""},"categories":[1],"tags":[],"class_list":["post-19821","post","type-post","status-publish","format-standard","has-post-thumbnail","hentry","category-news"],"_links":{"self":[{"href":"https:\/\/agromt.news\/index.php?rest_route=\/wp\/v2\/posts\/19821"}],"collection":[{"href":"https:\/\/agromt.news\/index.php?rest_route=\/wp\/v2\/posts"}],"about":[{"href":"https:\/\/agromt.news\/index.php?rest_route=\/wp\/v2\/types\/post"}],"author":[{"embeddable":true,"href":"https:\/\/agromt.news\/index.php?rest_route=\/wp\/v2\/users\/1"}],"replies":[{"embeddable":true,"href":"https:\/\/agromt.news\/index.php?rest_route=%2Fwp%2Fv2%2Fcomments&post=19821"}],"version-history":[{"count":0,"href":"https:\/\/agromt.news\/index.php?rest_route=\/wp\/v2\/posts\/19821\/revisions"}],"wp:featuredmedia":[{"embeddable":true,"href":"https:\/\/agromt.news\/index.php?rest_route=\/wp\/v2\/media\/19822"}],"wp:attachment":[{"href":"https:\/\/agromt.news\/index.php?rest_route=%2Fwp%2Fv2%2Fmedia&parent=19821"}],"wp:term":[{"taxonomy":"category","embeddable":true,"href":"https:\/\/agromt.news\/index.php?rest_route=%2Fwp%2Fv2%2Fcategories&post=19821"},{"taxonomy":"post_tag","embeddable":true,"href":"https:\/\/agromt.news\/index.php?rest_route=%2Fwp%2Fv2%2Ftags&post=19821"}],"curies":[{"name":"wp","href":"https:\/\/api.w.org\/{rel}","templated":true}]}}