{"id":19818,"date":"2025-09-07T11:25:38","date_gmt":"2025-09-07T15:25:38","guid":{"rendered":"https:\/\/agromt.news\/?p=19818"},"modified":"2025-09-07T11:25:38","modified_gmt":"2025-09-07T15:25:38","slug":"diesel-sobe-em-agosto-e-supera-preco-de-julho","status":"publish","type":"post","link":"https:\/\/agromt.news\/?p=19818","title":{"rendered":"Diesel sobe em agosto e supera pre\u00e7o de julho"},"content":{"rendered":"<p> <br \/>\n<\/p>\n<div>\n<p>Em agosto, o pre\u00e7o do diesel registrou alta em rela\u00e7\u00e3o a julho, segundo o \u00cdndice de Pre\u00e7os Edenred Ticket Log (IPTL). O diesel comum ficou 0,65% mais caro, alcan\u00e7ando m\u00e9dia de R$ 6,19, enquanto o diesel S-10 subiu 0,81%, chegando a R$ 6,22. De acordo com a Edenred, as oscila\u00e7\u00f5es do petr\u00f3leo e do c\u00e2mbio seguem como fatores determinantes para os reajustes no Brasil.&#13;\n<\/p>\n<p>Regionalmente, o Sudeste teve o maior aumento para o diesel comum, de 1,15% (R$ 6,14), enquanto o S-10 registrou a maior alta no Centro-Oeste, de 1,28% (R$ 6,34). No Norte, o diesel comum foi o \u00fanico a apresentar queda, de 0,73%, mas ainda assim manteve o pre\u00e7o mais alto do Pa\u00eds, a R$ 6,76. J\u00e1 os menores valores m\u00e9dios foram encontrados no Sul: R$ 6 para o tipo comum e R$ 6,06 para o S-10.<\/p>\n<p>\u201cO aumento registrado no diesel em agosto est\u00e1 ligado \u00e0 influ\u00eancia de vari\u00e1veis externas que continuam determinantes para a forma\u00e7\u00e3o dos pre\u00e7os no Brasil. Oscila\u00e7\u00f5es no valor do petr\u00f3leo e no c\u00e2mbio acabam sendo incorporadas de forma relativamente r\u00e1pida \u00e0 cadeia de distribui\u00e7\u00e3o, o que ajuda a explicar a eleva\u00e7\u00e3o observada no per\u00edodo\u201d, analisa Renato Mascarenhas, Diretor de Rede Abastecimento da Edenred Mobilidade.&#13;\n<\/p>\n<p>No levantamento por estados, o Acre liderou com os pre\u00e7os mais altos: R$ 7,59 para o diesel comum e R$ 7,55 para o S-10, apesar de leves quedas em rela\u00e7\u00e3o a julho. O Paran\u00e1 registrou o menor pre\u00e7o para o diesel comum, a R$ 5,97, enquanto Pernambuco teve o menor valor para o S-10, a R$ 5,96. As maiores altas ocorreram em Sergipe, com avan\u00e7o de 4,06% no diesel comum (R$ 6,41), e no Paran\u00e1, com alta de 1,86% no S-10 (R$ 6,02). O IPTL considera abastecimentos realizados em 21 mil postos credenciados da Edenred Ticket Log, consolidando os pre\u00e7os a partir de milh\u00f5es de transa\u00e7\u00f5es, o que garante confiabilidade ao levantamento.<br \/>&#13;<br \/>\n\u00a0<\/p>\n<\/p><\/div>\n<p><script data-cfasync=\"false\">\n    !function (f, b, e, v, n, t, s) {\n        if (f.fbq) return; n = f.fbq = function () {\n            n.callMethod ?\n                n.callMethod.apply(n, arguments) : n.queue.push(arguments)\n        };\n        if (!f._fbq) f._fbq = n; n.push = n; n.loaded = !0; n.version = '2.0';\n        n.queue = []; t = b.createElement(e); t.async = !0;\n        t.src = v; s = b.getElementsByTagName(e)[0];\n        s.parentNode.insertBefore(t, s)\n    }(window, document, 'script',\n        'https:\/\/connect.facebook.net\/en_US\/fbevents.js');\n    fbq('init', '522546078623747');\n    fbq('track', 'PageView');\n<\/script><br \/>\n<br \/><br \/>\n<br \/><a href=\"https:\/\/www.agrolink.com.br\/noticias\/diesel-sobe-em-agosto-e-supera-preco-de-julho_505708.html\">Source link <\/a><\/p>\n","protected":false},"excerpt":{"rendered":"<p>Em agosto, o pre\u00e7o do diesel registrou alta em rela\u00e7\u00e3o a julho, segundo o \u00cdndice de Pre\u00e7os Edenred Ticket Log<\/p>\n","protected":false},"author":1,"featured_media":1625,"comment_status":"open","ping_status":"open","sticky":false,"template":"","format":"standard","meta":{"_monsterinsights_skip_tracking":false,"_monsterinsights_sitenote_active":false,"_monsterinsights_sitenote_note":"","_monsterinsights_sitenote_category":0,"_uf_show_specific_survey":0,"_uf_disable_surveys":false,"footnotes":""},"categories":[8,1,14],"tags":[],"class_list":["post-19818","post","type-post","status-publish","format-standard","has-post-thumbnail","hentry","category-agro","category-news","category-politica-agro"],"_links":{"self":[{"href":"https:\/\/agromt.news\/index.php?rest_route=\/wp\/v2\/posts\/19818"}],"collection":[{"href":"https:\/\/agromt.news\/index.php?rest_route=\/wp\/v2\/posts"}],"about":[{"href":"https:\/\/agromt.news\/index.php?rest_route=\/wp\/v2\/types\/post"}],"author":[{"embeddable":true,"href":"https:\/\/agromt.news\/index.php?rest_route=\/wp\/v2\/users\/1"}],"replies":[{"embeddable":true,"href":"https:\/\/agromt.news\/index.php?rest_route=%2Fwp%2Fv2%2Fcomments&post=19818"}],"version-history":[{"count":0,"href":"https:\/\/agromt.news\/index.php?rest_route=\/wp\/v2\/posts\/19818\/revisions"}],"wp:featuredmedia":[{"embeddable":true,"href":"https:\/\/agromt.news\/index.php?rest_route=\/wp\/v2\/media\/1625"}],"wp:attachment":[{"href":"https:\/\/agromt.news\/index.php?rest_route=%2Fwp%2Fv2%2Fmedia&parent=19818"}],"wp:term":[{"taxonomy":"category","embeddable":true,"href":"https:\/\/agromt.news\/index.php?rest_route=%2Fwp%2Fv2%2Fcategories&post=19818"},{"taxonomy":"post_tag","embeddable":true,"href":"https:\/\/agromt.news\/index.php?rest_route=%2Fwp%2Fv2%2Ftags&post=19818"}],"curies":[{"name":"wp","href":"https:\/\/api.w.org\/{rel}","templated":true}]}}