{"id":19808,"date":"2025-09-07T01:41:08","date_gmt":"2025-09-07T05:41:08","guid":{"rendered":"https:\/\/agromt.news\/?p=19808"},"modified":"2025-09-07T01:41:08","modified_gmt":"2025-09-07T05:41:08","slug":"inclusao-de-mulheres-e-jovens-na-agricultura-familiar","status":"publish","type":"post","link":"https:\/\/agromt.news\/?p=19808","title":{"rendered":"inclus\u00e3o de mulheres e jovens na agricultura familiar"},"content":{"rendered":"<p> <br \/>\n<\/p>\n<div>\n<p style=\"text-align:justify\">A 27\u00aa edi\u00e7\u00e3o do Pavilh\u00e3o da Agricultura Familiar (PAF) da Expointer foi aberta oficialmente nesta quinta-feira (4\/9), reunindo 456 empreendimentos de 196 munic\u00edpios ga\u00fachos. Ao todo, s\u00e3o 356 agroind\u00fastrias, 70 estandes de artesanato e 30 de flores, plantas e mudas. Desse total, 146 s\u00e3o liderados por mulheres e 69 por jovens, reiterando, por mais um ano, a visibilidade, aprendizado e oportunidades para pequenos produtores que o espa\u00e7o proporciona.\u00a0&#13;\n<\/p>\n<p style=\"text-align:justify\"><strong>Vozes femininas\u00a0<\/strong><\/p>\n<p style=\"text-align:justify\">Entre as mulheres, Ivani Baculin Sonaglio, 63 anos, da Geleias Ivani, de Bento Gon\u00e7alves, destaca a satisfa\u00e7\u00e3o de tocar seu pr\u00f3prio neg\u00f3cio e envolver a fam\u00edlia. \u201cTrabalhar com amor renova as energias, faz a gente se sentir viva e rejuvenescida\u201d, diz Ivani, feliz em ver seus produtos valorizados e representar mulheres na agricultura familiar.\u00a0<\/p>\n<p style=\"text-align:justify\">Raquel Pellegrini, 37 anos, da Casa do Sabor, de Para\u00ed, refor\u00e7a a atua\u00e7\u00e3o feminina na agroind\u00fastria da fam\u00edlia. \u201c\u00c9 t\u00e3o gratificante tocar algo que amamos, que nos d\u00e1 entusiasmo e for\u00e7a\u201d, comenta, destacando o cuidado com cada etapa da produ\u00e7\u00e3o e a rela\u00e7\u00e3o pr\u00f3xima com os clientes.\u00a0<\/p>\n<p style=\"text-align:justify\"><strong>Jovens no campo\u00a0<\/strong><\/p>\n<p style=\"text-align:justify\">Entre os jovens, Eduardo, 28 anos, de Arroio do Tigre, da Agroind\u00fastria Moh Suinocultura, deixou o mundo corporativo para atuar no campo. A sucess\u00e3o familiar permitiu unir tradi\u00e7\u00e3o e inova\u00e7\u00e3o. \u201cProgramas como o Agrofam\u00edlia \u2013 Jovens e a participa\u00e7\u00e3o em feiras s\u00e3o fundamentais para ampliar a produ\u00e7\u00e3o e fortalecer o neg\u00f3cio\u201d, afirma.&#13;\n<\/p>\n<p style=\"text-align:justify\">Sidnei Herves, 25 anos, de Campestre da Serra, estreia na Expointer com a vin\u00edcola da fam\u00edlia, mantendo a tradi\u00e7\u00e3o iniciada pelo av\u00f4. Ele valoriza a op\u00e7\u00e3o pelo campo, que permite preservar ra\u00edzes e criar um neg\u00f3cio com qualidade de vida. \u201cCheguei de peito aberto e est\u00e1 sendo surpreendentemente positiva\u201d, diz o produtor sobre a feira.\u00a0<\/p>\n<p style=\"text-align:justify\"><strong>A\u00e7\u00f5es e pol\u00edticas p\u00fablicas\u00a0<\/strong><\/p>\n<p style=\"text-align:justify\">As a\u00e7\u00f5es do Governo, em parceria com a Emater\/RS-Ascar, refor\u00e7am a participa\u00e7\u00e3o de mulheres e jovens. Programas como Fomento \u00e0s Atividades Produtivas Rurais, Agrofam\u00edlia \u2013 Jovens e Bolsa Juventude Rural oferecem assist\u00eancia t\u00e9cnica, capacita\u00e7\u00e3o, financiamento e acompanhamento social.\u00a0<\/p>\n<p style=\"text-align:justify\">Para as mulheres, a Emater desenvolve iniciativas que fortalecem autonomia econ\u00f4mica, capacita\u00e7\u00e3o e inclus\u00e3o social. Entre elas, o Curso de Desenvolvimento para Mulheres Rurais capacita participantes em diversas \u00e1reas, oferecendo um novo olhar sobre si mesmas e valorizando seu papel como agricultoras e l\u00edderes comunit\u00e1rias.\u00a0&#13;\n<\/p>\n<p style=\"text-align:justify\">Al\u00e9m do curso, a Emater realiza orienta\u00e7\u00e3o t\u00e9cnica, encontros e apoio ao acesso a cr\u00e9dito e \u00e0 comercializa\u00e7\u00e3o de produtos, contribuindo para que as mulheres ampliem oportunidades e fortale\u00e7am seus neg\u00f3cios.\u00a0<\/p>\n<p style=\"text-align:justify\">A participa\u00e7\u00e3o de 146 mulheres e 69 jovens no PAF evidencia o espa\u00e7o como s\u00edmbolo de diversidade e inova\u00e7\u00e3o no campo ga\u00facho. A combina\u00e7\u00e3o de tradi\u00e7\u00e3o, gera\u00e7\u00e3o de renda, capacita\u00e7\u00e3o e pol\u00edticas p\u00fablicas incentiva o crescimento de pequenos neg\u00f3cios e a perman\u00eancia de fam\u00edlias no campo, mostrando que o PAF 2025 promove inclus\u00e3o produtiva e fortalecimento econ\u00f4mico para mulheres e jovens na agricultura familiar.\u00a0<\/p>\n<\/p><\/div>\n<p><script data-cfasync=\"false\">\n    !function (f, b, e, v, n, t, s) {\n        if (f.fbq) return; n = f.fbq = function () {\n            n.callMethod ?\n                n.callMethod.apply(n, arguments) : n.queue.push(arguments)\n        };\n        if (!f._fbq) f._fbq = n; n.push = n; n.loaded = !0; n.version = '2.0';\n        n.queue = []; t = b.createElement(e); t.async = !0;\n        t.src = v; s = b.getElementsByTagName(e)[0];\n        s.parentNode.insertBefore(t, s)\n    }(window, document, 'script',\n        'https:\/\/connect.facebook.net\/en_US\/fbevents.js');\n    fbq('init', '522546078623747');\n    fbq('track', 'PageView');\n<\/script><br \/>\n<br \/><br \/>\n<br \/><a href=\"https:\/\/www.agrolink.com.br\/noticias\/expointer-2025--inclusao-de-mulheres-e-jovens-na-agricultura-familiar_505714.html\">Source link <\/a><\/p>\n","protected":false},"excerpt":{"rendered":"<p>A 27\u00aa edi\u00e7\u00e3o do Pavilh\u00e3o da Agricultura Familiar (PAF) da Expointer foi aberta oficialmente nesta quinta-feira (4\/9), reunindo 456 empreendimentos<\/p>\n","protected":false},"author":1,"featured_media":19809,"comment_status":"open","ping_status":"open","sticky":false,"template":"","format":"standard","meta":{"_monsterinsights_skip_tracking":false,"_monsterinsights_sitenote_active":false,"_monsterinsights_sitenote_note":"","_monsterinsights_sitenote_category":0,"_uf_show_specific_survey":0,"_uf_disable_surveys":false,"footnotes":""},"categories":[8,1,14],"tags":[],"class_list":["post-19808","post","type-post","status-publish","format-standard","has-post-thumbnail","hentry","category-agro","category-news","category-politica-agro"],"_links":{"self":[{"href":"https:\/\/agromt.news\/index.php?rest_route=\/wp\/v2\/posts\/19808"}],"collection":[{"href":"https:\/\/agromt.news\/index.php?rest_route=\/wp\/v2\/posts"}],"about":[{"href":"https:\/\/agromt.news\/index.php?rest_route=\/wp\/v2\/types\/post"}],"author":[{"embeddable":true,"href":"https:\/\/agromt.news\/index.php?rest_route=\/wp\/v2\/users\/1"}],"replies":[{"embeddable":true,"href":"https:\/\/agromt.news\/index.php?rest_route=%2Fwp%2Fv2%2Fcomments&post=19808"}],"version-history":[{"count":0,"href":"https:\/\/agromt.news\/index.php?rest_route=\/wp\/v2\/posts\/19808\/revisions"}],"wp:featuredmedia":[{"embeddable":true,"href":"https:\/\/agromt.news\/index.php?rest_route=\/wp\/v2\/media\/19809"}],"wp:attachment":[{"href":"https:\/\/agromt.news\/index.php?rest_route=%2Fwp%2Fv2%2Fmedia&parent=19808"}],"wp:term":[{"taxonomy":"category","embeddable":true,"href":"https:\/\/agromt.news\/index.php?rest_route=%2Fwp%2Fv2%2Fcategories&post=19808"},{"taxonomy":"post_tag","embeddable":true,"href":"https:\/\/agromt.news\/index.php?rest_route=%2Fwp%2Fv2%2Ftags&post=19808"}],"curies":[{"name":"wp","href":"https:\/\/api.w.org\/{rel}","templated":true}]}}