{"id":19805,"date":"2025-09-06T21:45:23","date_gmt":"2025-09-07T01:45:23","guid":{"rendered":"https:\/\/agromt.news\/?p=19805"},"modified":"2025-09-06T21:45:23","modified_gmt":"2025-09-07T01:45:23","slug":"safra-americana-de-milho-pressiona-mercado-global","status":"publish","type":"post","link":"https:\/\/agromt.news\/?p=19805","title":{"rendered":"Safra americana de milho pressiona mercado global"},"content":{"rendered":"<p> <br \/>\n<\/p>\n<div>\n<div class=\"row\">\n<div class=\"col-lg col-infos mt-0 mt-lg-0\">\n<div class=\"section-sub-title\">\n<p itemprop=\"description\">&#13;<br \/>\n                                O crescimento das usinas de etanol de milho no Brasil \u00e9 outro fator molda o mercado&#13;\n                            <\/p>\n<\/p><\/div>\n<div class=\"container\">\n<div class=\"row\">\n<div class=\"col-lg p-0\">\n<div>\n<div class=\"block-news-main-infos mt-3 text-start\">\n<p>                                            <strong class=\"fn\" itemprop=\"author\" style=\"color: rgb(112, 112, 112); \">&#13;<br \/>\n                                                <a href=\"https:\/\/www.agrolink.com.br\/noticias\/javascript:;\" class=\"text-uppercase\" target=\"_blank\" style=\"color: rgb(112, 112, 112); \" rel=\"noopener\">Agrolink<\/a>&#13;<br \/>\n&#13;<br \/>\n                                                    &#8211; Leonardo Gottems&#13;<br \/>\n&#13;<br \/>\n                                            <\/strong><br \/>\n                                        <\/p>\n<p>                                            <abbr><time datetime=\"2025-09-05T17:24\" itemprop=\"datePublished dateModified\">Publicado em 05\/09\/2025 \u00e0s 17:24h.<\/time><\/abbr><br \/>\n                                            <\/p><\/div>\n<\/p><\/div>\n<\/p><\/div>\n<div class=\"col-lg p-0 text-lg-end\">\n<div>\n<div id=\"mdEnviarPagina\" class=\"modal fade\" role=\"dialog\">\n<div class=\"modal-dialog\">\n<div class=\"modal-content\">\n<div class=\"modal-body\">\n<p><strong>Estimado usu\u00e1rio.<\/strong><br \/>Preencha o formul\u00e1rio abaixo para remeter a p\u00e1gina.<\/p>\n<\/p><\/div>\n<\/p><\/div>\n<\/p><\/div>\n<\/div><\/div>\n<\/p><\/div>\n<\/p><\/div>\n<\/p><\/div>\n<\/p><\/div>\n<\/p><\/div>\n<div class=\"row justify-content-md-center mt-3\">\n<div class=\"col-lg-auto col-image block-news-main-image\">\n<p>                                <img decoding=\"async\" src=\"https:\/\/www.agrolink.com.br\/upload\/imagens-resizes\/29330a97871e4b23806c5da244785900_858x483.jpg\" class=\"lazyload img-fluid\" alt=\"O crescimento das usinas de etanol de milho no Brasil \u00e9 outro fator que vem moldando o mercado interno\"\/><br \/>\n                                                <span class=\"d-block mt-1\">O crescimento das usinas de etanol de milho no Brasil \u00e9 outro fator que vem moldando o mercado interno &#8211; Foto: Pixabay<\/span><\/p><\/div>\n<\/p><\/div>\n<div class=\"section-description section-description-noticias mt-3\">\n<p>A safra americana de <a href=\"https:\/\/www.agrolink.com.br\/culturas\/milho?utm_source=agrolink-detalhe-noticia&amp;utm_medium=detalhe-noticia&amp;utm_campaign=links-internos&#9;\" target=\"_blank\" rel=\"noopener\">milho<\/a> promete ser robusta neste ano, com estimativas que variam entre 411 milh\u00f5es de toneladas, segundo o principal Crop Tour dos Estados Unidos, e 425 milh\u00f5es de toneladas, conforme proje\u00e7\u00e3o do USDA. Esse volume representa uma oferta expressiva a pre\u00e7os competitivos, que j\u00e1 come\u00e7a a ocupar espa\u00e7o no com\u00e9rcio internacional, inclusive em mercados tradicionalmente abastecidos pelo <a href=\"https:\/\/www.agrolink.com.br\/culturas\/milho?utm_source=agrolink-detalhe-noticia&amp;utm_medium=detalhe-noticia&amp;utm_campaign=links-internos&#9;\" target=\"_blank\" rel=\"noopener\">milho<\/a> brasileiro.&#13;\n<\/p>\n<p>Segundo a Veeries, a concorr\u00eancia americana se intensifica justamente no momento em que o Brasil colheu uma safrinha excepcional. Normalmente, os Estados Unidos priorizam o embarque da soja no quarto trimestre, deixando o milho para depois. No entanto, se a China n\u00e3o comprar soja americana devido \u00e0 guerra comercial, o milho pode ser exportado antes do previsto, potencialmente inundando o mercado global.<\/p>\n<p>O crescimento das usinas de etanol de milho no Brasil \u00e9 outro fator que vem moldando o mercado interno. Apenas nas \u00faltimas semanas, foram anunciadas quatro novas unidades e tr\u00eas expans\u00f5es de plantas existentes, impulsionadas pelo aumento da mistura de etanol anidro \u00e0 gasolina de 27% para 30% e por linhas de cr\u00e9dito incentivado, como as do Fundo Clima e do BNDES. Desde 2022, a capacidade de processamento de milho para etanol cresceu mais de 130%, com novos projetos ainda em desenvolvimento.&#13;\n<\/p>\n<p>O impacto dessas mudan\u00e7as j\u00e1 \u00e9 sentido no campo. O aumento do consumo de milho pelas usinas contribui para reter volumes que poderiam ser exportados e influencia o comportamento dos produtores. No Oeste do Paran\u00e1, por exemplo, o milho safrinha est\u00e1 substituindo a \u00e1rea de trigo, que agora se concentra mais nas regi\u00f5es Sul e dos Campos Gerais. Enquanto isso, o plantio da soja come\u00e7ou nas regi\u00f5es mais precoces do Paran\u00e1, com Mato Grosso liberando a semeadura a partir do dia 7, embora os produtores ainda aguardem o momento ideal para acelerar o trabalho.<br \/>&#13;<br \/>\n\u00a0<\/p>\n<\/p><\/div>\n<\/p><\/div>\n<p><script data-cfasync=\"false\">\n    !function (f, b, e, v, n, t, s) {\n        if (f.fbq) return; n = f.fbq = function () {\n            n.callMethod ?\n                n.callMethod.apply(n, arguments) : n.queue.push(arguments)\n        };\n        if (!f._fbq) f._fbq = n; n.push = n; n.loaded = !0; n.version = '2.0';\n        n.queue = []; t = b.createElement(e); t.async = !0;\n        t.src = v; s = b.getElementsByTagName(e)[0];\n        s.parentNode.insertBefore(t, s)\n    }(window, document, 'script',\n        'https:\/\/connect.facebook.net\/en_US\/fbevents.js');\n    fbq('init', '522546078623747');\n    fbq('track', 'PageView');\n<\/script><br \/>\n<br \/><br \/>\n<br \/><a href=\"https:\/\/www.agrolink.com.br\/noticias\/safra-americana-de-milho-pressiona-mercado-global_505716.html\">Source link <\/a><\/p>\n","protected":false},"excerpt":{"rendered":"<p>&#13; O crescimento das usinas de etanol de milho no Brasil \u00e9 outro fator molda o mercado&#13; &#13; Agrolink&#13; &#13;<\/p>\n","protected":false},"author":1,"featured_media":1998,"comment_status":"open","ping_status":"open","sticky":false,"template":"","format":"standard","meta":{"_monsterinsights_skip_tracking":false,"_monsterinsights_sitenote_active":false,"_monsterinsights_sitenote_note":"","_monsterinsights_sitenote_category":0,"_uf_show_specific_survey":0,"_uf_disable_surveys":false,"footnotes":""},"categories":[8,1,14],"tags":[],"class_list":["post-19805","post","type-post","status-publish","format-standard","has-post-thumbnail","hentry","category-agro","category-news","category-politica-agro"],"_links":{"self":[{"href":"https:\/\/agromt.news\/index.php?rest_route=\/wp\/v2\/posts\/19805"}],"collection":[{"href":"https:\/\/agromt.news\/index.php?rest_route=\/wp\/v2\/posts"}],"about":[{"href":"https:\/\/agromt.news\/index.php?rest_route=\/wp\/v2\/types\/post"}],"author":[{"embeddable":true,"href":"https:\/\/agromt.news\/index.php?rest_route=\/wp\/v2\/users\/1"}],"replies":[{"embeddable":true,"href":"https:\/\/agromt.news\/index.php?rest_route=%2Fwp%2Fv2%2Fcomments&post=19805"}],"version-history":[{"count":0,"href":"https:\/\/agromt.news\/index.php?rest_route=\/wp\/v2\/posts\/19805\/revisions"}],"wp:featuredmedia":[{"embeddable":true,"href":"https:\/\/agromt.news\/index.php?rest_route=\/wp\/v2\/media\/1998"}],"wp:attachment":[{"href":"https:\/\/agromt.news\/index.php?rest_route=%2Fwp%2Fv2%2Fmedia&parent=19805"}],"wp:term":[{"taxonomy":"category","embeddable":true,"href":"https:\/\/agromt.news\/index.php?rest_route=%2Fwp%2Fv2%2Fcategories&post=19805"},{"taxonomy":"post_tag","embeddable":true,"href":"https:\/\/agromt.news\/index.php?rest_route=%2Fwp%2Fv2%2Ftags&post=19805"}],"curies":[{"name":"wp","href":"https:\/\/api.w.org\/{rel}","templated":true}]}}