{"id":19799,"date":"2025-09-06T17:52:21","date_gmt":"2025-09-06T21:52:21","guid":{"rendered":"https:\/\/agromt.news\/?p=19799"},"modified":"2025-09-06T17:52:21","modified_gmt":"2025-09-06T21:52:21","slug":"desfile-dos-grandes-campeoes-traz-emocao-e-surpresa-a-expointer-2025","status":"publish","type":"post","link":"https:\/\/agromt.news\/?p=19799","title":{"rendered":"Desfile dos Grandes Campe\u00f5es traz emo\u00e7\u00e3o e surpresa \u00e0 Expointer 2025"},"content":{"rendered":"<p> <br \/>\n<\/p>\n<div>\n<p style=\"text-align:justify\">Com a pista central do Parque Assis Brasil ainda encharcada e sob chuva da manh\u00e3 da sexta-feira (5), o tradicional Desfile dos Grandes Campe\u00f5es da 48\u00aa Expointer superou o barro e o tempo adverso com emo\u00e7\u00e3o e estilo. O p\u00fablico acompanhou a apresenta\u00e7\u00e3o de 136 animais premiados \u2014 dois exemplares, macho e f\u00eamea, de cada ra\u00e7a \u2014, al\u00e9m de atra\u00e7\u00f5es art\u00edsticas de m\u00fasica e dan\u00e7a, e da participa\u00e7\u00e3o dos vencedores do 13\u00ba Concurso de Produtos da Agroind\u00fastria Familiar.&#13;\n<\/p>\n<p style=\"text-align:justify\"><strong>V\u00ednculo com a terra<\/strong><\/p>\n<p style=\"text-align:justify\">O momento foi de celebra\u00e7\u00e3o da diversidade gen\u00e9tica e da excel\u00eancia da produ\u00e7\u00e3o agropecu\u00e1ria ga\u00facha. Antes mesmo da entrada dos animais, o espet\u00e1culo foi aberto pela Cia Ayuni, de Jaguar\u00e3o (SC), composta por 13 bailarinas de 13 a 17 anos. Elas emocionaram o p\u00fablico com a coreografia \u201cContraponto\u201d e encerraram a apresenta\u00e7\u00e3o com uma adapta\u00e7\u00e3o da dan\u00e7a \u201cMeu Rio Grande, Meu Lar\u201d. A apresenta\u00e7\u00e3o, que durou cerca de oito minutos, homenageou as origens das mulheres fronteiri\u00e7as e seu v\u00ednculo com a terra.<\/p>\n<p style=\"text-align:justify\">Entre as jovens artistas estava L\u00edvia, 13 anos. Na plateia, os pais, Vitor e Luciane Martins, e o irm\u00e3o Jo\u00e3o Marco, de cinco anos, vibraram durante a performance. \u201cA emo\u00e7\u00e3o de estar aqui supera qualquer barro e chuva\u201d, contou a m\u00e3e. O pai completou: \u201cA gente chegou cedo e veio direto para a pista. Depois do desfile, vamos conhecer o Parque.\u201d<\/p>\n<p style=\"text-align:justify\">A Cavalaria da Brigada Militar, representada pelo 4\u00ba Regimento de Pol\u00edcia Montada \u2013 Regimento Bento Gon\u00e7alves, tamb\u00e9m abrilhantou a apresenta\u00e7\u00e3o, refor\u00e7ando a tradi\u00e7\u00e3o do desfile.<\/p>\n<p style=\"text-align:justify\"><strong>Celebra\u00e7\u00e3o dos campe\u00f5es<\/strong><\/p>\n<p style=\"text-align:justify\">O momento mais aguardado da cerim\u00f4nia foi o desfile dos grandes campe\u00f5es da Expointer, apresentado pelo diretor administrativo do Parque Assis Brasil, \u00c9der de Azevedo. \u00a0O espet\u00e1culo dos animais teve in\u00edcio com a entrada dos ovinos, estrelas da primeira parte da apresenta\u00e7\u00e3o, que imprimiram ao desfile um clima de eleg\u00e2ncia e tradi\u00e7\u00e3o.<\/p>\n<p style=\"text-align:justify\">Na sequ\u00eancia, passaram pela pista central os caprinos, seguidos pelos bovinos de leite e de corte, cada qual exibindo a for\u00e7a gen\u00e9tica e a qualidade da produ\u00e7\u00e3o pecu\u00e1ria ga\u00facha. O encerramento ficou a cargo dos equinos, que encantaram o p\u00fablico com sua beleza, impon\u00eancia e a forte liga\u00e7\u00e3o com a cultura ga\u00facha.&#13;\n<\/p>\n<p style=\"text-align:justify\"><strong>Inspira\u00e7\u00e3o para a supera\u00e7\u00e3o<\/strong><\/p>\n<p style=\"text-align:justify\">A surpresa da manh\u00e3 foi a participa\u00e7\u00e3o de Valente, o boi que se tornou s\u00edmbolo de resili\u00eancia e inova\u00e7\u00e3o na medicina veterin\u00e1ria. Resgatado ap\u00f3s a enchente que atingiu o Vale do Taquari em 2023, o animal de 450 quilos sofreu uma fratura grave e passou por uma cirurgia in\u00e9dita, na qual recebeu uma pr\u00f3tese adaptada.<\/p>\n<p style=\"text-align:justify\">O produtor Marcelo Scherer, de Restinga Seca, que fez quest\u00e3o de acompanhar toda a programa\u00e7\u00e3o, se emocionou com a cena. Criador de gado de corte, destacou a import\u00e2ncia do evento como inspira\u00e7\u00e3o para o campo e ficou tocado ao ver a entrada do boi Valente.<\/p>\n<p style=\"text-align:justify\">\u201c\u00c9 positivo demonstrar isso, ap\u00f3s a trag\u00e9dia das enchentes no Rio Grande do Sul. Mostrar um animal que sobreviveu a tudo isso \u00e9 quase um milagre. N\u00f3s tamb\u00e9m tivemos perdas, como tantos outros, e ver o Valente na pista \u00e9 inspirador\u201d, relatou.<\/p>\n<p style=\"text-align:justify\"><strong>Boi s\u00edmbolo de resist\u00eancia<\/strong><\/p>\n<p style=\"text-align:justify\">O procedimento para a implanta\u00e7\u00e3o da pr\u00f3tese no boi Valente, considerado raro em animais de grande porte, foi resultado de um trabalho conjunto entre especialistas em medicina veterin\u00e1ria, fisioterapia, engenharia e outros profissionais, coordenados pela Universidade de Caxias do Sul (UCS). Dois \u00f4nibus trouxeram 80 estudantes e professores de veterin\u00e1ria para acompanhar a participa\u00e7\u00e3o de Valente na Expointer, que arrancou aplausos calorosos do p\u00fablico ao entrar na pista.<\/p>\n<p style=\"text-align:justify\">\u201cFoi \u00fanico, emocionante. Voltamos para casa com ainda mais orgulho da nossa profiss\u00e3o. Saber que \u00e9 poss\u00edvel dar uma nova chance a animais que passaram por situa\u00e7\u00f5es t\u00e3o graves \u00e9 uma inspira\u00e7\u00e3o\u201d, afirmou a estudante de veterin\u00e1ria J\u00e9ssica Fracan\u00e1bia.<\/p>\n<p style=\"text-align:justify\">Ap\u00f3s dois anos de adapta\u00e7\u00e3o, Valente vive com sa\u00fade e mobilidade adequadas. Sua recupera\u00e7\u00e3o representa n\u00e3o apenas um avan\u00e7o cient\u00edfico, mas tamb\u00e9m um marco na busca pelo bem-estar animal, abrindo caminho para novas possibilidades de reabilita\u00e7\u00e3o.<\/p>\n<p style=\"text-align:justify\"><strong>\u201cOscar\u201d da agricultura familiar<\/strong><\/p>\n<p style=\"text-align:justify\">Al\u00e9m da gen\u00e9tica animal, da arte e das homenagens, o desfile tamb\u00e9m destacou os vencedores do 13\u00ba Concurso de Produtos da Agroind\u00fastria Familiar, considerado o \u201cOscar\u201d do setor. Ao todo, 232 produtos foram avaliados em 16 categorias, ressaltando a diversidade, a qualidade e a tradi\u00e7\u00e3o da produ\u00e7\u00e3o rural ga\u00facha.&#13;\n<\/p>\n<p style=\"text-align:justify\">Os tr\u00eas primeiros colocados receberam placas e certificados. Pelo terceiro ano consecutivo, os vencedores da agricultura familiar desfilaram lado a lado com os grandes campe\u00f5es da pecu\u00e1ria, refor\u00e7ando a integra\u00e7\u00e3o entre o agroneg\u00f3cio e a produ\u00e7\u00e3o artesanal.<\/p>\n<\/p><\/div>\n<p><script data-cfasync=\"false\">\n    !function (f, b, e, v, n, t, s) {\n        if (f.fbq) return; n = f.fbq = function () {\n            n.callMethod ?\n                n.callMethod.apply(n, arguments) : n.queue.push(arguments)\n        };\n        if (!f._fbq) f._fbq = n; n.push = n; n.loaded = !0; n.version = '2.0';\n        n.queue = []; t = b.createElement(e); t.async = !0;\n        t.src = v; s = b.getElementsByTagName(e)[0];\n        s.parentNode.insertBefore(t, s)\n    }(window, document, 'script',\n        'https:\/\/connect.facebook.net\/en_US\/fbevents.js');\n    fbq('init', '522546078623747');\n    fbq('track', 'PageView');\n<\/script><br \/>\n<br \/><br \/>\n<br \/><a href=\"https:\/\/www.agrolink.com.br\/noticias\/desfile-dos-grandes-campeoes-traz-emocao-e-surpresa-a-expointer-2025_505718.html\">Source link <\/a><\/p>\n","protected":false},"excerpt":{"rendered":"<p>Com a pista central do Parque Assis Brasil ainda encharcada e sob chuva da manh\u00e3 da sexta-feira (5), o tradicional<\/p>\n","protected":false},"author":1,"featured_media":19800,"comment_status":"open","ping_status":"open","sticky":false,"template":"","format":"standard","meta":{"_monsterinsights_skip_tracking":false,"_monsterinsights_sitenote_active":false,"_monsterinsights_sitenote_note":"","_monsterinsights_sitenote_category":0,"_uf_show_specific_survey":0,"_uf_disable_surveys":false,"footnotes":""},"categories":[8,1,14],"tags":[],"class_list":["post-19799","post","type-post","status-publish","format-standard","has-post-thumbnail","hentry","category-agro","category-news","category-politica-agro"],"_links":{"self":[{"href":"https:\/\/agromt.news\/index.php?rest_route=\/wp\/v2\/posts\/19799"}],"collection":[{"href":"https:\/\/agromt.news\/index.php?rest_route=\/wp\/v2\/posts"}],"about":[{"href":"https:\/\/agromt.news\/index.php?rest_route=\/wp\/v2\/types\/post"}],"author":[{"embeddable":true,"href":"https:\/\/agromt.news\/index.php?rest_route=\/wp\/v2\/users\/1"}],"replies":[{"embeddable":true,"href":"https:\/\/agromt.news\/index.php?rest_route=%2Fwp%2Fv2%2Fcomments&post=19799"}],"version-history":[{"count":0,"href":"https:\/\/agromt.news\/index.php?rest_route=\/wp\/v2\/posts\/19799\/revisions"}],"wp:featuredmedia":[{"embeddable":true,"href":"https:\/\/agromt.news\/index.php?rest_route=\/wp\/v2\/media\/19800"}],"wp:attachment":[{"href":"https:\/\/agromt.news\/index.php?rest_route=%2Fwp%2Fv2%2Fmedia&parent=19799"}],"wp:term":[{"taxonomy":"category","embeddable":true,"href":"https:\/\/agromt.news\/index.php?rest_route=%2Fwp%2Fv2%2Fcategories&post=19799"},{"taxonomy":"post_tag","embeddable":true,"href":"https:\/\/agromt.news\/index.php?rest_route=%2Fwp%2Fv2%2Ftags&post=19799"}],"curies":[{"name":"wp","href":"https:\/\/api.w.org\/{rel}","templated":true}]}}