{"id":19794,"date":"2025-09-06T15:56:37","date_gmt":"2025-09-06T19:56:37","guid":{"rendered":"https:\/\/agromt.news\/?p=19794"},"modified":"2025-09-06T15:56:37","modified_gmt":"2025-09-06T19:56:37","slug":"geada-provoca-queda-de-frutos-na-producao-de-bergamota","status":"publish","type":"post","link":"https:\/\/agromt.news\/?p=19794","title":{"rendered":"Geada provoca queda de frutos na produ\u00e7\u00e3o de bergamota"},"content":{"rendered":"<p> <br \/>\n<\/p>\n<div>\n<div class=\"row\">\n<div class=\"col-lg col-infos mt-0 mt-lg-0\">\n<div class=\"section-sub-title\">\n<p itemprop=\"description\">&#13;<br \/>\n                                Safra de citros come\u00e7a com flora\u00e7\u00e3o em diferentes regi\u00f5es&#13;\n                            <\/p>\n<\/p><\/div>\n<div class=\"container\">\n<div class=\"row\">\n<div class=\"col-lg p-0\">\n<div>\n<div class=\"block-news-main-infos mt-3 text-start\">\n<p>                                            <strong class=\"fn\" itemprop=\"author\" style=\"color: rgb(112, 112, 112); \">&#13;<br \/>\n                                                <a href=\"https:\/\/www.agrolink.com.br\/noticias\/javascript:;\" class=\"text-uppercase\" target=\"_blank\" style=\"color: rgb(112, 112, 112); \" rel=\"noopener\">Agrolink<\/a>&#13;<br \/>\n&#13;<br \/>\n                                                    &#8211; Seane Lennon&#13;<br \/>\n&#13;<br \/>\n                                            <\/strong><br \/>\n                                        <\/p>\n<p>                                            <abbr><time datetime=\"2025-09-05T18:34\" itemprop=\"datePublished dateModified\">Publicado em 05\/09\/2025 \u00e0s 18:34h.<\/time><\/abbr><br \/>\n                                            <\/p><\/div>\n<\/p><\/div>\n<\/p><\/div>\n<div class=\"col-lg p-0 text-lg-end\">\n<div>\n<div id=\"mdEnviarPagina\" class=\"modal fade\" role=\"dialog\">\n<div class=\"modal-dialog\">\n<div class=\"modal-content\">\n<div class=\"modal-body\">\n<p><strong>Estimado usu\u00e1rio.<\/strong><br \/>Preencha o formul\u00e1rio abaixo para remeter a p\u00e1gina.<\/p>\n<\/p><\/div>\n<\/p><\/div>\n<\/p><\/div>\n<\/div><\/div>\n<\/p><\/div>\n<\/p><\/div>\n<\/p><\/div>\n<\/p><\/div>\n<\/p><\/div>\n<div class=\"row justify-content-md-center mt-3\">\n<div class=\"col-lg-auto col-image block-news-main-image\">\n<p>                                <img decoding=\"async\" src=\"https:\/\/www.agrolink.com.br\/upload\/imagens-resizes\/5e7d0cf1e3d44e77b3928430a3fe443b_858x483.jpg\" class=\"lazyload img-fluid\"\/><br \/>\n                                                <span class=\"publicity-photo d-block mt-1\">Foto: Canva<\/span><\/p><\/div>\n<\/p><\/div>\n<div class=\"section-description section-description-noticias mt-3\">\n<p style=\"text-align:justify\">De acordo com o Informativo Conjuntural, divulgado nesta quinta-feira (4) pela Emater\/RS-Ascar, os citricultores da regi\u00e3o administrativa de Caxias do Sul j\u00e1 iniciaram os cuidados para a pr\u00f3xima safra. A maioria das plantas apresenta novas brota\u00e7\u00f5es e sinais de bot\u00f5es florais, indicando o come\u00e7o do ciclo produtivo. A entidade destacou que, nos pr\u00f3ximos dias, ser\u00e1 poss\u00edvel avaliar melhor o potencial da safra, especialmente ap\u00f3s a elevada produ\u00e7\u00e3o de bergamota e <a href=\"https:\/\/www.agrolink.com.br\/culturas\/laranja?utm_source=agrolink-detalhe-noticia&amp;utm_medium=detalhe-noticia&amp;utm_campaign=links-internos\" target=\"_blank\" rel=\"noopener\">laranja<\/a> neste ano.&#13;\n<\/p>\n<p style=\"text-align:justify\">Em Cotipor\u00e3, continua a colheita das variedades tardias de laranja, como Monte Parnaso e Lane Late. Paralelamente, os produtores realizam tratamentos fitossanit\u00e1rios para garantir a sanidade da florada. Apesar do bom desempenho produtivo, alguns agricultores relatam entraves na comercializa\u00e7\u00e3o. Em determinados casos, a sa\u00edda das frutas ocorre de forma lenta, e em outros houve devolu\u00e7\u00e3o de cargas, que precisaram ser redirecionadas para mercados locais.<\/p>\n<p style=\"text-align:justify\">Na regi\u00e3o de Frederico Westphalen, prossegue a colheita de variedades de ciclo m\u00e9dio e tardio, ao mesmo tempo em que tem in\u00edcio a flora\u00e7\u00e3o da safra 2025\/2026. Segundo a Emater\/RS-Ascar, a expectativa \u00e9 de que a produ\u00e7\u00e3o seja satisfat\u00f3ria, favorecida pelas condi\u00e7\u00f5es clim\u00e1ticas.&#13;\n<\/p>\n<p style=\"text-align:justify\">Na regi\u00e3o de Santa Rosa, os citros apresentam intensa flora\u00e7\u00e3o, in\u00edcio de brota\u00e7\u00e3o e frutifica\u00e7\u00e3o. A colheita da laranja Val\u00eancia est\u00e1 em andamento, com pre\u00e7o de R$ 1,50 por quilo na propriedade e R$ 2,00 por quilo na entrega. Na cultura da bergamota, a geada ainda provoca queda significativa de frutos. Foram identificados ataques de pragas como pulg\u00e3o, \u00e1caro, larva-minadora, cochonilha, mosca-das-frutas e percevejo, exigindo controle por parte dos produtores.<\/p>\n<\/p><\/div>\n<\/p><\/div>\n<p><script data-cfasync=\"false\">\n    !function (f, b, e, v, n, t, s) {\n        if (f.fbq) return; n = f.fbq = function () {\n            n.callMethod ?\n                n.callMethod.apply(n, arguments) : n.queue.push(arguments)\n        };\n        if (!f._fbq) f._fbq = n; n.push = n; n.loaded = !0; n.version = '2.0';\n        n.queue = []; t = b.createElement(e); t.async = !0;\n        t.src = v; s = b.getElementsByTagName(e)[0];\n        s.parentNode.insertBefore(t, s)\n    }(window, document, 'script',\n        'https:\/\/connect.facebook.net\/en_US\/fbevents.js');\n    fbq('init', '522546078623747');\n    fbq('track', 'PageView');\n<\/script><br \/>\n<br \/><br \/>\n<br \/><a href=\"https:\/\/www.agrolink.com.br\/noticias\/geada-provoca-queda-de-frutos-na-producao-de-bergamota_505719.html\">Source link <\/a><\/p>\n","protected":false},"excerpt":{"rendered":"<p>&#13; Safra de citros come\u00e7a com flora\u00e7\u00e3o em diferentes regi\u00f5es&#13; &#13; Agrolink&#13; &#13; &#8211; Seane Lennon&#13; &#13; Publicado em 05\/09\/2025<\/p>\n","protected":false},"author":1,"featured_media":7075,"comment_status":"open","ping_status":"open","sticky":false,"template":"","format":"standard","meta":{"_monsterinsights_skip_tracking":false,"_monsterinsights_sitenote_active":false,"_monsterinsights_sitenote_note":"","_monsterinsights_sitenote_category":0,"_uf_show_specific_survey":0,"_uf_disable_surveys":false,"footnotes":""},"categories":[8,1,14],"tags":[],"class_list":["post-19794","post","type-post","status-publish","format-standard","has-post-thumbnail","hentry","category-agro","category-news","category-politica-agro"],"_links":{"self":[{"href":"https:\/\/agromt.news\/index.php?rest_route=\/wp\/v2\/posts\/19794"}],"collection":[{"href":"https:\/\/agromt.news\/index.php?rest_route=\/wp\/v2\/posts"}],"about":[{"href":"https:\/\/agromt.news\/index.php?rest_route=\/wp\/v2\/types\/post"}],"author":[{"embeddable":true,"href":"https:\/\/agromt.news\/index.php?rest_route=\/wp\/v2\/users\/1"}],"replies":[{"embeddable":true,"href":"https:\/\/agromt.news\/index.php?rest_route=%2Fwp%2Fv2%2Fcomments&post=19794"}],"version-history":[{"count":0,"href":"https:\/\/agromt.news\/index.php?rest_route=\/wp\/v2\/posts\/19794\/revisions"}],"wp:featuredmedia":[{"embeddable":true,"href":"https:\/\/agromt.news\/index.php?rest_route=\/wp\/v2\/media\/7075"}],"wp:attachment":[{"href":"https:\/\/agromt.news\/index.php?rest_route=%2Fwp%2Fv2%2Fmedia&parent=19794"}],"wp:term":[{"taxonomy":"category","embeddable":true,"href":"https:\/\/agromt.news\/index.php?rest_route=%2Fwp%2Fv2%2Fcategories&post=19794"},{"taxonomy":"post_tag","embeddable":true,"href":"https:\/\/agromt.news\/index.php?rest_route=%2Fwp%2Fv2%2Ftags&post=19794"}],"curies":[{"name":"wp","href":"https:\/\/api.w.org\/{rel}","templated":true}]}}