{"id":19793,"date":"2025-09-06T12:01:31","date_gmt":"2025-09-06T16:01:31","guid":{"rendered":"https:\/\/agromt.news\/?p=19793"},"modified":"2025-09-06T12:01:31","modified_gmt":"2025-09-06T16:01:31","slug":"clima-brasileiro-entre-extremos-desafia-o-agronegocio","status":"publish","type":"post","link":"https:\/\/agromt.news\/?p=19793","title":{"rendered":"Clima brasileiro entre extremos desafia o agroneg\u00f3cio"},"content":{"rendered":"<p> <br \/>\n<\/p>\n<div>\n<div class=\"row\">\n<div class=\"col-lg col-infos mt-0 mt-lg-0\">\n<div class=\"section-sub-title\">\n<p itemprop=\"description\">&#13;<br \/>\n                                A distribui\u00e7\u00e3o das chuvas tamb\u00e9m foi irregular&#13;\n                            <\/p>\n<\/p><\/div>\n<div class=\"container\">\n<div class=\"row\">\n<div class=\"col-lg p-0\">\n<div>\n<div class=\"block-news-main-infos mt-3 text-start\">\n<p>                                            <strong class=\"fn\" itemprop=\"author\" style=\"color: rgb(112, 112, 112); \">&#13;<br \/>\n                                                <a href=\"https:\/\/www.agrolink.com.br\/noticias\/javascript:;\" class=\"text-uppercase\" target=\"_blank\" style=\"color: rgb(112, 112, 112); \" rel=\"noopener\">Agrolink<\/a>&#13;<br \/>\n&#13;<br \/>\n                                                    &#8211; Leonardo Gottems&#13;<br \/>\n&#13;<br \/>\n                                            <\/strong><br \/>\n                                        <\/p>\n<p>                                            <abbr><time datetime=\"2025-09-04T18:01\" itemprop=\"datePublished dateModified\">Publicado em 04\/09\/2025 \u00e0s 18:01h.<\/time><\/abbr><br \/>\n                                            <\/p><\/div>\n<\/p><\/div>\n<\/p><\/div>\n<div class=\"col-lg p-0 text-lg-end\">\n<div>\n<div id=\"mdEnviarPagina\" class=\"modal fade\" role=\"dialog\">\n<div class=\"modal-dialog\">\n<div class=\"modal-content\">\n<div class=\"modal-body\">\n<p><strong>Estimado usu\u00e1rio.<\/strong><br \/>Preencha o formul\u00e1rio abaixo para remeter a p\u00e1gina.<\/p>\n<\/p><\/div>\n<\/p><\/div>\n<\/p><\/div>\n<\/div><\/div>\n<\/p><\/div>\n<\/p><\/div>\n<\/p><\/div>\n<\/p><\/div>\n<\/p><\/div>\n<div class=\"row justify-content-md-center mt-3\">\n<div class=\"col-lg-auto col-image block-news-main-image\">\n<p>                                <img decoding=\"async\" src=\"https:\/\/www.agrolink.com.br\/upload\/imagens-resizes\/09667fd4f3c241ac8a1defd34b8c25ee_858x483.jpg\" class=\"lazyload img-fluid\" alt=\"A distribui\u00e7\u00e3o das chuvas tamb\u00e9m foi irregular\"\/><br \/>\n                                                <span class=\"d-block mt-1\">A distribui\u00e7\u00e3o das chuvas tamb\u00e9m foi irregular &#8211; Foto: Pixabay<\/span><\/p><\/div>\n<\/p><\/div>\n<div class=\"section-description section-description-noticias mt-3\">\n<p>Durante julho e agosto, o Brasil viveu um cen\u00e1rio clim\u00e1tico marcado por contrastes regionais. Segundo an\u00e1lise do Rabobank, as temperaturas ficaram acima da m\u00e9dia em grande parte do pa\u00eds, especialmente no Centro-Oeste, Sudeste e MATOPIBA, com registros superiores a 37\u00b0C em cidades como Cuiab\u00e1. Em paralelo, frentes frias atingiram o Sul e parte do Sudeste, provocando geadas leves a moderadas e afetando culturas como o caf\u00e9 no Cerrado Mineiro.&#13;\n<\/p>\n<p>A distribui\u00e7\u00e3o das chuvas tamb\u00e9m foi irregular. Enquanto o Norte e o litoral do Nordeste registraram volumes acima da m\u00e9dia, favorecendo feij\u00e3o e milho, regi\u00f5es como Rond\u00f4nia, Tocantins, Goi\u00e1s e Minas Gerais enfrentaram d\u00e9ficit h\u00eddrico, que comprometeu as pastagens. No Centro-Oeste, o clima seco permitiu o avan\u00e7o da colheita do milho safrinha e do algod\u00e3o. J\u00e1 no Sudeste, a mesma condi\u00e7\u00e3o beneficiou o caf\u00e9 e a cana-de-a\u00e7\u00facar. No Sul, por outro lado, o excesso de chuvas e o risco de geadas atrasaram o in\u00edcio do plantio de inverno, embora a produtividade do Paran\u00e1 tenha sido preservada.<\/p>\n<p>Entre as culturas, o caf\u00e9 enfrentou epis\u00f3dios localizados de granizo no sul de Minas, sem impacto nacional relevante. A safra de laranja come\u00e7ou sob temperaturas abaixo da m\u00e9dia e chuvas esparsas. Na cana, julho registrou 100 milh\u00f5es de toneladas colhidas, mas a baixa qualidade da mat\u00e9ria-prima preocupa, com estimativas apontando produ\u00e7\u00e3o total de a\u00e7\u00facar abaixo de 40 milh\u00f5es de toneladas na safra 2025\/26.&#13;\n<\/p>\n<p>O comportamento do clima global tamb\u00e9m entra no radar. O fen\u00f4meno ENSO permanece em neutralidade, com 56% de probabilidade de continuidade at\u00e9 o fim do inverno. A expectativa \u00e9 de breve transi\u00e7\u00e3o para La Ni\u00f1a na primavera, seguida de retorno \u00e0 neutralidade, o que pode impactar chuvas e temperaturas. A partir de setembro, o mercado volta suas aten\u00e7\u00f5es ao regime de chuvas: no caf\u00e9, ser\u00e1 decisivo para a florada da safra 2026\/27, enquanto nos gr\u00e3os ser\u00e1 fundamental para a semeadura da temporada 2025\/26.<br \/>&#13;<br \/>\n\u00a0<\/p>\n<\/p><\/div>\n<\/p><\/div>\n<p><script data-cfasync=\"false\">\n    !function (f, b, e, v, n, t, s) {\n        if (f.fbq) return; n = f.fbq = function () {\n            n.callMethod ?\n                n.callMethod.apply(n, arguments) : n.queue.push(arguments)\n        };\n        if (!f._fbq) f._fbq = n; n.push = n; n.loaded = !0; n.version = '2.0';\n        n.queue = []; t = b.createElement(e); t.async = !0;\n        t.src = v; s = b.getElementsByTagName(e)[0];\n        s.parentNode.insertBefore(t, s)\n    }(window, document, 'script',\n        'https:\/\/connect.facebook.net\/en_US\/fbevents.js');\n    fbq('init', '522546078623747');\n    fbq('track', 'PageView');\n<\/script><br \/>\n<br \/><br \/>\n<br \/><a href=\"https:\/\/www.agrolink.com.br\/noticias\/clima-brasileiro-entre-extremos-desafia-o-agronegocio_505668.html\">Source link <\/a><\/p>\n","protected":false},"excerpt":{"rendered":"<p>&#13; A distribui\u00e7\u00e3o das chuvas tamb\u00e9m foi irregular&#13; &#13; Agrolink&#13; &#13; &#8211; Leonardo Gottems&#13; &#13; Publicado em 04\/09\/2025 \u00e0s 18:01h.<\/p>\n","protected":false},"author":1,"featured_media":1794,"comment_status":"open","ping_status":"open","sticky":false,"template":"","format":"standard","meta":{"_monsterinsights_skip_tracking":false,"_monsterinsights_sitenote_active":false,"_monsterinsights_sitenote_note":"","_monsterinsights_sitenote_category":0,"_uf_show_specific_survey":0,"_uf_disable_surveys":false,"footnotes":""},"categories":[8,1,14],"tags":[],"class_list":["post-19793","post","type-post","status-publish","format-standard","has-post-thumbnail","hentry","category-agro","category-news","category-politica-agro"],"_links":{"self":[{"href":"https:\/\/agromt.news\/index.php?rest_route=\/wp\/v2\/posts\/19793"}],"collection":[{"href":"https:\/\/agromt.news\/index.php?rest_route=\/wp\/v2\/posts"}],"about":[{"href":"https:\/\/agromt.news\/index.php?rest_route=\/wp\/v2\/types\/post"}],"author":[{"embeddable":true,"href":"https:\/\/agromt.news\/index.php?rest_route=\/wp\/v2\/users\/1"}],"replies":[{"embeddable":true,"href":"https:\/\/agromt.news\/index.php?rest_route=%2Fwp%2Fv2%2Fcomments&post=19793"}],"version-history":[{"count":0,"href":"https:\/\/agromt.news\/index.php?rest_route=\/wp\/v2\/posts\/19793\/revisions"}],"wp:featuredmedia":[{"embeddable":true,"href":"https:\/\/agromt.news\/index.php?rest_route=\/wp\/v2\/media\/1794"}],"wp:attachment":[{"href":"https:\/\/agromt.news\/index.php?rest_route=%2Fwp%2Fv2%2Fmedia&parent=19793"}],"wp:term":[{"taxonomy":"category","embeddable":true,"href":"https:\/\/agromt.news\/index.php?rest_route=%2Fwp%2Fv2%2Fcategories&post=19793"},{"taxonomy":"post_tag","embeddable":true,"href":"https:\/\/agromt.news\/index.php?rest_route=%2Fwp%2Fv2%2Ftags&post=19793"}],"curies":[{"name":"wp","href":"https:\/\/api.w.org\/{rel}","templated":true}]}}