{"id":19787,"date":"2025-09-06T10:05:49","date_gmt":"2025-09-06T14:05:49","guid":{"rendered":"https:\/\/agromt.news\/?p=19787"},"modified":"2025-09-06T10:05:49","modified_gmt":"2025-09-06T14:05:49","slug":"obras-de-artistas-gauchos-ganham-protagonismo-na-48a-expointer","status":"publish","type":"post","link":"https:\/\/agromt.news\/?p=19787","title":{"rendered":"Obras de artistas ga\u00fachos ganham protagonismo na 48\u00aa Expointer"},"content":{"rendered":"<p> <br \/>\n<\/p>\n<div>\n<p style=\"text-align:justify\">Pelo quinto ano consecutivo, o espa\u00e7o cultural Est\u00e2ncia da Arte oferece um lugar de pausa e contempla\u00e7\u00e3o para os visitantes da Expointer. Desta vez, a exposi\u00e7\u00e3o na esquina do Pavilh\u00e3o Internacional, no Parque de Exposi\u00e7\u00f5es Assis Brasil, em Esteio, est\u00e1 ainda maior, com mais de 50 obras de seis artistas ga\u00fachos e um uruguaio, metade delas criadas especialmente para a feira. Com o tema \u201cTra\u00e7os da tradi\u00e7\u00e3o\u201d, a curadoria valoriza a cultura campeira e a vida do povo do Rio Grande do Sul.\u00a0&#13;\n<\/p>\n<p style=\"text-align:justify\">H\u00e1 muitas novidades em rela\u00e7\u00e3o ao ano anterior. Pe\u00e7as em cartoon, obras expressionistas e trabalhos em esp\u00e1tula s\u00e3o novas formas de apresentar a vida campeira. A presen\u00e7a feminina ganha for\u00e7a e a hist\u00f3ria da regi\u00e3o das Miss\u00f5es entrou no circuito. Poemas do ga\u00facho Gujo Teixeira recheiam a exposi\u00e7\u00e3o.\u00a0<\/p>\n<p style=\"text-align:justify\">\u201cAqui \u00e9 um espa\u00e7o cultural que vem criando uma tradi\u00e7\u00e3o na Expointer. As pessoas se identificam muito, pois as cenas e paisagens da lida do campo s\u00e3o a realidade da maioria dos visitantes. Para n\u00f3s \u00e9 um motivo de muito orgulho\u201d, contou Daniel Henz, um dos organizadores do espa\u00e7o.&#13;\n<\/p>\n<p style=\"text-align:justify\">A curadoria das obras \u00e9 realizada mais uma vez por Mariano Schmitz, ga\u00facho nascido em Novo Hamburgo e com trajet\u00f3ria ligada ao mundo campeiro. Os artistas convidados para a exposi\u00e7\u00e3o s\u00e3o Carlito Bicca, Cristiano Ramos Alves, Dario Mastrosimone, Derli Vieira da Silva (Chap\u00e9u Preto), M\u00e1rcia Bastos, Santiago e S\u00e9rgio Coirolo.<\/p>\n<p style=\"text-align:justify\"><strong>Democratiza\u00e7\u00e3o<\/strong><\/p>\n<p style=\"text-align:justify\">O projeto da Est\u00e2ncia da Arte promove a democratiza\u00e7\u00e3o da arte em tr\u00eas pilares: gratuidade, diversidade e acessibilidade. A visita\u00e7\u00e3o ao espa\u00e7o \u00e9 gratuita at\u00e9 domingo (7\/9), entre 8h e 20h, e a multiplicidade de formatos atrai v\u00e1rios p\u00fablicos. Um grande diferencial da exposi\u00e7\u00e3o, mais uma vez, \u00e9 possuir uma obra de cada artista em prancha t\u00e1til, com reprodu\u00e7\u00f5es em relevo e textura que possibilitam a compreens\u00e3o por pessoas cegas. O espa\u00e7o tamb\u00e9m tem acessibilidade f\u00edsica, media\u00e7\u00e3o em libras e guia vidente.\u00a0&#13;\n<\/p>\n<p style=\"text-align:justify\">A produtora rural Carina Correia estava de passagem pelas imedia\u00e7\u00f5es e parou para ver as obras com toda a fam\u00edlia. Ela, que \u00e9 de Acegu\u00e1, se sentiu representada. \u201cEu vinha caminhando e minha filha, que gosta muito de pintura, nos alertou. Chamou aten\u00e7\u00e3o o trabalho do campo. Meu marido planta soja e a pintura dela [a artista M\u00e1rcia Bastos] \u00e9 bem o que a gente v\u00ea no dia a dia: o trabalho de campo em que n\u00f3s, mulheres, tamb\u00e9m ajudamos\u201d, explicou.<\/p>\n<p style=\"text-align:justify\"><strong>Programa\u00e7\u00e3o dos pr\u00f3ximos dias<\/strong><\/p>\n<p style=\"text-align:justify\">Na sexta-feira (5\/9), o Est\u00e2ncia da Arte promove duas rodas de chimarr\u00e3o com os artistas e o curador da exposi\u00e7\u00e3o, sendo uma no hor\u00e1rio da manh\u00e3 (9h \u00e0s 11h) e outra \u00e0 tarde (13h \u00e0s 16h).<\/p>\n<p style=\"text-align:justify\">A programa\u00e7\u00e3o do s\u00e1bado (6\/9), por sua vez, reserva a pintura de obras ao vivo com os artistas Carlito Bicca, Cristiano Ramos Alves e Dario Mastrosimone.\u00a0<\/p>\n<p style=\"text-align:justify\">Ao longo dos nove dias de feira, os organizadores projetam a circula\u00e7\u00e3o de 40 mil pessoas pelo espa\u00e7o.<\/p>\n<\/p><\/div>\n<p><script data-cfasync=\"false\">\n    !function (f, b, e, v, n, t, s) {\n        if (f.fbq) return; n = f.fbq = function () {\n            n.callMethod ?\n                n.callMethod.apply(n, arguments) : n.queue.push(arguments)\n        };\n        if (!f._fbq) f._fbq = n; n.push = n; n.loaded = !0; n.version = '2.0';\n        n.queue = []; t = b.createElement(e); t.async = !0;\n        t.src = v; s = b.getElementsByTagName(e)[0];\n        s.parentNode.insertBefore(t, s)\n    }(window, document, 'script',\n        'https:\/\/connect.facebook.net\/en_US\/fbevents.js');\n    fbq('init', '522546078623747');\n    fbq('track', 'PageView');\n<\/script><br \/>\n<br \/><br \/>\n<br \/><a href=\"https:\/\/www.agrolink.com.br\/noticias\/obras-de-artistas-gauchos-ganham-protagonismo-na-48--expointer_505669.html\">Source link <\/a><\/p>\n","protected":false},"excerpt":{"rendered":"<p>Pelo quinto ano consecutivo, o espa\u00e7o cultural Est\u00e2ncia da Arte oferece um lugar de pausa e contempla\u00e7\u00e3o para os visitantes<\/p>\n","protected":false},"author":1,"featured_media":19788,"comment_status":"open","ping_status":"open","sticky":false,"template":"","format":"standard","meta":{"_monsterinsights_skip_tracking":false,"_monsterinsights_sitenote_active":false,"_monsterinsights_sitenote_note":"","_monsterinsights_sitenote_category":0,"_uf_show_specific_survey":0,"_uf_disable_surveys":false,"footnotes":""},"categories":[8,1,14],"tags":[],"class_list":["post-19787","post","type-post","status-publish","format-standard","has-post-thumbnail","hentry","category-agro","category-news","category-politica-agro"],"_links":{"self":[{"href":"https:\/\/agromt.news\/index.php?rest_route=\/wp\/v2\/posts\/19787"}],"collection":[{"href":"https:\/\/agromt.news\/index.php?rest_route=\/wp\/v2\/posts"}],"about":[{"href":"https:\/\/agromt.news\/index.php?rest_route=\/wp\/v2\/types\/post"}],"author":[{"embeddable":true,"href":"https:\/\/agromt.news\/index.php?rest_route=\/wp\/v2\/users\/1"}],"replies":[{"embeddable":true,"href":"https:\/\/agromt.news\/index.php?rest_route=%2Fwp%2Fv2%2Fcomments&post=19787"}],"version-history":[{"count":0,"href":"https:\/\/agromt.news\/index.php?rest_route=\/wp\/v2\/posts\/19787\/revisions"}],"wp:featuredmedia":[{"embeddable":true,"href":"https:\/\/agromt.news\/index.php?rest_route=\/wp\/v2\/media\/19788"}],"wp:attachment":[{"href":"https:\/\/agromt.news\/index.php?rest_route=%2Fwp%2Fv2%2Fmedia&parent=19787"}],"wp:term":[{"taxonomy":"category","embeddable":true,"href":"https:\/\/agromt.news\/index.php?rest_route=%2Fwp%2Fv2%2Fcategories&post=19787"},{"taxonomy":"post_tag","embeddable":true,"href":"https:\/\/agromt.news\/index.php?rest_route=%2Fwp%2Fv2%2Ftags&post=19787"}],"curies":[{"name":"wp","href":"https:\/\/api.w.org\/{rel}","templated":true}]}}