{"id":19786,"date":"2025-09-06T09:29:10","date_gmt":"2025-09-06T13:29:10","guid":{"rendered":"https:\/\/agromt.news\/?p=19786"},"modified":"2025-09-06T09:29:10","modified_gmt":"2025-09-06T13:29:10","slug":"projeto-de-rastreabilidade-e-testado-no-rio-grande-do-sul","status":"publish","type":"post","link":"https:\/\/agromt.news\/?p=19786","title":{"rendered":"Projeto de rastreabilidade \u00e9 testado no Rio Grande do Sul"},"content":{"rendered":"<p> <br \/>\n<br \/><img decoding=\"async\" src=\"https:\/\/agromt.news\/wp-content\/uploads\/2025\/09\/Projeto-de-rastreabilidade-e-testado-no-Rio-Grande-do-Sul.jpg\" \/><\/p>\n<div>\n\t\t<iframe title=\"Projeto piloto da rastreabilidade do Rio Grande do Sul \u00e9 lan\u00e7ado na Expointer\" width=\"800\" height=\"450\" src=\"https:\/\/www.youtube.com\/embed\/zctD3KNqb5k?feature=oembed\" frameborder=\"0\" allow=\"accelerometer; autoplay; clipboard-write; encrypted-media; gyroscope; picture-in-picture; web-share\" referrerpolicy=\"strict-origin-when-cross-origin\" allowfullscreen><\/iframe><noscript><iframe title=\"Projeto piloto da rastreabilidade do Rio Grande do Sul \u00e9 lan\u00e7ado na Expointer\" width=\"800\" height=\"450\" src=\"https:\/\/www.youtube.com\/embed\/zctD3KNqb5k?feature=oembed\" frameborder=\"0\" allow=\"accelerometer; autoplay; clipboard-write; encrypted-media; gyroscope; picture-in-picture; web-share\" referrerpolicy=\"strict-origin-when-cross-origin\" allowfullscreen><\/iframe><\/noscript><\/p>\n<p>Um processo capaz de identificar, registrar e acompanhar o hist\u00f3rico completo de cada bovino, desde o nascimento at\u00e9 o abate. Trata-se da rastreabilidade, cujo projeto piloto foi lan\u00e7ado na \u00faltima quinta-feira (4), no Rio Grande do Sul, durante a Expointer. A iniciativa \u00e9 considerada um marco para a pecu\u00e1ria ga\u00facha e poder\u00e1, em breve, ser aplicada em todo o pa\u00eds.<\/p>\n<p>Desenvolvido pela Secretaria da Agricultura do RS, em parceria com o setor produtivo e t\u00e9cnico, o programa tem como objetivo fortalecer a defesa agropecu\u00e1ria e modernizar o segmento por meio da identifica\u00e7\u00e3o individual dos animais. No estado, 50 propriedades participam do projeto piloto, que est\u00e1 alinhado \u00e0 portaria do Minist\u00e9rio da Agricultura e Pecu\u00e1ria (Mapa), publicada em julho, estabelecendo o cronograma do Programa Nacional de Identifica\u00e7\u00e3o Individual de Bovinos e B\u00fafalos. A normativa d\u00e1 autonomia para que cada estado defina suas pr\u00f3prias a\u00e7\u00f5es.<\/p>\n<p><em>Veja em primeira m\u00e3o tudo sobre agricultura, pecu\u00e1ria, economia e previs\u00e3o do tempo:<\/em><a href=\"https:\/\/news.google.com\/publications\/CAAqBwgKMPKZlQswq_mqAw?hl=pt-BR&amp;gl=BR&amp;ceid=BR%3Apt-419\" target=\"_blank\" rel=\"noreferrer noopener\"><em>\u00a0siga o Canal Rural no Google News!<\/em><\/a><\/p>\n<p>Al\u00e9m de ser uma ferramenta de sanidade animal, a rastreabilidade contribui para a valoriza\u00e7\u00e3o da carne brasileira no mercado internacional.<\/p>\n<p>Segundo o secret\u00e1rio adjunto da Agricultura e Pecu\u00e1ria do RS, M\u00e1rcio Madalena, a secretaria fornece os brincos e bottons de identifica\u00e7\u00e3o, realiza a aplica\u00e7\u00e3o e acompanha a movimenta\u00e7\u00e3o dos animais pelo sistema oficial.<\/p>\n<\/div>\n<div>\n<p>\u201cTemos aqui no parque da Expointer tr\u00eas produtores j\u00e1 integrados ao projeto: um criador de Angus, um de Devon e outro de gado holand\u00eas. Assim que os animais entraram no parque, fizemos a leitura com bast\u00e3o eletr\u00f4nico, simulando o processo que deve se tornar exig\u00eancia a partir do in\u00edcio da d\u00e9cada de 2030\u201d, explica Madalena.<\/p>\n<p>De acordo com o cronograma do Mapa, at\u00e9 2026 est\u00e1 prevista a cria\u00e7\u00e3o de uma base de dados nacional. Entre 2027 e 2029 ser\u00e1 implantada a identifica\u00e7\u00e3o individual de cada animal, com a meta de que, at\u00e9 2032, todo o rebanho brasileiro, atualmente estimado em cerca de *239 milh\u00f5es de cabe\u00e7as, esteja rastreado.<\/p>\n<p>Para Marcelo Motta, diretor do Departamento de Sa\u00fade Animal do Mapa, o programa trar\u00e1 avan\u00e7os importantes:<\/p>\n<p>\u201cEsse sistema vai fortalecer a certifica\u00e7\u00e3o da condi\u00e7\u00e3o sanit\u00e1ria dos animais e dos produtos da pecu\u00e1ria, oferecendo ao consumidor maior seguran\u00e7a quanto ao que consome. Al\u00e9m disso, permitir\u00e1 demonstrar a efici\u00eancia do sistema produtivo brasileiro e agregar valor \u00e0 cadeia da carne.\u201d<\/p>\n<\/p><\/div>\n<p><br \/>\n<br \/><a href=\"https:\/\/www.canalrural.com.br\/pecuaria\/projeto-de-rastreabilidade-e-testado-no-rio-grande-do-sul\/\">Source link <\/a><\/p>\n","protected":false},"excerpt":{"rendered":"<p>Um processo capaz de identificar, registrar e acompanhar o hist\u00f3rico completo de cada bovino, desde o nascimento at\u00e9 o abate.<\/p>\n","protected":false},"author":1,"featured_media":18193,"comment_status":"open","ping_status":"open","sticky":false,"template":"","format":"standard","meta":{"_monsterinsights_skip_tracking":false,"_monsterinsights_sitenote_active":false,"_monsterinsights_sitenote_note":"","_monsterinsights_sitenote_category":0,"_uf_show_specific_survey":0,"_uf_disable_surveys":false,"footnotes":""},"categories":[1],"tags":[],"class_list":["post-19786","post","type-post","status-publish","format-standard","has-post-thumbnail","hentry","category-news"],"_links":{"self":[{"href":"https:\/\/agromt.news\/index.php?rest_route=\/wp\/v2\/posts\/19786"}],"collection":[{"href":"https:\/\/agromt.news\/index.php?rest_route=\/wp\/v2\/posts"}],"about":[{"href":"https:\/\/agromt.news\/index.php?rest_route=\/wp\/v2\/types\/post"}],"author":[{"embeddable":true,"href":"https:\/\/agromt.news\/index.php?rest_route=\/wp\/v2\/users\/1"}],"replies":[{"embeddable":true,"href":"https:\/\/agromt.news\/index.php?rest_route=%2Fwp%2Fv2%2Fcomments&post=19786"}],"version-history":[{"count":0,"href":"https:\/\/agromt.news\/index.php?rest_route=\/wp\/v2\/posts\/19786\/revisions"}],"wp:featuredmedia":[{"embeddable":true,"href":"https:\/\/agromt.news\/index.php?rest_route=\/wp\/v2\/media\/18193"}],"wp:attachment":[{"href":"https:\/\/agromt.news\/index.php?rest_route=%2Fwp%2Fv2%2Fmedia&parent=19786"}],"wp:term":[{"taxonomy":"category","embeddable":true,"href":"https:\/\/agromt.news\/index.php?rest_route=%2Fwp%2Fv2%2Fcategories&post=19786"},{"taxonomy":"post_tag","embeddable":true,"href":"https:\/\/agromt.news\/index.php?rest_route=%2Fwp%2Fv2%2Ftags&post=19786"}],"curies":[{"name":"wp","href":"https:\/\/api.w.org\/{rel}","templated":true}]}}