{"id":19782,"date":"2025-09-06T08:05:22","date_gmt":"2025-09-06T12:05:22","guid":{"rendered":"https:\/\/agromt.news\/?p=19782"},"modified":"2025-09-06T08:05:22","modified_gmt":"2025-09-06T12:05:22","slug":"programa-agrofamilia-formaliza-r-500-mil-em-novos-contratos-na-casa-do-badesul-na-48a-expointer","status":"publish","type":"post","link":"https:\/\/agromt.news\/?p=19782","title":{"rendered":"Programa Agrofam\u00edlia formaliza R$ 500 mil em novos contratos na Casa do Badesul na 48\u00aa Expointer"},"content":{"rendered":"<p> <br \/>\n<\/p>\n<div>\n<p style=\"text-align:justify\">Nesta quinta-feira (4\/9), a Casa do Badesul foi palco da assinatura de 17 contratos do Programa Agrofam\u00edlia, que somam R$ 500 mil em investimentos para o fortalecimento da agricultura familiar. Do total, 12 contratos foram destinados a agroind\u00fastrias e 12 a jovens rurais.&#13;\n<\/p>\n<p style=\"text-align:justify\">A iniciativa \u00e9 promovida pelo Governo do Estado e pela Secretaria de Desenvolvimento Rural (SDR), por meio do FEAPER, tendo o Badesul como gestor operacional, financeiro e cont\u00e1bil. Al\u00e9m de agroind\u00fastrias e jovens rurais, o cr\u00e9dito contempla pescadores e comunidades quilombolas.<\/p>\n<p style=\"text-align:justify\">O secret\u00e1rio da SDR, Vilson Covatti, destacou que mais de 600 contratos j\u00e1 foram assinados desde abril. \u201cEstamos escrevendo uma linda p\u00e1gina na hist\u00f3ria da agricultura familiar do nosso Estado, junto com os produtores, a ag\u00eancia de fomento Badesul, a FETAG-RS, a Emater-RS e o Governo do Estado. A agilidade de todas as institui\u00e7\u00f5es tem sido fundamental\u201d, afirmou.&#13;\n<\/p>\n<p style=\"text-align:justify\">O diretor financeiro do Badesul, Robson Ferreira, tamb\u00e9m destacou a parceria entre a ag\u00eancia de fomento, a SDR, a Fetag e Emater-RS. \u201cUnimos esfor\u00e7os para colocar os recursos na rua, fazendo-os chegar nas m\u00e3os de quem faz acontecer no campo\u201d, disse.<\/p>\n<p style=\"text-align:justify\">Representando a FETAG-RS, Lucas Machry lembrou que mais de dez mil jovens se inscreveram para o programa. \u201cFoi um belo trabalho, que atraiu in\u00fameros interessados e conseguiu fazer com que os valores de fato chegassem a eles\u201d, ressaltou, elogiando a pol\u00edtica p\u00fablica.<\/p>\n<p style=\"text-align:justify\">\u201cEstamos empenhados em promover o desenvolvimento de modo sustent\u00e1vel. A verdade pol\u00edtica p\u00fablica \u00e9 a que gera resultado!\u201d, afirmou o presidente da Emater, Luciano Schwertz, tamb\u00e9m presente no evento.<\/p>\n<p style=\"text-align:justify\">Entre os produtores rurais beneficiados pelo programa, est\u00e1 o casal Valmir e Rosane Fauro. Com o financiamento, a Agroind\u00fastria Faro, especializada no cultivo e processamento de mandioca, vai investir na qualifica\u00e7\u00e3o da sua infraestrutura. \u201cAs melhorias incluem obras, al\u00e9m da aquisi\u00e7\u00e3o de embalagens, caixaria e caixa t\u00e9rmica\u201d, comemorou Rosane.&#13;\n<\/p>\n<\/p><\/div>\n<p><script data-cfasync=\"false\">\n    !function (f, b, e, v, n, t, s) {\n        if (f.fbq) return; n = f.fbq = function () {\n            n.callMethod ?\n                n.callMethod.apply(n, arguments) : n.queue.push(arguments)\n        };\n        if (!f._fbq) f._fbq = n; n.push = n; n.loaded = !0; n.version = '2.0';\n        n.queue = []; t = b.createElement(e); t.async = !0;\n        t.src = v; s = b.getElementsByTagName(e)[0];\n        s.parentNode.insertBefore(t, s)\n    }(window, document, 'script',\n        'https:\/\/connect.facebook.net\/en_US\/fbevents.js');\n    fbq('init', '522546078623747');\n    fbq('track', 'PageView');\n<\/script><br \/>\n<br \/><br \/>\n<br \/><a href=\"https:\/\/www.agrolink.com.br\/noticias\/programa-agrofamilia-formaliza-r--500-mil-em-novos-contratos-na-casa-do-badesul-na-48--expointer_505670.html\">Source link <\/a><\/p>\n","protected":false},"excerpt":{"rendered":"<p>Nesta quinta-feira (4\/9), a Casa do Badesul foi palco da assinatura de 17 contratos do Programa Agrofam\u00edlia, que somam R$<\/p>\n","protected":false},"author":1,"featured_media":19783,"comment_status":"open","ping_status":"open","sticky":false,"template":"","format":"standard","meta":{"_monsterinsights_skip_tracking":false,"_monsterinsights_sitenote_active":false,"_monsterinsights_sitenote_note":"","_monsterinsights_sitenote_category":0,"_uf_show_specific_survey":0,"_uf_disable_surveys":false,"footnotes":""},"categories":[8,1,14],"tags":[],"class_list":["post-19782","post","type-post","status-publish","format-standard","has-post-thumbnail","hentry","category-agro","category-news","category-politica-agro"],"_links":{"self":[{"href":"https:\/\/agromt.news\/index.php?rest_route=\/wp\/v2\/posts\/19782"}],"collection":[{"href":"https:\/\/agromt.news\/index.php?rest_route=\/wp\/v2\/posts"}],"about":[{"href":"https:\/\/agromt.news\/index.php?rest_route=\/wp\/v2\/types\/post"}],"author":[{"embeddable":true,"href":"https:\/\/agromt.news\/index.php?rest_route=\/wp\/v2\/users\/1"}],"replies":[{"embeddable":true,"href":"https:\/\/agromt.news\/index.php?rest_route=%2Fwp%2Fv2%2Fcomments&post=19782"}],"version-history":[{"count":0,"href":"https:\/\/agromt.news\/index.php?rest_route=\/wp\/v2\/posts\/19782\/revisions"}],"wp:featuredmedia":[{"embeddable":true,"href":"https:\/\/agromt.news\/index.php?rest_route=\/wp\/v2\/media\/19783"}],"wp:attachment":[{"href":"https:\/\/agromt.news\/index.php?rest_route=%2Fwp%2Fv2%2Fmedia&parent=19782"}],"wp:term":[{"taxonomy":"category","embeddable":true,"href":"https:\/\/agromt.news\/index.php?rest_route=%2Fwp%2Fv2%2Fcategories&post=19782"},{"taxonomy":"post_tag","embeddable":true,"href":"https:\/\/agromt.news\/index.php?rest_route=%2Fwp%2Fv2%2Ftags&post=19782"}],"curies":[{"name":"wp","href":"https:\/\/api.w.org\/{rel}","templated":true}]}}