{"id":19781,"date":"2025-09-06T06:09:36","date_gmt":"2025-09-06T10:09:36","guid":{"rendered":"https:\/\/agromt.news\/?p=19781"},"modified":"2025-09-06T06:09:36","modified_gmt":"2025-09-06T10:09:36","slug":"monitoramento-e-chave-no-combate-ao-psilideo-dos-citros","status":"publish","type":"post","link":"https:\/\/agromt.news\/?p=19781","title":{"rendered":"Monitoramento \u00e9 chave no combate ao psil\u00eddeo-dos-citros"},"content":{"rendered":"<p> <br \/>\n<\/p>\n<div>\n<p style=\"text-align:justify\">Com mais de 25 anos de experi\u00eancia, o engenheiro agr\u00f4nomo Hamilton Rocha, presidente do Grupo de Consultores em Citros (GCONCI), destacou que houve avan\u00e7os\u00a0no controle qu\u00edmico do psil\u00eddeo-dos-citros (Diaphorina citri), inseto vetor do greening (HBL). A associa\u00e7\u00e3o, sediada em Cordeir\u00f3polis (SP) e de car\u00e1ter t\u00e9cnico sem fins lucrativos, estende hoje sua atua\u00e7\u00e3o consultiva a cerca de 40 milh\u00f5es de plantas c\u00edtricas.&#13;\n<\/p>\n<p style=\"text-align:justify\">Segundo Rocha, o avan\u00e7o da doen\u00e7a levou ao desenvolvimento de estrat\u00e9gias mais precisas para determinar o momento adequado de aplica\u00e7\u00e3o de inseticidas. Ele explicou que surgiram produtos que atuam sobre as fases jovens da praga, sobretudo a chamada ninfa, capazes de \u201cquebrar o ciclo\u201d do inseto.<\/p>\n<p style=\"text-align:justify\">\u201cPrecisamos quebrar a reprodu\u00e7\u00e3o do inseto em momentos decisivos. Um deles \u00e9 na florada, que est\u00e1 ocorrendo agora, e outro em dezembro, janeiro, quando h\u00e1 vegeta\u00e7\u00e3o intensa no pomar\u201d, afirmou o consultor. \u201cQuebrar o ciclo do inseto mudou o conceito de tratamento, trouxe um ganho enorme. O desafio \u00e9 n\u00e3o deixar a praga se multiplicar, contaminar-se nas plantas doentes.\u201d<\/p>\n<p style=\"text-align:justify\">Rocha explicou que, ap\u00f3s anos de pesquisas, a fase ninfa foi identificada como a mais cr\u00edtica para a transmiss\u00e3o da bact\u00e9ria causadora da doen\u00e7a, enquanto antes os tratamentos se concentravam nos insetos adultos. Ele ressaltou que a associa\u00e7\u00e3o de inseticidas com diferentes ingredientes ativos e modos de a\u00e7\u00e3o \u00e9 fundamental para que atinjam tanto adultos quanto ninfas.<\/p>\n<p style=\"text-align:justify\">Conforme o presidente do GCONCI, quando aplicados corretamente e no momento adequado, inseticidas espec\u00edficos para o controle da ninfa podem alcan\u00e7ar efic\u00e1cia de at\u00e9 80%. \u201cEssas aplica\u00e7\u00f5es devem ser feitas, preferencialmente, do est\u00e1gio V1 a V4 das folhas de citros (1 cm a 4 cm)\u201d, explicou.&#13;\n<\/p>\n<p style=\"text-align:justify\">Dados do Fundo de Defesa da Citricultura (Fundecitrus) mostram que a incid\u00eancia do greening em laranjeiras aumentou de 38% em 2023 para 44,35% em 2024. Segundo Rocha, \u00e1rvores afetadas apresentam queda acentuada de frutos, que ficam menores, deformados e assim\u00e9tricos. \u201cA planta reage \u00e0 bact\u00e9ria que est\u00e1 dentro dela, bloqueia o transporte de seiva aos frutos. Uma parte dos frutos cai. Nossa grande busca \u00e9 diminuir essa queda e fazer com que a seiva se desloque, apesar da doen\u00e7a\u201d, disse.<\/p>\n<p style=\"text-align:justify\">Rocha destacou ainda que a intensidade e a qualidade do monitoramento das pragas s\u00e3o fatores determinantes para definir as melhores estrat\u00e9gias de manejo. \u201cDevemos considerar clima, est\u00e1gio da safra, as fases dos insetos presentes nas plantas. O monitoramento \u00e9 chave\u201d, refor\u00e7ou.<\/p>\n<p style=\"text-align:justify\">O presidente do GCONCI acrescentou que o equil\u00edbrio nutricional das plantas tamb\u00e9m \u00e9 essencial. \u201cNecess\u00e1rio haver equil\u00edbrio na nutri\u00e7\u00e3o do pomar, fazer an\u00e1lises de solo, das folhas, para que as plantas se fortale\u00e7am. Uma planta bem nutrida resistir\u00e1 mais diante do psil\u00eddeo e tamb\u00e9m de outras pragas e doen\u00e7as. Ter\u00e1 menos problemas\u201d, disse. Rocha recomendou ainda o uso de bioestimulantes. \u201cBioestimulantes ajudam muito em situa\u00e7\u00f5es de estresse, como a enfrentada nos dias de hoje pelo produtor, com tempo mais seco, aus\u00eancia prolongada de chuvas e mesmo nos casos de estresse advindos de doen\u00e7as. Esses produtos deixam a planta mais equilibrada para se \u2018autodefender\u2019.\u201d<\/p>\n<p style=\"text-align:justify\">Apesar da maior press\u00e3o do greening sobre os pomares, a \u00faltima previs\u00e3o do Fundecitrus aponta que a produ\u00e7\u00e3o do cintur\u00e3o citr\u00edcola de S\u00e3o Paulo e Minas Gerais dever\u00e1 alcan\u00e7ar 314,6 milh\u00f5es de caixas de 40,8 kg na safra 2025\/26, crescimento de 36% em rela\u00e7\u00e3o ao ciclo anterior, quando foram colhidas 230,87 milh\u00f5es de caixas.&#13;\n<\/p>\n<p style=\"text-align:justify\">\u201cH\u00e1 v\u00e1rias regi\u00f5es que sofreram com a seca nos meses de fevereiro, mar\u00e7o e abril. Isso afetou bastante os pomares. Estamos bem no in\u00edcio da safra, colhendo as \u2018precoces\u2019\u201d, relatou Rocha. \u201cDe modo geral, observamos at\u00e9 o momento que apesar da perspectiva de aumento da colheita, est\u00e1 sendo uma safra marcada pela produ\u00e7\u00e3o de frutas pequenas.\u201d<\/p>\n<\/p><\/div>\n<p><script data-cfasync=\"false\">\n    !function (f, b, e, v, n, t, s) {\n        if (f.fbq) return; n = f.fbq = function () {\n            n.callMethod ?\n                n.callMethod.apply(n, arguments) : n.queue.push(arguments)\n        };\n        if (!f._fbq) f._fbq = n; n.push = n; n.loaded = !0; n.version = '2.0';\n        n.queue = []; t = b.createElement(e); t.async = !0;\n        t.src = v; s = b.getElementsByTagName(e)[0];\n        s.parentNode.insertBefore(t, s)\n    }(window, document, 'script',\n        'https:\/\/connect.facebook.net\/en_US\/fbevents.js');\n    fbq('init', '522546078623747');\n    fbq('track', 'PageView');\n<\/script><br \/>\n<br \/><br \/>\n<br \/><a href=\"https:\/\/www.agrolink.com.br\/noticias\/monitoramento-e-chave-no-combate-ao-psilideo-dos-citros_505671.html\">Source link <\/a><\/p>\n","protected":false},"excerpt":{"rendered":"<p>Com mais de 25 anos de experi\u00eancia, o engenheiro agr\u00f4nomo Hamilton Rocha, presidente do Grupo de Consultores em Citros (GCONCI),<\/p>\n","protected":false},"author":1,"featured_media":1222,"comment_status":"open","ping_status":"open","sticky":false,"template":"","format":"standard","meta":{"_monsterinsights_skip_tracking":false,"_monsterinsights_sitenote_active":false,"_monsterinsights_sitenote_note":"","_monsterinsights_sitenote_category":0,"_uf_show_specific_survey":0,"_uf_disable_surveys":false,"footnotes":""},"categories":[8,1,14],"tags":[],"class_list":["post-19781","post","type-post","status-publish","format-standard","has-post-thumbnail","hentry","category-agro","category-news","category-politica-agro"],"_links":{"self":[{"href":"https:\/\/agromt.news\/index.php?rest_route=\/wp\/v2\/posts\/19781"}],"collection":[{"href":"https:\/\/agromt.news\/index.php?rest_route=\/wp\/v2\/posts"}],"about":[{"href":"https:\/\/agromt.news\/index.php?rest_route=\/wp\/v2\/types\/post"}],"author":[{"embeddable":true,"href":"https:\/\/agromt.news\/index.php?rest_route=\/wp\/v2\/users\/1"}],"replies":[{"embeddable":true,"href":"https:\/\/agromt.news\/index.php?rest_route=%2Fwp%2Fv2%2Fcomments&post=19781"}],"version-history":[{"count":0,"href":"https:\/\/agromt.news\/index.php?rest_route=\/wp\/v2\/posts\/19781\/revisions"}],"wp:featuredmedia":[{"embeddable":true,"href":"https:\/\/agromt.news\/index.php?rest_route=\/wp\/v2\/media\/1222"}],"wp:attachment":[{"href":"https:\/\/agromt.news\/index.php?rest_route=%2Fwp%2Fv2%2Fmedia&parent=19781"}],"wp:term":[{"taxonomy":"category","embeddable":true,"href":"https:\/\/agromt.news\/index.php?rest_route=%2Fwp%2Fv2%2Fcategories&post=19781"},{"taxonomy":"post_tag","embeddable":true,"href":"https:\/\/agromt.news\/index.php?rest_route=%2Fwp%2Fv2%2Ftags&post=19781"}],"curies":[{"name":"wp","href":"https:\/\/api.w.org\/{rel}","templated":true}]}}