{"id":19778,"date":"2025-09-06T03:15:10","date_gmt":"2025-09-06T07:15:10","guid":{"rendered":"https:\/\/agromt.news\/?p=19778"},"modified":"2025-09-06T03:15:10","modified_gmt":"2025-09-06T07:15:10","slug":"exportacao-de-carne-bovina-bate-recorde-historico-em-julho-25-mesmo-com","status":"publish","type":"post","link":"https:\/\/agromt.news\/?p=19778","title":{"rendered":"Exporta\u00e7\u00e3o de carne bovina bate recorde hist\u00f3rico em julho\/25, mesmo com&#8230;"},"content":{"rendered":"<p> <br \/>\n<\/p>\n<p>Brasil embarcou 276,8 mil toneladas de carne bovina in natura no m\u00eas, superando em 16,7% o volume exportado em julho de 2024.<\/p>\n<div>\n<p><img decoding=\"async\" alt=\"Logotipo Not&#xED;cias Agr&#xED;colas\" height=\"21\" src=\"https:\/\/cdn.noticiasagricolas.com.br\/dbimagens\/e12363a00741f9cc7caf23469101a4aa.png\" width=\"106\"\/><\/p>\n<p style=\"text-align:justify;\">Mesmo diante do impacto da nova tarifa de 50% imposta pelos Estados Unidos, as exporta\u00e7\u00f5es brasileiras de carne bovina in natura atingiram em julho de 2025 o maior volume j\u00e1 registrado para um \u00fanico m\u00eas em toda a s\u00e9rie hist\u00f3rica. De acordo com dados da Secretaria de Com\u00e9rcio Exterior (Secex), divulgados nesta quarta-feira (06), foram embarcadas 276.879 mil toneladas, o n\u00famero que supera as 237,2 mil toneladas exportadas no mesmo per\u00edodo do ano passado.<\/p>\n<p>\nNo comparativo anual, o avan\u00e7o no volume exportado representa uma alta de 16,69%. O volume exportado at\u00e9 a quarta semana de julho tamb\u00e9m j\u00e1 \u00e9 superior em 14,81% ao volume total embarcado em junho deste ano, que ficou em 241,09 mil toneladas.<\/p>\n<p>\nSegundo an\u00e1lise da Scot Consultoria, o volume exportado de carne bovina in natura em julho de 2025 representa um recorde hist\u00f3rico para um \u00fanico m\u00eas, mesmo diante da imposi\u00e7\u00e3o da tarifa adicional de 50% pelos Estados Unidos.<\/p>\n<div class=\"image-center\">\n<figure class=\"image-captioned\"><img decoding=\"async\" alt=\"WhatsApp Image 2025-08-06 at 16.04.06 (1)\" src=\"https:\/\/cdn.noticiasagricolas.com.br\/dbimagens\/thumbs\/800x2000\/whatsapp-image-2025-08-06-at-160406-1-qeoll.jpeg\"\/><figcaption>Confira a s\u00e9rie hist\u00f3rica das exporta\u00e7\u00f5es | Elabora\u00e7\u00e3o: Scot Consultoria<\/figcaption><\/figure>\n<\/div>\n<p style=\"text-align:justify;\">J\u00e1 com rela\u00e7\u00e3o \u00e0 m\u00e9dia di\u00e1ria exportada, a m\u00e9dia di\u00e1ria ficou pr\u00f3xima de 12,03 mil toneladas e teve um avan\u00e7o de 16,68% frente a m\u00e9dia di\u00e1ria do ano anterior, que ficou em 10,3 mil toneladas.\u00a0<\/p>\n<p>Os pre\u00e7os m\u00e9dios pagos pela carne bovina ficaram pr\u00f3ximos de US$ 5.551,0 mil por tonelada at\u00e9 a quinta semana de julho\/25, isso representa um ganho anual de 25,9%, quando se compara com os valores observados em julho de 2024, em que estavam precificados em US$ 4.409,0 mil por tonelada.<\/p>\n<p>\nO valor negociado para a carne bovina na quinta semana de julho ficou em US$ 1.536.951,8 bilh\u00e3o, sendo que em julho do ano anterior a receita total foi de US$ 1.045.913,0 bilh\u00e3o.\u00a0<\/p>\n<p>A m\u00e9dia di\u00e1ria do faturamento na quinta semana de julho ficou em US$ 66.824,0 milh\u00f5es e registrou um ganho de 46,9%, frente ao observado no m\u00eas de julho do ano passado, que ficou em US$ 45.474,5 milh\u00f5es.<\/p>\n<\/p><\/div>\n<p><script async defer src=\"https:\/\/connect.facebook.net\/en_US\/sdk.js\"><\/script><script>\n  !function(f,b,e,v,n,t,s)\n  {if(f.fbq)return;n=f.fbq=function(){n.callMethod?\n    n.callMethod.apply(n,arguments):n.queue.push(arguments)};\n    if(!f._fbq)f._fbq=n;n.push=n;n.loaded=!0;n.version='2.0';\n    n.queue=[];t=b.createElement(e);t.async=!0;\n    t.src=v;s=b.getElementsByTagName(e)[0];\n    s.parentNode.insertBefore(t,s)}(window, document,'script',\n    'https:\/\/connect.facebook.net\/en_US\/fbevents.js');\n  fbq('init', '153495679422335');\n  fbq('track', 'PageView');\n<\/script><br \/>\n<br \/><br \/>\n<br \/><a href=\"https:\/\/www.noticiasagricolas.com.br\/noticias\/boi\/405333-exportacao-de-carne-bovina-bate-recorde-historico-em-julho-25-mesmo-com-tarifaco-dos-eua.html\">Source link <\/a><\/p>\n","protected":false},"excerpt":{"rendered":"<p>Brasil embarcou 276,8 mil toneladas de carne bovina in natura no m\u00eas, superando em 16,7% o volume exportado em julho<\/p>\n","protected":false},"author":1,"featured_media":19779,"comment_status":"open","ping_status":"open","sticky":false,"template":"","format":"standard","meta":{"_monsterinsights_skip_tracking":false,"_monsterinsights_sitenote_active":false,"_monsterinsights_sitenote_note":"","_monsterinsights_sitenote_category":0,"_uf_show_specific_survey":0,"_uf_disable_surveys":false,"footnotes":""},"categories":[8,1,14,16],"tags":[],"class_list":["post-19778","post","type-post","status-publish","format-standard","has-post-thumbnail","hentry","category-agro","category-news","category-politica-agro","category-safra"],"_links":{"self":[{"href":"https:\/\/agromt.news\/index.php?rest_route=\/wp\/v2\/posts\/19778"}],"collection":[{"href":"https:\/\/agromt.news\/index.php?rest_route=\/wp\/v2\/posts"}],"about":[{"href":"https:\/\/agromt.news\/index.php?rest_route=\/wp\/v2\/types\/post"}],"author":[{"embeddable":true,"href":"https:\/\/agromt.news\/index.php?rest_route=\/wp\/v2\/users\/1"}],"replies":[{"embeddable":true,"href":"https:\/\/agromt.news\/index.php?rest_route=%2Fwp%2Fv2%2Fcomments&post=19778"}],"version-history":[{"count":0,"href":"https:\/\/agromt.news\/index.php?rest_route=\/wp\/v2\/posts\/19778\/revisions"}],"wp:featuredmedia":[{"embeddable":true,"href":"https:\/\/agromt.news\/index.php?rest_route=\/wp\/v2\/media\/19779"}],"wp:attachment":[{"href":"https:\/\/agromt.news\/index.php?rest_route=%2Fwp%2Fv2%2Fmedia&parent=19778"}],"wp:term":[{"taxonomy":"category","embeddable":true,"href":"https:\/\/agromt.news\/index.php?rest_route=%2Fwp%2Fv2%2Fcategories&post=19778"},{"taxonomy":"post_tag","embeddable":true,"href":"https:\/\/agromt.news\/index.php?rest_route=%2Fwp%2Fv2%2Ftags&post=19778"}],"curies":[{"name":"wp","href":"https:\/\/api.w.org\/{rel}","templated":true}]}}