{"id":19776,"date":"2025-09-06T02:11:01","date_gmt":"2025-09-06T06:11:01","guid":{"rendered":"https:\/\/agromt.news\/?p=19776"},"modified":"2025-09-06T02:11:01","modified_gmt":"2025-09-06T06:11:01","slug":"governo-lanca-indice-da-inflacao-de-alimentos-com-base-em-notas-fiscais-do-varejo","status":"publish","type":"post","link":"https:\/\/agromt.news\/?p=19776","title":{"rendered":"governo lan\u00e7a \u00edndice da infla\u00e7\u00e3o de alimentos com base em notas fiscais do varejo"},"content":{"rendered":"<p> <br \/>\n<\/p>\n<div>\n<p style=\"text-align:justify\">O governo do Estado, por meio da Secretaria da Fazenda (Sefaz), lan\u00e7ou nesta quinta-feira (4\/9), durante a Expointer, um conjunto de novidades ligadas ao programa Desenvolve RS \u2013 iniciativa da Receita Estadual que transforma a base de dados de documentos fiscais em informa\u00e7\u00f5es acess\u00edveis e \u00fateis para os setores produtivos e para a sociedade. O objetivo \u00e9 fomentar a economia e impulsionar a gera\u00e7\u00e3o de empregos.&#13;\n<\/p>\n<p style=\"text-align:justify\">Uma das principais novidades \u00e9 a amplia\u00e7\u00e3o e moderniza\u00e7\u00e3o do painel interativo Pre\u00e7os Din\u00e2micos, que agora passa a monitorar diariamente a varia\u00e7\u00e3o de pre\u00e7os de 80 alimentos &#8211; 15 a mais do que antes. A ferramenta vai acompanhar as oscila\u00e7\u00f5es da cesta de consumo das fam\u00edlias, que abrange todos os itens monitorados, e dos produtos separados por grupos e subgrupos, com possibilidade de consulta das varia\u00e7\u00f5es por regi\u00e3o do Estado. Todos os dados t\u00eam como fonte os registros das notas fiscais eletr\u00f4nicas emitidas pelo varejo.<\/p>\n<p style=\"text-align:justify\">Dentro do painel, passa a estar dispon\u00edvel o \u00cdndice de Infla\u00e7\u00e3o da Cesta de Alimentos da Receita Estadual (ICA-RE), que mede a infla\u00e7\u00e3o m\u00e9dia dos alimentos monitorados. O Rio Grande do Sul ser\u00e1 o primeiro estado brasileiro a divulgar um \u00edndice pr\u00f3prio de varia\u00e7\u00e3o de pre\u00e7os dos alimentos, que vai acompanhar as varia\u00e7\u00f5es da cesta completa, al\u00e9m de fornecer \u00edndices por grupos, subgrupos e produtos espec\u00edficos. Tamb\u00e9m ser\u00e1 poss\u00edvel consultar os resultados por regi\u00e3o, o que fornece um retrato mais fiel da realidade local. O \u00edndice ainda contar\u00e1 com vers\u00e3o dessazonalizada, que elimina varia\u00e7\u00f5es extremas provocadas pela oferta irregular de determinados produtos ao longo do ano.&#13;\n<\/p>\n<p style=\"text-align:justify\">\u201cPara as fam\u00edlias, a iniciativa permite comparar pre\u00e7os praticamente em tempo real, economizando tempo e aumentando a seguran\u00e7a na hora de aproveitar ofertas. Para as empresas, a ferramenta possibilita monitoramento constante da concorr\u00eancia e ajustes imediatos em pre\u00e7os, promo\u00e7\u00f5es e ofertas. J\u00e1 para gestores p\u00fablicos e economistas, o \u00edndice fornece subs\u00eddios relevantes para a formula\u00e7\u00e3o de pol\u00edticas e a produ\u00e7\u00e3o de indicadores de infla\u00e7\u00e3o\u201d, avalia o subsecret\u00e1rio adjunto da Receita Estadual, Giovanni Padilha.<\/p>\n<p style=\"text-align:justify\">O ICA-RE poder\u00e1 ser consultado por varia\u00e7\u00e3o mensal, acumulado no ano e nos \u00faltimos 12 meses. O painel ainda fornece recortes espec\u00edficos, como a infla\u00e7\u00e3o registrada entre empresas do Simples Nacional e do regime geral. O \u00edndice tamb\u00e9m ser\u00e1 divulgado mensalmente no Boletim de Pre\u00e7os Din\u00e2micos, sempre no primeiro dia \u00fatil de cada m\u00eas, com dados referentes ao per\u00edodo anterior.&#13;\n<\/p>\n<p style=\"text-align:justify\"><strong>Apoio \u00e0 tomada de decis\u00e3o<\/strong><\/p>\n<p style=\"text-align:justify\">Outra novidade apresentada foi o Painel RS360, que passa a divulgar indicadores econ\u00f4micos da ind\u00fastria, do atacado e do varejo, antes dispon\u00edveis apenas no boletim setorial da Revista RS360. A ferramenta, com atualiza\u00e7\u00e3o mensal, concentra dados sobre volume de vendas, compras, investimentos em bens de capital e informa\u00e7\u00f5es como o valor adicionado dos setores, que sinaliza a margem de lucro das atividades econ\u00f4micas.<\/p>\n<\/p><\/div>\n<p><script data-cfasync=\"false\">\n    !function (f, b, e, v, n, t, s) {\n        if (f.fbq) return; n = f.fbq = function () {\n            n.callMethod ?\n                n.callMethod.apply(n, arguments) : n.queue.push(arguments)\n        };\n        if (!f._fbq) f._fbq = n; n.push = n; n.loaded = !0; n.version = '2.0';\n        n.queue = []; t = b.createElement(e); t.async = !0;\n        t.src = v; s = b.getElementsByTagName(e)[0];\n        s.parentNode.insertBefore(t, s)\n    }(window, document, 'script',\n        'https:\/\/connect.facebook.net\/en_US\/fbevents.js');\n    fbq('init', '522546078623747');\n    fbq('track', 'PageView');\n<\/script><br \/>\n<br \/><br \/>\n<br \/><a href=\"https:\/\/www.agrolink.com.br\/noticias\/48--expointer--governo-lanca-indice-da-inflacao-de-alimentos-com-base-em-notas-fiscais-do-varejo_505674.html\">Source link <\/a><\/p>\n","protected":false},"excerpt":{"rendered":"<p>O governo do Estado, por meio da Secretaria da Fazenda (Sefaz), lan\u00e7ou nesta quinta-feira (4\/9), durante a Expointer, um conjunto<\/p>\n","protected":false},"author":1,"featured_media":19777,"comment_status":"open","ping_status":"open","sticky":false,"template":"","format":"standard","meta":{"_monsterinsights_skip_tracking":false,"_monsterinsights_sitenote_active":false,"_monsterinsights_sitenote_note":"","_monsterinsights_sitenote_category":0,"_uf_show_specific_survey":0,"_uf_disable_surveys":false,"footnotes":""},"categories":[8,1,14],"tags":[],"class_list":["post-19776","post","type-post","status-publish","format-standard","has-post-thumbnail","hentry","category-agro","category-news","category-politica-agro"],"_links":{"self":[{"href":"https:\/\/agromt.news\/index.php?rest_route=\/wp\/v2\/posts\/19776"}],"collection":[{"href":"https:\/\/agromt.news\/index.php?rest_route=\/wp\/v2\/posts"}],"about":[{"href":"https:\/\/agromt.news\/index.php?rest_route=\/wp\/v2\/types\/post"}],"author":[{"embeddable":true,"href":"https:\/\/agromt.news\/index.php?rest_route=\/wp\/v2\/users\/1"}],"replies":[{"embeddable":true,"href":"https:\/\/agromt.news\/index.php?rest_route=%2Fwp%2Fv2%2Fcomments&post=19776"}],"version-history":[{"count":0,"href":"https:\/\/agromt.news\/index.php?rest_route=\/wp\/v2\/posts\/19776\/revisions"}],"wp:featuredmedia":[{"embeddable":true,"href":"https:\/\/agromt.news\/index.php?rest_route=\/wp\/v2\/media\/19777"}],"wp:attachment":[{"href":"https:\/\/agromt.news\/index.php?rest_route=%2Fwp%2Fv2%2Fmedia&parent=19776"}],"wp:term":[{"taxonomy":"category","embeddable":true,"href":"https:\/\/agromt.news\/index.php?rest_route=%2Fwp%2Fv2%2Fcategories&post=19776"},{"taxonomy":"post_tag","embeddable":true,"href":"https:\/\/agromt.news\/index.php?rest_route=%2Fwp%2Fv2%2Ftags&post=19776"}],"curies":[{"name":"wp","href":"https:\/\/api.w.org\/{rel}","templated":true}]}}