{"id":19775,"date":"2025-09-06T00:15:10","date_gmt":"2025-09-06T04:15:10","guid":{"rendered":"https:\/\/agromt.news\/?p=19775"},"modified":"2025-09-06T00:15:10","modified_gmt":"2025-09-06T04:15:10","slug":"digitalizacao-e-a-saida-para-o-seguro-agricola","status":"publish","type":"post","link":"https:\/\/agromt.news\/?p=19775","title":{"rendered":"Digitaliza\u00e7\u00e3o \u00e9 a sa\u00edda para o Seguro Agr\u00edcola"},"content":{"rendered":"<p> <br \/>\n<\/p>\n<div>\n<div class=\"row\">\n<div class=\"col-lg col-infos mt-0 mt-lg-0\">\n<div class=\"section-sub-title\">\n<p itemprop=\"description\">&#13;<br \/>\n                                Crises no agro j\u00e1 demonstraram que dificuldades antecipam transforma\u00e7\u00f5es&#13;\n                            <\/p>\n<\/p><\/div>\n<div class=\"container\">\n<div class=\"row\">\n<div class=\"col-lg p-0\">\n<div>\n<div class=\"block-news-main-infos mt-3 text-start\">\n<p>                                            <strong class=\"fn\" itemprop=\"author\" style=\"color: rgb(112, 112, 112); \">&#13;<br \/>\n                                                <a href=\"https:\/\/www.agrolink.com.br\/noticias\/javascript:;\" class=\"text-uppercase\" target=\"_blank\" style=\"color: rgb(112, 112, 112); \" rel=\"noopener\">Agrolink<\/a>&#13;<br \/>\n&#13;<br \/>\n                                                    &#8211; Leonardo Gottems&#13;<br \/>\n&#13;<br \/>\n                                            <\/strong><br \/>\n                                        <\/p>\n<p>                                            <abbr><time datetime=\"2025-09-05T06:47\" itemprop=\"datePublished dateModified\">Publicado em 05\/09\/2025 \u00e0s 06:47h.<\/time><\/abbr><br \/>\n                                            <\/p><\/div>\n<\/p><\/div>\n<\/p><\/div>\n<div class=\"col-lg p-0 text-lg-end\">\n<div>\n<div id=\"mdEnviarPagina\" class=\"modal fade\" role=\"dialog\">\n<div class=\"modal-dialog\">\n<div class=\"modal-content\">\n<div class=\"modal-body\">\n<p><strong>Estimado usu\u00e1rio.<\/strong><br \/>Preencha o formul\u00e1rio abaixo para remeter a p\u00e1gina.<\/p>\n<\/p><\/div>\n<\/p><\/div>\n<\/p><\/div>\n<\/div><\/div>\n<\/p><\/div>\n<\/p><\/div>\n<\/p><\/div>\n<\/p><\/div>\n<\/p><\/div>\n<div class=\"row justify-content-md-center mt-3\">\n<div class=\"col-lg-auto col-image block-news-main-image\">\n<p>                                <img decoding=\"async\" src=\"https:\/\/www.agrolink.com.br\/upload\/imagens-resizes\/5facbc89ec9f49aebc274362906a3642_858x483.jpg\" class=\"lazyload img-fluid\" alt=\"Crises no agro j\u00e1 demonstraram que dificuldades antecipam transforma\u00e7\u00f5es\"\/><br \/>\n                                                <span class=\"d-block mt-1\">Crises no agro j\u00e1 demonstraram que dificuldades antecipam transforma\u00e7\u00f5es &#8211; Foto: Pixabay<\/span><\/p><\/div>\n<\/p><\/div>\n<div class=\"section-description section-description-noticias mt-3\">\n<p>A imposi\u00e7\u00e3o de tarifas de 50% pelos EUA sobre produtos brasileiros est\u00e1 acelerando a transforma\u00e7\u00e3o do seguro agr\u00edcola. Segundo Rodrigo Zuini, CTO da Picsel, o impacto atinge produtores em toda a cadeia, reduzindo margens e comprometendo a manuten\u00e7\u00e3o de seguros em meio \u00e0 maior volatilidade clim\u00e1tica e de mercado. O corte de 42% no Programa de Subven\u00e7\u00e3o Rural reduziu a \u00e1rea segurada de 14 milh\u00f5es para 7 milh\u00f5es de hectares, deixando milh\u00f5es de hectares vulner\u00e1veis a perdas sem respaldo financeiro.&#13;\n<\/p>\n<p>Nesse cen\u00e1rio, a digitaliza\u00e7\u00e3o deixa de ser opcional. Tecnologias como intelig\u00eancia artificial, Big Data, drones e seguros param\u00e9tricos permitem estimar riscos com precis\u00e3o, reduzir custos e agilizar a emiss\u00e3o de ap\u00f3lices. Startups brasileiras mostram que processos automatizados podem cortar custos em at\u00e9 90%, tornando o seguro mais acess\u00edvel e transparente, mesmo sem subs\u00eddio p\u00fablico.<\/p>\n<p>Crises no agro j\u00e1 demonstraram que dificuldades antecipam transforma\u00e7\u00f5es. Plataformas digitais se consolidaram em cr\u00e9dito rural e gest\u00e3o de propriedades ap\u00f3s restri\u00e7\u00f5es financeiras e eventos clim\u00e1ticos extremos. Culturas exportadoras como caf\u00e9 e carne bovina e regi\u00f5es do Sul e Sudeste ser\u00e3o as mais impactadas, refor\u00e7ando a necessidade de solu\u00e7\u00f5es tecnol\u00f3gicas \u00e1geis.&#13;\n<\/p>\n<p>\u201cA crise comercial, portanto, n\u00e3o apenas evidencia fragilidades do seguro agr\u00edcola, mas tamb\u00e9m pode acelerar uma revolu\u00e7\u00e3o digital que levaria d\u00e9cadas para ocorrer naturalmente. Sistemas de precifica\u00e7\u00e3o din\u00e2mica, emiss\u00e3o r\u00e1pida de ap\u00f3lices e plataformas digitais para democratizar o acesso ao seguro podem transformar o setor, mitigando riscos financeiros e fortalecendo a resili\u00eancia do agro brasileiro em meio a desafios de mercado e clima. Se o Brasil conseguir integrar inova\u00e7\u00e3o tecnol\u00f3gica ao seguro agr\u00edcola com escala, poder\u00e1 n\u00e3o apenas reduzir a depend\u00eancia de subs\u00eddio p\u00fablico, mas tamb\u00e9m criar um novo padr\u00e3o de gest\u00e3o de risco rural, mais compat\u00edvel com os desafios do s\u00e9culo XXI\u201d, conclui.<br \/>&#13;<br \/>\n\u00a0<\/p>\n<\/p><\/div>\n<\/p><\/div>\n<p><script data-cfasync=\"false\">\n    !function (f, b, e, v, n, t, s) {\n        if (f.fbq) return; n = f.fbq = function () {\n            n.callMethod ?\n                n.callMethod.apply(n, arguments) : n.queue.push(arguments)\n        };\n        if (!f._fbq) f._fbq = n; n.push = n; n.loaded = !0; n.version = '2.0';\n        n.queue = []; t = b.createElement(e); t.async = !0;\n        t.src = v; s = b.getElementsByTagName(e)[0];\n        s.parentNode.insertBefore(t, s)\n    }(window, document, 'script',\n        'https:\/\/connect.facebook.net\/en_US\/fbevents.js');\n    fbq('init', '522546078623747');\n    fbq('track', 'PageView');\n<\/script><br \/>\n<br \/><br \/>\n<br \/><a href=\"https:\/\/www.agrolink.com.br\/noticias\/digitalizacao-e-a-saida-para-o-seguro-agricola_505675.html\">Source link <\/a><\/p>\n","protected":false},"excerpt":{"rendered":"<p>&#13; Crises no agro j\u00e1 demonstraram que dificuldades antecipam transforma\u00e7\u00f5es&#13; &#13; Agrolink&#13; &#13; &#8211; Leonardo Gottems&#13; &#13; Publicado em 05\/09\/2025<\/p>\n","protected":false},"author":1,"featured_media":6731,"comment_status":"open","ping_status":"open","sticky":false,"template":"","format":"standard","meta":{"_monsterinsights_skip_tracking":false,"_monsterinsights_sitenote_active":false,"_monsterinsights_sitenote_note":"","_monsterinsights_sitenote_category":0,"_uf_show_specific_survey":0,"_uf_disable_surveys":false,"footnotes":""},"categories":[8,1,14],"tags":[],"class_list":["post-19775","post","type-post","status-publish","format-standard","has-post-thumbnail","hentry","category-agro","category-news","category-politica-agro"],"_links":{"self":[{"href":"https:\/\/agromt.news\/index.php?rest_route=\/wp\/v2\/posts\/19775"}],"collection":[{"href":"https:\/\/agromt.news\/index.php?rest_route=\/wp\/v2\/posts"}],"about":[{"href":"https:\/\/agromt.news\/index.php?rest_route=\/wp\/v2\/types\/post"}],"author":[{"embeddable":true,"href":"https:\/\/agromt.news\/index.php?rest_route=\/wp\/v2\/users\/1"}],"replies":[{"embeddable":true,"href":"https:\/\/agromt.news\/index.php?rest_route=%2Fwp%2Fv2%2Fcomments&post=19775"}],"version-history":[{"count":0,"href":"https:\/\/agromt.news\/index.php?rest_route=\/wp\/v2\/posts\/19775\/revisions"}],"wp:featuredmedia":[{"embeddable":true,"href":"https:\/\/agromt.news\/index.php?rest_route=\/wp\/v2\/media\/6731"}],"wp:attachment":[{"href":"https:\/\/agromt.news\/index.php?rest_route=%2Fwp%2Fv2%2Fmedia&parent=19775"}],"wp:term":[{"taxonomy":"category","embeddable":true,"href":"https:\/\/agromt.news\/index.php?rest_route=%2Fwp%2Fv2%2Fcategories&post=19775"},{"taxonomy":"post_tag","embeddable":true,"href":"https:\/\/agromt.news\/index.php?rest_route=%2Fwp%2Fv2%2Ftags&post=19775"}],"curies":[{"name":"wp","href":"https:\/\/api.w.org\/{rel}","templated":true}]}}