{"id":19771,"date":"2025-09-05T20:40:16","date_gmt":"2025-09-06T00:40:16","guid":{"rendered":"https:\/\/agromt.news\/?p=19771"},"modified":"2025-09-05T20:40:16","modified_gmt":"2025-09-06T00:40:16","slug":"serie-especial-destaca-desafios-do-combate-ao-fogo-no-cerrado","status":"publish","type":"post","link":"https:\/\/agromt.news\/?p=19771","title":{"rendered":"S\u00e9rie especial destaca desafios do combate ao fogo no Cerrado"},"content":{"rendered":"<p> <br \/>\n<\/p>\n<div>\n<p>O Cerrado brasileiro, segundo maior bioma do pa\u00eds, enfrenta todos os anos a devasta\u00e7\u00e3o provocada pelas queimadas. O fogo transforma a biodiversidade em fuma\u00e7a e cinzas, impactando fauna, flora, nascentes e a vida das pessoas.<\/p>\n<p>O projeto especial <strong>\u201cCerrado Sem Fogo\u201d<\/strong>, produzido pelo <strong>Canal Rural Bahia<\/strong>, mostra, no primeiro epis\u00f3dio, o trabalho \u00e1rduo dos Bombeiros Militares para manter vivo um dos biomas mais incr\u00edveis do pa\u00eds.<\/p>\n<p>Outros tr\u00eas epis\u00f3dios abordar\u00e3o os impactos no meio ambiente, na sa\u00fade humana e na produ\u00e7\u00e3o agr\u00edcola.<\/p>\n<figure class=\"wp-block-embed is-type-video is-provider-youtube wp-block-embed-youtube wp-embed-aspect-16-9 wp-has-aspect-ratio\">\n<p>\n<iframe title=\"1\u00ba EPIS\u00d3DIO \u2013 CERRADO SEM FOGO - PREVEN\u00c7\u00c3O E COMBATE\" width=\"800\" height=\"450\" src=\"https:\/\/www.youtube.com\/embed\/2hCRSWpBZlk?feature=oembed\" frameborder=\"0\" allow=\"accelerometer; autoplay; clipboard-write; encrypted-media; gyroscope; picture-in-picture; web-share\" referrerpolicy=\"strict-origin-when-cross-origin\" allowfullscreen><\/iframe><noscript><iframe title=\"1\u00ba EPIS\u00d3DIO \u2013 CERRADO SEM FOGO - PREVEN\u00c7\u00c3O E COMBATE\" width=\"800\" height=\"450\" src=\"https:\/\/www.youtube.com\/embed\/2hCRSWpBZlk?feature=oembed\" frameborder=\"0\" allow=\"accelerometer; autoplay; clipboard-write; encrypted-media; gyroscope; picture-in-picture; web-share\" referrerpolicy=\"strict-origin-when-cross-origin\" allowfullscreen><\/iframe><\/noscript>\n<\/p>\n<\/figure>\n<p>Na linha de frente desse combate est\u00e3o as brigadas do Corpo de Bombeiros da Bahia. De acordo com dados da Opera\u00e7\u00e3o Florestal 2024, foram <strong>212 dias de atividades<\/strong>, com atendimento em <strong>114 munic\u00edpios<\/strong> e o combate a <strong>1.099 inc\u00eandios<\/strong>.<\/p>\n<p>Al\u00e9m disso, os bombeiros realizaram mais de <strong>2.061 a\u00e7\u00f5es preventivas<\/strong> em todo o estado.<\/p>\n<p>Em 2025, at\u00e9 o dia 27 de agosto, a opera\u00e7\u00e3o j\u00e1 havia registrado <strong>1.730 inc\u00eandios em 21 munic\u00edpios<\/strong>, al\u00e9m de <strong>49 a\u00e7\u00f5es de preven\u00e7\u00e3o<\/strong>.<\/p>\n<p>Segundo o comandante da opera\u00e7\u00e3o, <strong>major Erick<\/strong>, os inc\u00eandios florestais apresentam desafios que v\u00e3o al\u00e9m do fogo:<\/p>\n<blockquote class=\"wp-block-quote is-layout-flow wp-block-quote-is-layout-flow\">\n<p>\u201cEles t\u00eam uma caracter\u00edstica peculiar de dif\u00edcil acesso, por causa do terreno, da vegeta\u00e7\u00e3o e dos fatores meteorol\u00f3gicos. A Bahia tem dimens\u00f5es compar\u00e1veis a um pa\u00eds, com diferentes biomas, o que exige uma atua\u00e7\u00e3o capilar e combatentes preparados para diversas realidades.\u201d<\/p>\n<\/blockquote>\n<figure class=\"wp-block-image size-large\"><img fetchpriority=\"high\" decoding=\"async\" width=\"1024\" height=\"575\" alt=\"Cerrado Sem Fogo, Corpo de Bombeiros, Combate, preven\u00e7\u00e3o, bombeiros, Bahia, matopiba\" class=\"wp-image-4121277\"  data-lazy- src=\"https:\/\/agromt.news\/wp-content\/uploads\/2025\/09\/Serie-especial-destaca-desafios-do-combate-ao-fogo-no-Cerrado.png\"\/><img decoding=\"async\" width=\"1024\" height=\"575\" src=\"https:\/\/agromt.news\/wp-content\/uploads\/2025\/09\/Serie-especial-destaca-desafios-do-combate-ao-fogo-no-Cerrado.png\" alt=\"Cerrado Sem Fogo, Corpo de Bombeiros, Combate, preven\u00e7\u00e3o, bombeiros, Bahia, matopiba\" class=\"wp-image-4121277\"  \/><figcaption class=\"wp-element-caption\">Rep\u00f3rter Vinicius Ramos durante grava\u00e7\u00f5es com o Corpo de Bombeiros na Base Oeste em Barreiras (BA)<\/figcaption><\/figure>\n<p>O trabalho dos bombeiros \u00e9 intenso. Durante o combate, cada militar carrega mochilas que podem ultrapassar <strong>20 quilos<\/strong>, enfrentando altas temperaturas durante o dia e baixas \u00e0 noite, al\u00e9m de condi\u00e7\u00f5es adversas no campo.<\/p>\n<\/div>\n<div>\n<p>Em 2024, o munic\u00edpio de <strong>Barreiras<\/strong> registrou o maior n\u00famero de ocorr\u00eancias, com <strong>123 casos<\/strong>, seguido de <strong>Juazeiro<\/strong> e <strong>Len\u00e7\u00f3is<\/strong>. Atualmente, cerca de <strong>80 bombeiros militares<\/strong> est\u00e3o em atividade nas bases florestais do Oeste baiano.<\/p>\n<h3 class=\"wp-block-heading\" id=\"h-prejuizos\">Preju\u00edzos<\/h3>\n<p>Al\u00e9m do risco \u00e0 sa\u00fade e ao meio ambiente, os inc\u00eandios geram preju\u00edzos econ\u00f4micos. Para o gerente de sustentabilidade da Aiba, <strong>Eneas Porto<\/strong>, \u00e9 preciso repensar pr\u00e1ticas antigas:<\/p>\n<blockquote class=\"wp-block-quote is-layout-flow wp-block-quote-is-layout-flow\">\n<p>\u201cO fogo traz riscos n\u00e3o s\u00f3 para a atividade rural, mas tamb\u00e9m para a popula\u00e7\u00e3o. Hoje j\u00e1 temos tecnologia suficiente para substituir o uso do fogo e reduzir os danos ambientais.\u201d<\/p>\n<\/blockquote>\n<p>As autoridades refor\u00e7am que a <strong>consci\u00eancia e a colabora\u00e7\u00e3o da sociedade<\/strong> s\u00e3o fundamentais para manter o Cerrado vivo.<\/p>\n<blockquote class=\"wp-block-quote is-layout-flow wp-block-quote-is-layout-flow\">\n<p>\u201cA orienta\u00e7\u00e3o \u00e9 que n\u00e3o se utilize o fogo. Em qualquer necessidade, o n\u00famero 193 do Corpo de Bombeiros deve ser acionado\u201d, destacou o major Erick.<\/p>\n<\/blockquote>\n<p>O Cerrado Sem Fogo, \u00e9 exibido toda sexta-feira, antes do Rural Not\u00edcias e tem apoio da Associa\u00e7\u00e3o de Agricultores e Irrigantes da Bahia (Aiba), Associa\u00e7\u00e3o Baiana dos Produtores de Algod\u00e3o (Abapa) e Sindicatos dos Produtores Rurais de Barreiras (SPRB) e Luis Eduardo Eduardo Magalh\u00e3es (SPRLEM).<\/p>\n<hr class=\"wp-block-separator has-alpha-channel-opacity\"\/>\n<p><em>Voc\u00ea tamb\u00e9m pode participar deixando uma sugest\u00e3o de pauta. Siga o\u00a0<a href=\"https:\/\/www.instagram.com\/canalruralbahia\/\">Canal Rural Bahia no Instagram<\/a>\u00a0e nos envie uma mensagem<\/em>.<\/p>\n<\/p><\/div>\n<p><script async src=\"\/\/www.instagram.com\/embed.js\"><\/script><br \/>\n<br \/><br \/>\n<br \/><a href=\"https:\/\/www.canalrural.com.br\/nacional\/bahia\/serie-especial-destaca-desafios-do-combate-ao-fogo-no-cerrado\/\">Source link <\/a><\/p>\n","protected":false},"excerpt":{"rendered":"<p>O Cerrado brasileiro, segundo maior bioma do pa\u00eds, enfrenta todos os anos a devasta\u00e7\u00e3o provocada pelas queimadas. O fogo transforma<\/p>\n","protected":false},"author":1,"featured_media":19772,"comment_status":"open","ping_status":"open","sticky":false,"template":"","format":"standard","meta":{"_monsterinsights_skip_tracking":false,"_monsterinsights_sitenote_active":false,"_monsterinsights_sitenote_note":"","_monsterinsights_sitenote_category":0,"_uf_show_specific_survey":0,"_uf_disable_surveys":false,"footnotes":""},"categories":[1],"tags":[],"class_list":["post-19771","post","type-post","status-publish","format-standard","has-post-thumbnail","hentry","category-news"],"_links":{"self":[{"href":"https:\/\/agromt.news\/index.php?rest_route=\/wp\/v2\/posts\/19771"}],"collection":[{"href":"https:\/\/agromt.news\/index.php?rest_route=\/wp\/v2\/posts"}],"about":[{"href":"https:\/\/agromt.news\/index.php?rest_route=\/wp\/v2\/types\/post"}],"author":[{"embeddable":true,"href":"https:\/\/agromt.news\/index.php?rest_route=\/wp\/v2\/users\/1"}],"replies":[{"embeddable":true,"href":"https:\/\/agromt.news\/index.php?rest_route=%2Fwp%2Fv2%2Fcomments&post=19771"}],"version-history":[{"count":0,"href":"https:\/\/agromt.news\/index.php?rest_route=\/wp\/v2\/posts\/19771\/revisions"}],"wp:featuredmedia":[{"embeddable":true,"href":"https:\/\/agromt.news\/index.php?rest_route=\/wp\/v2\/media\/19772"}],"wp:attachment":[{"href":"https:\/\/agromt.news\/index.php?rest_route=%2Fwp%2Fv2%2Fmedia&parent=19771"}],"wp:term":[{"taxonomy":"category","embeddable":true,"href":"https:\/\/agromt.news\/index.php?rest_route=%2Fwp%2Fv2%2Fcategories&post=19771"},{"taxonomy":"post_tag","embeddable":true,"href":"https:\/\/agromt.news\/index.php?rest_route=%2Fwp%2Fv2%2Ftags&post=19771"}],"curies":[{"name":"wp","href":"https:\/\/api.w.org\/{rel}","templated":true}]}}