{"id":19770,"date":"2025-09-05T20:22:17","date_gmt":"2025-09-06T00:22:17","guid":{"rendered":"https:\/\/agromt.news\/?p=19770"},"modified":"2025-09-05T20:22:17","modified_gmt":"2025-09-06T00:22:17","slug":"tarifas-dos-eua-desafiam-carne-brasileira","status":"publish","type":"post","link":"https:\/\/agromt.news\/?p=19770","title":{"rendered":"Tarifas dos EUA desafiam carne brasileira"},"content":{"rendered":"<p> <br \/>\n<\/p>\n<div>\n<p>A decis\u00e3o do governo Trump de impor tarifas de at\u00e9 50% sobre produtos importados, incluindo a carne bovina brasileira, reacendeu o alerta para o agro nacional. Segundo an\u00e1lise da JPA Agro, maior marketplace agro do Brasil, o \u201ctarifa\u00e7o\u201d pode alterar a din\u00e2mica do com\u00e9rcio internacional e pressionar a competitividade brasileira.&#13;\n<\/p>\n<p>\u201cTarifa \u00e9 imposto, e imposto \u00e9 pre\u00e7o alto. N\u00e3o existe almo\u00e7o gr\u00e1tis na economia. Quando se cria uma barreira como essa, cedo ou tarde ela se reflete no pre\u00e7o final\u201d, afirma Leandro Avelar, CEO da JPA Agro, maior marketplace agro do Brasil e refer\u00eancia em intelig\u00eancia de mercado no setor.<\/p>\n<p>O impacto direto ao consumidor americano tende a ser limitado, j\u00e1 que a carne bovina representa apenas 0,5% do CPI. Nos \u00faltimos 12 meses, o pre\u00e7o subiu 7,2% nos EUA e especialistas projetam alta de at\u00e9 20% at\u00e9 2026. No Brasil, por\u00e9m, a carne bovina tem peso de 3,5% no IPCA e compromete mais de 5% da renda mensal das fam\u00edlias, o que mostra como o efeito inflacion\u00e1rio \u00e9 sentido de forma mais intensa.&#13;\n<\/p>\n<p>Para o Brasil, maior exportador global de carne bovina, a sobretaxa pode significar perda de participa\u00e7\u00e3o de mercado frente a concorrentes como Austr\u00e1lia e Argentina. Al\u00e9m do risco comercial, especialistas ressaltam a import\u00e2ncia da diplomacia e da separa\u00e7\u00e3o entre disputas pol\u00edticas e pauta econ\u00f4mica, j\u00e1 que os EUA s\u00e3o o segundo maior cliente do pa\u00eds.<\/p>\n<p>A JPA Agro defende ainda que o Brasil precisa atacar gargalos internos \u2013 como carga tribut\u00e1ria, legisla\u00e7\u00e3o trabalhista e log\u00edstica \u2013 para ampliar sua competitividade. Enquanto isso, pequenas e m\u00e9dias exportadoras, que dependem fortemente do mercado americano, podem sentir os efeitos mais imediatos.&#13;\n<\/p>\n<p>\u201cSe o aumento de pre\u00e7os n\u00e3o cair no inconsciente popular americano, dificilmente haver\u00e1 press\u00e3o pol\u00edtica para mudar. Ao contr\u00e1rio, se a carne passar a ser vista como \u2018cara demais\u2019 e esse discurso ganhar corpo, a tarifa pode entrar no centro do debate e abrir caminho para negocia\u00e7\u00f5es. At\u00e9 l\u00e1, o Brasil precisa se preparar e refor\u00e7ar sua competitividade\u201d, conclui o CEO da JPA Agro.<\/p>\n<\/p><\/div>\n<p><script data-cfasync=\"false\">\n    !function (f, b, e, v, n, t, s) {\n        if (f.fbq) return; n = f.fbq = function () {\n            n.callMethod ?\n                n.callMethod.apply(n, arguments) : n.queue.push(arguments)\n        };\n        if (!f._fbq) f._fbq = n; n.push = n; n.loaded = !0; n.version = '2.0';\n        n.queue = []; t = b.createElement(e); t.async = !0;\n        t.src = v; s = b.getElementsByTagName(e)[0];\n        s.parentNode.insertBefore(t, s)\n    }(window, document, 'script',\n        'https:\/\/connect.facebook.net\/en_US\/fbevents.js');\n    fbq('init', '522546078623747');\n    fbq('track', 'PageView');\n<\/script><br \/>\n<br \/><br \/>\n<br \/><a href=\"https:\/\/www.agrolink.com.br\/noticias\/tarifas-dos-eua-desafiam-carne-brasileira_505677.html\">Source link <\/a><\/p>\n","protected":false},"excerpt":{"rendered":"<p>A decis\u00e3o do governo Trump de impor tarifas de at\u00e9 50% sobre produtos importados, incluindo a carne bovina brasileira, reacendeu<\/p>\n","protected":false},"author":1,"featured_media":6269,"comment_status":"open","ping_status":"open","sticky":false,"template":"","format":"standard","meta":{"_monsterinsights_skip_tracking":false,"_monsterinsights_sitenote_active":false,"_monsterinsights_sitenote_note":"","_monsterinsights_sitenote_category":0,"_uf_show_specific_survey":0,"_uf_disable_surveys":false,"footnotes":""},"categories":[8,1,14],"tags":[],"class_list":["post-19770","post","type-post","status-publish","format-standard","has-post-thumbnail","hentry","category-agro","category-news","category-politica-agro"],"_links":{"self":[{"href":"https:\/\/agromt.news\/index.php?rest_route=\/wp\/v2\/posts\/19770"}],"collection":[{"href":"https:\/\/agromt.news\/index.php?rest_route=\/wp\/v2\/posts"}],"about":[{"href":"https:\/\/agromt.news\/index.php?rest_route=\/wp\/v2\/types\/post"}],"author":[{"embeddable":true,"href":"https:\/\/agromt.news\/index.php?rest_route=\/wp\/v2\/users\/1"}],"replies":[{"embeddable":true,"href":"https:\/\/agromt.news\/index.php?rest_route=%2Fwp%2Fv2%2Fcomments&post=19770"}],"version-history":[{"count":0,"href":"https:\/\/agromt.news\/index.php?rest_route=\/wp\/v2\/posts\/19770\/revisions"}],"wp:featuredmedia":[{"embeddable":true,"href":"https:\/\/agromt.news\/index.php?rest_route=\/wp\/v2\/media\/6269"}],"wp:attachment":[{"href":"https:\/\/agromt.news\/index.php?rest_route=%2Fwp%2Fv2%2Fmedia&parent=19770"}],"wp:term":[{"taxonomy":"category","embeddable":true,"href":"https:\/\/agromt.news\/index.php?rest_route=%2Fwp%2Fv2%2Fcategories&post=19770"},{"taxonomy":"post_tag","embeddable":true,"href":"https:\/\/agromt.news\/index.php?rest_route=%2Fwp%2Fv2%2Ftags&post=19770"}],"curies":[{"name":"wp","href":"https:\/\/api.w.org\/{rel}","templated":true}]}}