{"id":19766,"date":"2025-09-05T19:44:25","date_gmt":"2025-09-05T23:44:25","guid":{"rendered":"https:\/\/agromt.news\/?p=19766"},"modified":"2025-09-05T19:44:25","modified_gmt":"2025-09-05T23:44:25","slug":"brf-e-marfrig-tem-fusao-aprovada-pelo-cade-sem-restricoes","status":"publish","type":"post","link":"https:\/\/agromt.news\/?p=19766","title":{"rendered":"BRF e Marfrig t\u00eam fus\u00e3o aprovada pelo Cade sem restri\u00e7\u00f5es"},"content":{"rendered":"<p> <br \/>\n<br \/><img decoding=\"async\" src=\"https:\/\/agromt.news\/wp-content\/uploads\/2025\/09\/BRF-e-Marfrig-tem-fusao-aprovada-pelo-Cade-sem-restricoes.jpg\" \/><\/p>\n<div>\n<p>O Conselho Administrativo de Defesa Econ\u00f4mica <strong><a href=\"https:\/\/www.canalrural.com.br\/tag\/cade\/\">(Cade)<\/a><\/strong> aprovou, nesta sexta-feira (5), sem restri\u00e7\u00f5es, a incorpora\u00e7\u00e3o da BRF pela Marfrig, confirmando a decis\u00e3o previamente adotada pela Superintend\u00eancia-Geral (SG\/Cade).<\/p>\n<p>A opera\u00e7\u00e3o foi submetida \u00e0 autarquia em maio deste ano. Segundo o formul\u00e1rio de notifica\u00e7\u00e3o, o neg\u00f3cio resultar\u00e1 na incorpora\u00e7\u00e3o, pela Marfrig, de todas as a\u00e7\u00f5es da BRF que ainda n\u00e3o estavam sob seu controle. Em contrapartida, os acionistas da companhia incorporada receber\u00e3o pap\u00e9is da Marfrig.<\/p>\n<p>A Marfrig \u00e9 uma multinacional brasileira dedicada \u00e0 produ\u00e7\u00e3o de alimentos de alto valor agregado \u00e0 base de prote\u00edna animal, sobretudo bovina, como hamb\u00fargueres e outros produtos prontos para consumo. <\/p>\n<p>J\u00e1 a BRF, que passar\u00e1 a integrar o grupo, atua na cria\u00e7\u00e3o, produ\u00e7\u00e3o e abate de aves e su\u00ednos, al\u00e9m da industrializa\u00e7\u00e3o, comercializa\u00e7\u00e3o e distribui\u00e7\u00e3o de carnes <em>in natura<\/em>, produtos processados, massas, margarinas, pet food e outros.<\/p>\n<h2 class=\"wp-block-heading\" id=\"h-sem-preocupacoes-concorrenciais\">Sem preocupa\u00e7\u00f5es concorrenciais<\/h2>\n<p>Em seu parecer, a SG\/Cade manifestou-se pela aprova\u00e7\u00e3o da opera\u00e7\u00e3o sem restri\u00e7\u00f5es, ao entender que o neg\u00f3cio n\u00e3o traz preocupa\u00e7\u00f5es concorrenciais. <\/p>\n<p>O documento aponta que a participa\u00e7\u00e3o conjunta das empresas nos mercados com sobreposi\u00e7\u00e3o horizontal, em que ambas ofertam produtos semelhantes e concorrentes, \u00e9 inferior a 20%, percentual abaixo do patamar presumido como posi\u00e7\u00e3o dominante. <\/p>\n<p>Tamb\u00e9m verificou que, nos mercados verticalmente integrados, quando uma companhia atua em uma etapa da cadeia produtiva e a outra em est\u00e1gio subsequente ou anterior, a fatia de cada parte \u00e9 inferior a 30%, reduzindo a possibilidade de fechamento de mercado.<\/p>\n<\/div>\n<div>\n<p>O caso voltou a ser analisado pela autarquia ap\u00f3s a Minerva Foods solicitar habilita\u00e7\u00e3o como terceira interessada, alegando riscos concorrenciais. A empresa destacou a participa\u00e7\u00e3o acion\u00e1ria da Saudi Agricultural and Livestock Investment Company (Salic), por meio de sua subsidi\u00e1ria <em>Salic International Investment Company<\/em> (SIIC). <\/p>\n<p>A Salic \u00e9 acionista da Marfrig e tamb\u00e9m det\u00e9m participa\u00e7\u00e3o na pr\u00f3pria Minerva, o que, em sua avalia\u00e7\u00e3o, poderia gerar riscos adicionais de efeitos coordenados. <\/p>\n<p>Esses riscos decorreriam de potenciais alinhamentos de incentivos entre concorrentes e da possibilidade de ocorr\u00eancia de <em>interlocking directorates<\/em>, situa\u00e7\u00e3o em que uma mesma pessoa ou grupo participa dos conselhos de administra\u00e7\u00e3o de empresas rivais, al\u00e9m da troca de informa\u00e7\u00f5es sens\u00edveis capazes de influenciar decis\u00f5es estrat\u00e9gicas e reduzir a rivalidade nos mercados afetados.<\/p>\n<p>Em seu voto, o presidente do Cade e relator do caso, Gustavo Augusto, conheceu o recurso apresentado pela terceira interessada e deu-lhe parcial provimento, destacando que a participa\u00e7\u00e3o da Salic e da SIIC no capital da MBRF n\u00e3o faz parte do objeto analisado nesta opera\u00e7\u00e3o.<\/p>\n<p>J\u00e1 o conselheiro Victor Fernandes divergiu, entendendo que o recurso n\u00e3o deveria ser conhecido. Para ele, o suposto risco de <em>interlocking directorates<\/em> n\u00e3o representa preocupa\u00e7\u00f5es relevantes no mercado de carne bovina <em>in natura<\/em>. <\/p>\n<p>O voto ressaltou a exist\u00eancia de mecanismos que impedem a troca de informa\u00e7\u00f5es sens\u00edveis, o car\u00e1ter financeiro do investimento da Salic e as regras estatut\u00e1rias da BRF que vedam a participa\u00e7\u00e3o em decis\u00f5es em caso de conflito de interesses.<\/p>\n<p>O Tribunal, por maioria, seguiu o voto do conselheiro Victor Fernandes e n\u00e3o reconheceu o recurso. No m\u00e9rito, o colegiado, por unanimidade, manteve a decis\u00e3o da SG\/Cade e aprovou a opera\u00e7\u00e3o, de acordo com o voto do presidente Gustavo Augusto.<\/p>\n<\/p><\/div>\n<p><br \/>\n<br \/><a href=\"https:\/\/www.canalrural.com.br\/economia\/brf-e-marfrig-tem-fusao-aprovada-pelo-cade-sem-restricoes\/\">Source link <\/a><\/p>\n","protected":false},"excerpt":{"rendered":"<p>O Conselho Administrativo de Defesa Econ\u00f4mica (Cade) aprovou, nesta sexta-feira (5), sem restri\u00e7\u00f5es, a incorpora\u00e7\u00e3o da BRF pela Marfrig, confirmando<\/p>\n","protected":false},"author":1,"featured_media":19767,"comment_status":"open","ping_status":"open","sticky":false,"template":"","format":"standard","meta":{"_monsterinsights_skip_tracking":false,"_monsterinsights_sitenote_active":false,"_monsterinsights_sitenote_note":"","_monsterinsights_sitenote_category":0,"_uf_show_specific_survey":0,"_uf_disable_surveys":false,"footnotes":""},"categories":[1],"tags":[],"class_list":["post-19766","post","type-post","status-publish","format-standard","has-post-thumbnail","hentry","category-news"],"_links":{"self":[{"href":"https:\/\/agromt.news\/index.php?rest_route=\/wp\/v2\/posts\/19766"}],"collection":[{"href":"https:\/\/agromt.news\/index.php?rest_route=\/wp\/v2\/posts"}],"about":[{"href":"https:\/\/agromt.news\/index.php?rest_route=\/wp\/v2\/types\/post"}],"author":[{"embeddable":true,"href":"https:\/\/agromt.news\/index.php?rest_route=\/wp\/v2\/users\/1"}],"replies":[{"embeddable":true,"href":"https:\/\/agromt.news\/index.php?rest_route=%2Fwp%2Fv2%2Fcomments&post=19766"}],"version-history":[{"count":0,"href":"https:\/\/agromt.news\/index.php?rest_route=\/wp\/v2\/posts\/19766\/revisions"}],"wp:featuredmedia":[{"embeddable":true,"href":"https:\/\/agromt.news\/index.php?rest_route=\/wp\/v2\/media\/19767"}],"wp:attachment":[{"href":"https:\/\/agromt.news\/index.php?rest_route=%2Fwp%2Fv2%2Fmedia&parent=19766"}],"wp:term":[{"taxonomy":"category","embeddable":true,"href":"https:\/\/agromt.news\/index.php?rest_route=%2Fwp%2Fv2%2Fcategories&post=19766"},{"taxonomy":"post_tag","embeddable":true,"href":"https:\/\/agromt.news\/index.php?rest_route=%2Fwp%2Fv2%2Ftags&post=19766"}],"curies":[{"name":"wp","href":"https:\/\/api.w.org\/{rel}","templated":true}]}}