{"id":19765,"date":"2025-09-05T18:47:05","date_gmt":"2025-09-05T22:47:05","guid":{"rendered":"https:\/\/agromt.news\/?p=19765"},"modified":"2025-09-05T18:47:05","modified_gmt":"2025-09-05T22:47:05","slug":"renegociacao-atendera-plenamente-100-dos-produtores-endividados-diz-favaro","status":"publish","type":"post","link":"https:\/\/agromt.news\/?p=19765","title":{"rendered":"Renegocia\u00e7\u00e3o atender\u00e1 plenamente 100% dos produtores endividados, diz F\u00e1varo"},"content":{"rendered":"<p> <br \/>\n<br \/><img decoding=\"async\" src=\"https:\/\/agromt.news\/wp-content\/uploads\/2025\/07\/Selic-a-15-e-inadmissivel-diz-Carlos-Favaro.webp.webp\" \/><\/p>\n<div>\n<p>O ministro da Agricultura e Pecu\u00e1ria (Mapa), Carlos F\u00e1varo, avalia que a Medida Provis\u00f3ria (MP) que autoriza a <a href=\"https:\/\/www.canalrural.com.br\/nacional\/governo-anuncia-r-12-bilhoes-para-renegociacao-de-dividas-de-produtores-rurais\/\"><strong>renegocia\u00e7\u00e3o das d\u00edvidas de produtores rurais<\/strong><\/a> afetados por intemp\u00e9ries clim\u00e1ticas atender\u00e1 a plenamente os produtores endividados.<\/p>\n<p>\u201c100% dos produtores rurais ter\u00e3o oportunidade de renegociar suas d\u00edvidas. Ser\u00e3o R$ 12 bilh\u00f5es do Tesouro para equaliza\u00e7\u00e3o dos juros e est\u00edmulo dentro da MP para bancos renegociarem com recursos pr\u00f3prios da ordem de R$ 20 bilh\u00f5es. Portanto, ser\u00e3o R$ 32 bilh\u00f5es para a renegocia\u00e7\u00e3o das d\u00edvidas\u201d, afirmou F\u00e1varo a jornalistas nos bastidores da Expointer, feira agropecu\u00e1ria realizada em Esteio, no Rio Grande do Sul, onde ministros anunciaram a medida.<\/p>\n<p>O ministro explicou que os valores que superarem os limites de enquadramento dos produtores previstos na MP para renegocia\u00e7\u00e3o das d\u00edvidas com juros controlados poder\u00e3o ser alongados com juros livres.<\/p>\n<p>Isso ocorrer\u00e1, segundo F\u00e1varo, dentre um incentivo que a MP trar\u00e1 para bancos renegociarem d\u00edvidas com recursos pr\u00f3prios.<\/p>\n<p>\u201cSer\u00e3o R$ 12 bilh\u00f5es destinados pelo Tesouro \u00e0 repactua\u00e7\u00e3o das d\u00edvidas com limite de at\u00e9 R$ 3 milh\u00f5es por produtor e um incentivo ao sistema financeiro que pode agregar mais R$ 20 bilh\u00f5es para as renegocia\u00e7\u00f5es. Isso vai permitir que todos produtores tenham alternativa nova para repactua\u00e7\u00e3o das d\u00edvidas. Ao valor que exceder os R$ 12 bilh\u00f5es, produtores ter\u00e3o alternativa de negociar com taxas pr\u00e9-fixadas ou p\u00f3s-fixadas\u201d, detalhou o ministro.<\/p>\n<p>F\u00e1varo defendeu ainda \u201ccoer\u00eancia com o or\u00e7amento\u201d p\u00fablico. \u201cOs estudos apresentados tecnicamente pelo Banco Central mostram que 96% dos produtores rurais ser\u00e3o atendidos dentro das pr\u00f3prias faixas de limite de enquadramento, podendo migrar para a faixa de cima e para o cr\u00e9dito com recursos pr\u00f3prios do banco\u201d, observou o ministro.<\/p>\n<h2>Recursos para a renegocia\u00e7\u00e3o<\/h2>\n<p>A MP foi assinada nesta sexta-feira (5), pelo presidente Luiz In\u00e1cio Lula da Silva e deve ser publicada ainda nesta sexta em edi\u00e7\u00e3o extra do <i>Di\u00e1rio Oficial<\/i>. Ser\u00e3o <strong>R$ 12 bilh\u00f5es<\/strong> em recursos do Tesouro para renegocia\u00e7\u00e3o de d\u00edvidas com juros controlados.<\/p>\n<\/div>\n<div>\n<p>A medida ser\u00e1 v\u00e1lida para pequenos, m\u00e9dios e grandes produtores, com expectativa de alcan\u00e7ar at\u00e9 100 mil produtores rurais. Poder\u00e3o acessar o cr\u00e9dito, produtores com perdas em duas safras nos \u00faltimos cinco anos em munic\u00edpios que decretaram duas vezes calamidades nesse per\u00edodo. A MP ter\u00e1 abrang\u00eancia nacional.<\/p>\n<h5 class=\"western\"><span style=\"color: #000000;\"><span style=\"font-family: Arial, sans-serif;\"><span style=\"font-size: x-large;\"><i>Veja em primeira m\u00e3o tudo sobre agricultura, pecu\u00e1ria, economia e previs\u00e3o do tempo:<\/i><\/span><\/span><\/span><a href=\"https:\/\/news.google.com\/publications\/CAAqBwgKMPKZlQswq_mqAw?hl=pt-BR&amp;gl=BR&amp;ceid=BR%3Apt-419\" target=\"_blank\" rel=\"noopener\"><span style=\"color: #1155cc;\"><span style=\"font-family: Arial, Helvetica, sans-serif;\">\u00a0<\/span><\/span><span style=\"color: #1155cc;\"><span style=\"font-family: Arial, sans-serif;\"><span style=\"font-size: x-large;\"><i>siga o Canal Rural no Google News!<\/i><\/span><\/span><\/span><\/a><\/h5>\n<p>F\u00e1varo destacou que os financiamentos com recursos controlados ter\u00e3o nove anos de prazo de pagamento com uma ano de car\u00eancia e come\u00e7o das parcelas em 2027. \u201cOs juros ser\u00e3o altamente subsidiados com taxas de 6% a 10% ao ano conforme os portes de produtores ante uma Selic desproporcional de 15%\u201d, afirmou o ministro.<\/p>\n<h2>Pequenos produtores<\/h2>\n<p>Pequenos produtores, enquadrados no Programa Nacional de Fortalecimento da Agricultura Familiar (Pronaf), poder\u00e3o acessar at\u00e9 R$ 250 mil em recursos com juros de 6% ao ano.<\/p>\n<p>M\u00e9dios produtores, no \u00e2mbito do Programa Nacional de Apoio ao M\u00e9dio Produtor Rural (Pronamp), ter\u00e3o acesso a cr\u00e9dito de at\u00e9 R$ 1,5 milh\u00e3o com juros de at\u00e9 8% ao ano e demais produtores poder\u00e3o acessar R$ 3 milh\u00f5es com juros de 10% ao ano.<\/p>\n<p>A renegocia\u00e7\u00e3o das d\u00edvidas dos agricultores\u00a0\u00e9 um pleito sobretudo de produtores do Rio Grande do Sul, que tiveram a produ\u00e7\u00e3o afetada nas \u00faltimas seis safras por secas e enchentes consecutivas e pediam a securitiza\u00e7\u00e3o dos empr\u00e9stimos.<\/p>\n<p>\u201cTenho certeza que as medidas atender\u00e3o plenamente os produtores endividados e vai permitir que os bancos retomem o Plano Safra 2025\/26, que estava prejudicado por essa inadimpl\u00eancia dos produtores. A partir de agora, ele deve ganhar volume e rapidez\u201d, apontou o ministro.<\/p>\n<\/p><\/div>\n<p><br \/>\n<br \/><a href=\"https:\/\/www.canalrural.com.br\/agricultura\/renegociacao-atendera-plenamente-100-dos-produtores-endividados-diz-favaro\/\">Source link <\/a><\/p>\n","protected":false},"excerpt":{"rendered":"<p>O ministro da Agricultura e Pecu\u00e1ria (Mapa), Carlos F\u00e1varo, avalia que a Medida Provis\u00f3ria (MP) que autoriza a renegocia\u00e7\u00e3o das<\/p>\n","protected":false},"author":1,"featured_media":16110,"comment_status":"open","ping_status":"open","sticky":false,"template":"","format":"standard","meta":{"_monsterinsights_skip_tracking":false,"_monsterinsights_sitenote_active":false,"_monsterinsights_sitenote_note":"","_monsterinsights_sitenote_category":0,"_uf_show_specific_survey":0,"_uf_disable_surveys":false,"footnotes":""},"categories":[1],"tags":[],"class_list":["post-19765","post","type-post","status-publish","format-standard","has-post-thumbnail","hentry","category-news"],"_links":{"self":[{"href":"https:\/\/agromt.news\/index.php?rest_route=\/wp\/v2\/posts\/19765"}],"collection":[{"href":"https:\/\/agromt.news\/index.php?rest_route=\/wp\/v2\/posts"}],"about":[{"href":"https:\/\/agromt.news\/index.php?rest_route=\/wp\/v2\/types\/post"}],"author":[{"embeddable":true,"href":"https:\/\/agromt.news\/index.php?rest_route=\/wp\/v2\/users\/1"}],"replies":[{"embeddable":true,"href":"https:\/\/agromt.news\/index.php?rest_route=%2Fwp%2Fv2%2Fcomments&post=19765"}],"version-history":[{"count":0,"href":"https:\/\/agromt.news\/index.php?rest_route=\/wp\/v2\/posts\/19765\/revisions"}],"wp:featuredmedia":[{"embeddable":true,"href":"https:\/\/agromt.news\/index.php?rest_route=\/wp\/v2\/media\/16110"}],"wp:attachment":[{"href":"https:\/\/agromt.news\/index.php?rest_route=%2Fwp%2Fv2%2Fmedia&parent=19765"}],"wp:term":[{"taxonomy":"category","embeddable":true,"href":"https:\/\/agromt.news\/index.php?rest_route=%2Fwp%2Fv2%2Fcategories&post=19765"},{"taxonomy":"post_tag","embeddable":true,"href":"https:\/\/agromt.news\/index.php?rest_route=%2Fwp%2Fv2%2Ftags&post=19765"}],"curies":[{"name":"wp","href":"https:\/\/api.w.org\/{rel}","templated":true}]}}