{"id":19764,"date":"2025-09-05T18:26:40","date_gmt":"2025-09-05T22:26:40","guid":{"rendered":"https:\/\/agromt.news\/?p=19764"},"modified":"2025-09-05T18:26:40","modified_gmt":"2025-09-05T22:26:40","slug":"soja-em-leve-alta-em-chicago","status":"publish","type":"post","link":"https:\/\/agromt.news\/?p=19764","title":{"rendered":"Soja em leve alta em Chicago"},"content":{"rendered":"<p> <br \/>\n<\/p>\n<div>\n<p>A <a href=\"https:\/\/www.agrolink.com.br\/culturas\/soja?utm_source=agrolink-detalhe-noticia&amp;utm_medium=detalhe-noticia&amp;utm_campaign=links-internos\" target=\"_blank\" rel=\"noopener\">soja<\/a> negociada em Chicago encerrou a quinta-feira (05) em leve alta, sustentada pela deteriora\u00e7\u00e3o das lavouras nos Estados Unidos e por compras de oportunidade. Segundo a TF Agroecon\u00f4mica, os contratos da oleaginosa conseguiram reverter as perdas iniciais e fecharam o dia em terreno positivo, refletindo preocupa\u00e7\u00f5es sobre a produtividade americana diante do avan\u00e7o da seca no Centro-Oeste.&#13;\n<\/p>\n<p>No fechamento, o contrato de soja para novembro subiu 0,15% ou US$ 1,50 cents\/bushel, a US$ 1.033,00, enquanto janeiro avan\u00e7ou 0,14% ou US$ 1,50 cents\/bushel, a US$ 1.051,50. No farelo, outubro registrou alta de 0,90% ou US$ 2,50\/ton curta, a US$ 280,10. J\u00e1 o \u00f3leo de soja, tamb\u00e9m para outubro, encerrou com valoriza\u00e7\u00e3o de 0,14% ou US$ 0,07\/libra-peso, cotado a US$ 51,51.<\/p>\n<p>Apesar do suporte clim\u00e1tico, o mercado segue pressionado pela aus\u00eancia cont\u00ednua de compras chinesas, que impede altas mais expressivas. O Departamento de Agricultura dos Estados Unidos (USDA) reduziu a propor\u00e7\u00e3o de lavouras em boas ou excelentes condi\u00e7\u00f5es, refor\u00e7ando expectativas de menor produtividade. A consultoria americana Allendale tamb\u00e9m revisou suas estimativas, prevendo safra de 116,16 milh\u00f5es de toneladas, abaixo dos 116,82 milh\u00f5es projetados pelo USDA em agosto, com produtividade m\u00e9dia de 3.583 quilos por hectare, frente aos 3.605 quilos anteriormente calculados.&#13;\n<\/p>\n<p>O mapa semanal de monitoramento da seca mostrou aumento significativo das \u00e1reas afetadas: a seca moderada no Centro-Oeste cresceu de 4,51% para 14,18%, e a \u00e1rea de soja sob algum grau de seca passou de 11% para 16%. Apesar do avan\u00e7o, os n\u00fameros ainda permanecem abaixo dos 19% registrados no mesmo per\u00edodo de 2024, o que traz algum al\u00edvio, mas n\u00e3o afasta o vi\u00e9s de cautela no mercado.<br \/>&#13;<br \/>\n\u00a0<\/p>\n<\/p><\/div>\n<p><script data-cfasync=\"false\">\n    !function (f, b, e, v, n, t, s) {\n        if (f.fbq) return; n = f.fbq = function () {\n            n.callMethod ?\n                n.callMethod.apply(n, arguments) : n.queue.push(arguments)\n        };\n        if (!f._fbq) f._fbq = n; n.push = n; n.loaded = !0; n.version = '2.0';\n        n.queue = []; t = b.createElement(e); t.async = !0;\n        t.src = v; s = b.getElementsByTagName(e)[0];\n        s.parentNode.insertBefore(t, s)\n    }(window, document, 'script',\n        'https:\/\/connect.facebook.net\/en_US\/fbevents.js');\n    fbq('init', '522546078623747');\n    fbq('track', 'PageView');\n<\/script><br \/>\n<br \/><br \/>\n<br \/><a href=\"https:\/\/www.agrolink.com.br\/noticias\/soja-em-leve-alta-em-chicago_505678.html\">Source link <\/a><\/p>\n","protected":false},"excerpt":{"rendered":"<p>A soja negociada em Chicago encerrou a quinta-feira (05) em leve alta, sustentada pela deteriora\u00e7\u00e3o das lavouras nos Estados Unidos<\/p>\n","protected":false},"author":1,"featured_media":13202,"comment_status":"open","ping_status":"open","sticky":false,"template":"","format":"standard","meta":{"_monsterinsights_skip_tracking":false,"_monsterinsights_sitenote_active":false,"_monsterinsights_sitenote_note":"","_monsterinsights_sitenote_category":0,"_uf_show_specific_survey":0,"_uf_disable_surveys":false,"footnotes":""},"categories":[8,1,14],"tags":[],"class_list":["post-19764","post","type-post","status-publish","format-standard","has-post-thumbnail","hentry","category-agro","category-news","category-politica-agro"],"_links":{"self":[{"href":"https:\/\/agromt.news\/index.php?rest_route=\/wp\/v2\/posts\/19764"}],"collection":[{"href":"https:\/\/agromt.news\/index.php?rest_route=\/wp\/v2\/posts"}],"about":[{"href":"https:\/\/agromt.news\/index.php?rest_route=\/wp\/v2\/types\/post"}],"author":[{"embeddable":true,"href":"https:\/\/agromt.news\/index.php?rest_route=\/wp\/v2\/users\/1"}],"replies":[{"embeddable":true,"href":"https:\/\/agromt.news\/index.php?rest_route=%2Fwp%2Fv2%2Fcomments&post=19764"}],"version-history":[{"count":0,"href":"https:\/\/agromt.news\/index.php?rest_route=\/wp\/v2\/posts\/19764\/revisions"}],"wp:featuredmedia":[{"embeddable":true,"href":"https:\/\/agromt.news\/index.php?rest_route=\/wp\/v2\/media\/13202"}],"wp:attachment":[{"href":"https:\/\/agromt.news\/index.php?rest_route=%2Fwp%2Fv2%2Fmedia&parent=19764"}],"wp:term":[{"taxonomy":"category","embeddable":true,"href":"https:\/\/agromt.news\/index.php?rest_route=%2Fwp%2Fv2%2Fcategories&post=19764"},{"taxonomy":"post_tag","embeddable":true,"href":"https:\/\/agromt.news\/index.php?rest_route=%2Fwp%2Fv2%2Ftags&post=19764"}],"curies":[{"name":"wp","href":"https:\/\/api.w.org\/{rel}","templated":true}]}}