{"id":19760,"date":"2025-09-05T16:50:47","date_gmt":"2025-09-05T20:50:47","guid":{"rendered":"https:\/\/agromt.news\/?p=19760"},"modified":"2025-09-05T16:50:47","modified_gmt":"2025-09-05T20:50:47","slug":"expointer-supera-trauma-de-2024-e-indica-futuro-do-agro-gaucho","status":"publish","type":"post","link":"https:\/\/agromt.news\/?p=19760","title":{"rendered":"Expointer supera trauma de 2024 e indica futuro do agro ga\u00facho"},"content":{"rendered":"<p> <br \/>\n<\/p>\n<div>\n<p>Ao se aproximar da Expointer os visitantes t\u00eam uma breve ideia do que v\u00e3o vivenciar durante a feira: a fila de carros j\u00e1 da um \u00f3timo indicativo da quantidade de pessoas envolvidas no evento, sejam profissionais atuando, representantes setoriais, pol\u00edticos e, logicamente, visitantes. S\u00e3o 70 mil metros quadrados no Parque Estadual de Exposi\u00e7\u00f5es Assis Brasil.<\/p>\n<p>Ao entrar na feira para quem j\u00e1 viveu a Expointer as sensa\u00e7\u00f5es s\u00e3o bastante familiares: os cheiros, sabores, o vai e vem da organiza\u00e7\u00e3o, dos expositores. Os animais s\u00e3o um cap\u00edtulo \u00e0 parte. Refino gen\u00e9tico ao extremo, apenas o melhor do melhor, touros premiados, matrizes de primeira categoria, entre outros animais que mostram a capacidade do desenvolvimento gen\u00e9tico no Brasil, aumentando significativamente os \u00edndices de produtividade da pecu\u00e1ria brasileira.<\/p>\n<p>Para pessoas que s\u00e3o visitantes a divers\u00e3o \u00e9 garantida, com muito entretenimento, m\u00fasica, boa comida e boa bebida. Mas a Expointer vai muito al\u00e9m disso, visto que as negocia\u00e7\u00f5es acontecem o tempo todo, com cifras representativas. <\/p>\n<p>Ap\u00f3s a trag\u00e9dia de 2024 \u00e9 \u00f3timo ver um evento que deixa evidente a resili\u00eancia do agroneg\u00f3cio ga\u00facho, de fato uma pot\u00eancia.<\/p>\n<h2 class=\"wp-block-heading\" id=\"h-desafios-do-produtor-gaucho\">Desafios do produtor ga\u00facho<\/h2>\n<p>Os desafios vivenciados pelo produtor ga\u00facho s\u00e3o muitos ao longo da d\u00e9cada, considerando que o clima n\u00e3o foi necessariamente gentil com o mercado local. Quebras de safra causadas por estiagem prolongada durante os anos de La Ni\u00f1a, que tamb\u00e9m afetaram a pecu\u00e1ria ga\u00facha, e impactaram nos n\u00edveis de produtividade.<\/p>\n<\/div>\n<div>\n<p>No Setor Carnes a trag\u00e9dia de 2024 tamb\u00e9m produziu vulnerabilidades na blindagem sanit\u00e1ria dentro das granjas, com registro de um foco de Newcastle e o in\u00e9dito foco de Influenza Avi\u00e1ria de Alta Patogenicidade (IAAP \u2013 gripe avi\u00e1ria) em aves comerciais registrado no primeiro semestre de 2025.<\/p>\n<p>A crise de cr\u00e9dito que afeta o agroneg\u00f3cio brasileiro \u00e9 mais incisiva no Rio Grande do Sul, que precisa de mais linhas para conseguir sustentar uma produ\u00e7\u00e3o agr\u00edcola de alto padr\u00e3o, uma marca hist\u00f3rica do estado. <\/p>\n<p>Os juros s\u00e3o altos e muitas vezes estrangulam as margens do produtor local. A contrata\u00e7\u00e3o do seguro agr\u00edcola \u00e9 outro desafio, algo que se tornou bastante complicado ap\u00f3s anos problem\u00e1ticos.<\/p>\n<p>A Expointer \u00e9 a prova da grandeza do agroneg\u00f3cio ga\u00facho, com a capacidade singular de se reinventar diante de tantos desafios e de anos complicados. Apesar dos desafios e dos problemas recorrentes, algo \u00e9 certo no restante da d\u00e9cada: o agroneg\u00f3cio ga\u00facho tende a se fortalecer, gerando emprego e renda para o estado.<\/p>\n<div class=\"wp-block-media-text is-stacked-on-mobile\">\n<figure class=\"wp-block-media-text__media\"><img fetchpriority=\"high\" decoding=\"async\" width=\"470\" height=\"470\" alt=\"\" class=\"wp-image-4104708 size-full\"  data-lazy- src=\"https:\/\/agromt.news\/wp-content\/uploads\/2025\/06\/Como-o-maior-exportador-de-carne-de-frango-do-mundo.png\"\/><img decoding=\"async\" width=\"470\" height=\"470\" src=\"https:\/\/agromt.news\/wp-content\/uploads\/2025\/06\/Como-o-maior-exportador-de-carne-de-frango-do-mundo.png\" alt=\"\" class=\"wp-image-4104708 size-full\"  \/><\/figure>\n<div class=\"wp-block-media-text__content\">\n<p><strong>*Fernando Henrique Iglesias<\/strong> <em>\u00e9 coordenador do departamento de An\u00e1lise de <a href=\"https:\/\/safras.com.br\/\">Safras &amp; Mercado<\/a>, com especialidade no setor de carnes (boi, frango e su\u00edno)<\/em><\/p>\n<\/div>\n<\/div>\n<hr class=\"wp-block-separator has-alpha-channel-opacity\"\/>\n<p><em>O\u00a0<strong>Canal Rural<\/strong>\u00a0n\u00e3o se responsabiliza pelas opini\u00f5es e conceitos emitidos nos textos desta sess\u00e3o, sendo os conte\u00fados de inteira responsabilidade de seus autores. A empresa se reserva o direito de fazer ajustes no texto para adequa\u00e7\u00e3o \u00e0s normas de publica\u00e7\u00e3o.<\/em><\/p>\n<\/p><\/div>\n<p><br \/>\n<br \/><a href=\"https:\/\/www.canalrural.com.br\/opiniao-noticias\/expointer-supera-trauma-de-2024-e-indica-futuro-do-agro-gaucho\/\">Source link <\/a><\/p>\n","protected":false},"excerpt":{"rendered":"<p>Ao se aproximar da Expointer os visitantes t\u00eam uma breve ideia do que v\u00e3o vivenciar durante a feira: a fila<\/p>\n","protected":false},"author":1,"featured_media":19761,"comment_status":"open","ping_status":"open","sticky":false,"template":"","format":"standard","meta":{"_monsterinsights_skip_tracking":false,"_monsterinsights_sitenote_active":false,"_monsterinsights_sitenote_note":"","_monsterinsights_sitenote_category":0,"_uf_show_specific_survey":0,"_uf_disable_surveys":false,"footnotes":""},"categories":[1],"tags":[],"class_list":["post-19760","post","type-post","status-publish","format-standard","has-post-thumbnail","hentry","category-news"],"_links":{"self":[{"href":"https:\/\/agromt.news\/index.php?rest_route=\/wp\/v2\/posts\/19760"}],"collection":[{"href":"https:\/\/agromt.news\/index.php?rest_route=\/wp\/v2\/posts"}],"about":[{"href":"https:\/\/agromt.news\/index.php?rest_route=\/wp\/v2\/types\/post"}],"author":[{"embeddable":true,"href":"https:\/\/agromt.news\/index.php?rest_route=\/wp\/v2\/users\/1"}],"replies":[{"embeddable":true,"href":"https:\/\/agromt.news\/index.php?rest_route=%2Fwp%2Fv2%2Fcomments&post=19760"}],"version-history":[{"count":0,"href":"https:\/\/agromt.news\/index.php?rest_route=\/wp\/v2\/posts\/19760\/revisions"}],"wp:featuredmedia":[{"embeddable":true,"href":"https:\/\/agromt.news\/index.php?rest_route=\/wp\/v2\/media\/19761"}],"wp:attachment":[{"href":"https:\/\/agromt.news\/index.php?rest_route=%2Fwp%2Fv2%2Fmedia&parent=19760"}],"wp:term":[{"taxonomy":"category","embeddable":true,"href":"https:\/\/agromt.news\/index.php?rest_route=%2Fwp%2Fv2%2Fcategories&post=19760"},{"taxonomy":"post_tag","embeddable":true,"href":"https:\/\/agromt.news\/index.php?rest_route=%2Fwp%2Fv2%2Ftags&post=19760"}],"curies":[{"name":"wp","href":"https:\/\/api.w.org\/{rel}","templated":true}]}}