{"id":19752,"date":"2025-09-05T12:02:26","date_gmt":"2025-09-05T16:02:26","guid":{"rendered":"https:\/\/agromt.news\/?p=19752"},"modified":"2025-09-05T12:02:26","modified_gmt":"2025-09-05T16:02:26","slug":"governo-anuncia-r-12-bi-para-renegociacao-de-dividas-de-produtores-rurais","status":"publish","type":"post","link":"https:\/\/agromt.news\/?p=19752","title":{"rendered":"Governo anuncia R$ 12 bi para renegocia\u00e7\u00e3o de d\u00edvidas de produtores rurais"},"content":{"rendered":"<p> <br \/>\n<br \/><img decoding=\"async\" src=\"https:\/\/agromt.news\/wp-content\/uploads\/2025\/07\/Ajuda-do-governo-federal-aos-setores-impactados-por-tarifaco-deve.jpg\" \/><\/p>\n<div>\n<p>Em um v\u00eddeo publicado nas redes sociais, o presidente Luiz In\u00e1cio Lula da Silva anunciou que assinou medida provis\u00f3ria que autoriza a renegocia\u00e7\u00e3o das d\u00edvidas de produtores rurais afetados por desastres clim\u00e1ticos. De acordo com Lula, ser\u00e3o R$ 12 bilh\u00f5es em recursos do Tesouro para renegocia\u00e7\u00e3o de d\u00edvidas. \u201cAutorizei a renegocia\u00e7\u00e3o das d\u00edvidas de produtores rurais em condi\u00e7\u00f5es especiais. Ser\u00e3o R$ 12 bilh\u00f5es do Tesouro para serem operados pelos bancos\u201d, afirmou Lula no v\u00eddeo.<\/p>\n<p>A medida ser\u00e1 v\u00e1lida para pequenos, m\u00e9dios e grandes produtores, com expectativa de alcan\u00e7ar at\u00e9 100 mil produtores rurais. A estimativa \u00e9 que a renegocia\u00e7\u00e3o alcance 96% dos pequenos e m\u00e9dios produtores inadimplentes ou com d\u00edvidas prorrogadas, diz o presidente.<\/p>\n<p><em>Veja em primeira m\u00e3o tudo sobre agricultura, pecu\u00e1ria, economia e previs\u00e3o do tempo:<\/em><a href=\"https:\/\/news.google.com\/publications\/CAAqBwgKMPKZlQswq_mqAw?hl=pt-BR&amp;gl=BR&amp;ceid=BR%3Apt-419\" target=\"_blank\" rel=\"noreferrer noopener\"><em>\u00a0siga o Canal Rural no Google News!<\/em><\/a><\/p>\n<p>\u201cNos \u00faltimos anos, secas prolongadas e fortes enchentes causaram grandes perdas aos nossos agricultores, gerando d\u00edvidas e travando cr\u00e9dito para a prepara\u00e7\u00e3o da nova safra. Por isso, tomei a decis\u00e3o de darmos mais uma garantia ao setor. A medida vale para pequenos, m\u00e9dios e grandes produtores com perdas em duas safras em cinco anos em munic\u00edpios que decretaram duas vezes calamidades nesse per\u00edodo\u201d, disse Lula.<\/p>\n<\/div>\n<div>\n<p>Os produtores ter\u00e3o at\u00e9 nove anos de prazo de pagamento das parcelas com um ano de car\u00eancia. \u201cN\u00e3o \u00e9 perd\u00e3o. \u00c9 renegocia\u00e7\u00e3o respons\u00e1vel para os produtores se reorganizarem e seguirem plantando\u201d, disse Lula.<\/p>\n<p>Ainda de acordo com o presidente, o governo criou est\u00edmulos para os bancos renegociarem d\u00edvidas de produtores rurais com recursos pr\u00f3prios. \u201cCom essa medida, o produtor recupera cr\u00e9dito e volta a plantar com seguran\u00e7a. O consumidor ganha mais oferta de alimentos e pre\u00e7os mais est\u00e1veis. E o Brasil fortalece a agricultura, preserva empregos na cadeia produtiva do campo e aumenta a resili\u00eancia do pa\u00eds diante dos eventos clim\u00e1ticos\u201d, concluiu o presidente no v\u00eddeo.<\/p>\n<p>O an\u00fancio da assinatura da MP acontece no dia que o ministro da Agricultura e Pecu\u00e1ria, Carlos F\u00e1varo, participa da da abertura oficial da 48\u00aa Expointer, em Esteio (RS). A renegocia\u00e7\u00e3o de d\u00edvidas \u00e9 uma <a href=\"https:\/\/www.canalrural.com.br\/agricultura\/dividas-dos-produtores-rurais-gauchos-totalizam-r-274-bilhoes-conclui-farsul\/#:~:text=A%20Federa%C3%A7%C3%A3o%20da%20Agricultura%20do,65%20mil%20produtores%20rurais%20ga%C3%BAchos.\">reivindica\u00e7\u00e3o de produtores rurais do Rio Grande do Sul<\/a>, que tiveram suas \u00faltimas safras afetadas por per\u00edodos prolongados de secas e enchentes consecutivas.<\/p>\n<\/p><\/div>\n<p><br \/>\n<br \/><a href=\"https:\/\/www.canalrural.com.br\/nacional\/governo-anuncia-r-12-bilhoes-para-renegociacao-de-dividas-de-produtores-rurais\/\">Source link <\/a><\/p>\n","protected":false},"excerpt":{"rendered":"<p>Em um v\u00eddeo publicado nas redes sociais, o presidente Luiz In\u00e1cio Lula da Silva anunciou que assinou medida provis\u00f3ria que<\/p>\n","protected":false},"author":1,"featured_media":17645,"comment_status":"open","ping_status":"open","sticky":false,"template":"","format":"standard","meta":{"_monsterinsights_skip_tracking":false,"_monsterinsights_sitenote_active":false,"_monsterinsights_sitenote_note":"","_monsterinsights_sitenote_category":0,"_uf_show_specific_survey":0,"_uf_disable_surveys":false,"footnotes":""},"categories":[1],"tags":[],"class_list":["post-19752","post","type-post","status-publish","format-standard","has-post-thumbnail","hentry","category-news"],"_links":{"self":[{"href":"https:\/\/agromt.news\/index.php?rest_route=\/wp\/v2\/posts\/19752"}],"collection":[{"href":"https:\/\/agromt.news\/index.php?rest_route=\/wp\/v2\/posts"}],"about":[{"href":"https:\/\/agromt.news\/index.php?rest_route=\/wp\/v2\/types\/post"}],"author":[{"embeddable":true,"href":"https:\/\/agromt.news\/index.php?rest_route=\/wp\/v2\/users\/1"}],"replies":[{"embeddable":true,"href":"https:\/\/agromt.news\/index.php?rest_route=%2Fwp%2Fv2%2Fcomments&post=19752"}],"version-history":[{"count":0,"href":"https:\/\/agromt.news\/index.php?rest_route=\/wp\/v2\/posts\/19752\/revisions"}],"wp:featuredmedia":[{"embeddable":true,"href":"https:\/\/agromt.news\/index.php?rest_route=\/wp\/v2\/media\/17645"}],"wp:attachment":[{"href":"https:\/\/agromt.news\/index.php?rest_route=%2Fwp%2Fv2%2Fmedia&parent=19752"}],"wp:term":[{"taxonomy":"category","embeddable":true,"href":"https:\/\/agromt.news\/index.php?rest_route=%2Fwp%2Fv2%2Fcategories&post=19752"},{"taxonomy":"post_tag","embeddable":true,"href":"https:\/\/agromt.news\/index.php?rest_route=%2Fwp%2Fv2%2Ftags&post=19752"}],"curies":[{"name":"wp","href":"https:\/\/api.w.org\/{rel}","templated":true}]}}