{"id":19750,"date":"2025-09-05T10:48:01","date_gmt":"2025-09-05T14:48:01","guid":{"rendered":"https:\/\/agromt.news\/?p=19750"},"modified":"2025-09-05T10:48:01","modified_gmt":"2025-09-05T14:48:01","slug":"anec-preve-aumento-das-exportacoes-de-soja-do-brasil-em-setembro","status":"publish","type":"post","link":"https:\/\/agromt.news\/?p=19750","title":{"rendered":"Anec prev\u00ea aumento das exporta\u00e7\u00f5es de soja do Brasil em setembro"},"content":{"rendered":"<p> <br \/>\n<br \/><img decoding=\"async\" src=\"https:\/\/agromt.news\/wp-content\/uploads\/2025\/09\/Anec-preve-aumento-das-exportacoes-de-soja-do-Brasil-em.jpg\" \/><\/p>\n<div>\n<p>As <a href=\"https:\/\/www.canalrural.com.br\/?s=exporta%C3%A7%C3%B5es+\">exporta\u00e7\u00f5es <\/a>de soja do Brasil devem atingir 6,75 milh\u00f5es de toneladas em setembro, um aumento em rela\u00e7\u00e3o ao n\u00famero de 5,16 milh\u00f5es de toneladas no mesmo per\u00edodo do ano passado, segundo estimativa divulgada nesta quinta-feira pela Associa\u00e7\u00e3o Nacional dos Exportadores de Cereais (<a href=\"https:\/\/anec.com.br\/\">Anec<\/a>).<\/p>\n<ul class=\"wp-block-list\">\n<li><strong><em>Fique por dentro das novidades e not\u00edcias recentes sobre a soja! Participe da nossa comunidade atrav\u00e9s do\u00a0<a href=\"https:\/\/chat.whatsapp.com\/BmMRwA0TZ2DHGyhzoaVEWu\">link<\/a>! \ud83c\udf31<\/em><\/strong><\/li>\n<\/ul>\n<p>De acordo com a Anec, entre outubro e dezembro, a expectativa \u00e9 embarcar cerca de 16 milh\u00f5es de toneladas, consolidando a proje\u00e7\u00e3o de um volume recorde de 110 milh\u00f5es de toneladas para 2025.<\/p>\n<\/div>\n<div>\n<h3 class=\"wp-block-heading\" id=\"h-farelo-de-soja\">Farelo de soja <\/h3>\n<p>Al\u00e9m da soja em gr\u00e3o, a entidade projeta crescimento das exporta\u00e7\u00f5es brasileiras de farelo de soja, que devem alcan\u00e7ar 1,94 milh\u00e3o de toneladas em setembro, ante 1,62 milh\u00e3o de toneladas em igual m\u00eas de 2024.<\/p>\n<h3 class=\"wp-block-heading\" id=\"h-milho\">Milho<\/h3>\n<p>No caso do milho, os embarques do Brasil foram estimados em 6,37 milh\u00f5es de toneladas em setembro, ligeiramente abaixo do volume registrado no mesmo per\u00edodo do ano passado, que somou 6,56 milh\u00f5es de toneladas.<\/p>\n<\/p><\/div>\n<p><br \/>\n<br \/><a href=\"https:\/\/www.canalrural.com.br\/agricultura\/projeto-soja-brasil\/anec-preve-aumento-das-exportacoes-de-soja-do-brasil-em-setembro\/\">Source link <\/a><\/p>\n","protected":false},"excerpt":{"rendered":"<p>As exporta\u00e7\u00f5es de soja do Brasil devem atingir 6,75 milh\u00f5es de toneladas em setembro, um aumento em rela\u00e7\u00e3o ao n\u00famero<\/p>\n","protected":false},"author":1,"featured_media":19751,"comment_status":"open","ping_status":"open","sticky":false,"template":"","format":"standard","meta":{"_monsterinsights_skip_tracking":false,"_monsterinsights_sitenote_active":false,"_monsterinsights_sitenote_note":"","_monsterinsights_sitenote_category":0,"_uf_show_specific_survey":0,"_uf_disable_surveys":false,"footnotes":""},"categories":[1],"tags":[],"class_list":["post-19750","post","type-post","status-publish","format-standard","has-post-thumbnail","hentry","category-news"],"_links":{"self":[{"href":"https:\/\/agromt.news\/index.php?rest_route=\/wp\/v2\/posts\/19750"}],"collection":[{"href":"https:\/\/agromt.news\/index.php?rest_route=\/wp\/v2\/posts"}],"about":[{"href":"https:\/\/agromt.news\/index.php?rest_route=\/wp\/v2\/types\/post"}],"author":[{"embeddable":true,"href":"https:\/\/agromt.news\/index.php?rest_route=\/wp\/v2\/users\/1"}],"replies":[{"embeddable":true,"href":"https:\/\/agromt.news\/index.php?rest_route=%2Fwp%2Fv2%2Fcomments&post=19750"}],"version-history":[{"count":0,"href":"https:\/\/agromt.news\/index.php?rest_route=\/wp\/v2\/posts\/19750\/revisions"}],"wp:featuredmedia":[{"embeddable":true,"href":"https:\/\/agromt.news\/index.php?rest_route=\/wp\/v2\/media\/19751"}],"wp:attachment":[{"href":"https:\/\/agromt.news\/index.php?rest_route=%2Fwp%2Fv2%2Fmedia&parent=19750"}],"wp:term":[{"taxonomy":"category","embeddable":true,"href":"https:\/\/agromt.news\/index.php?rest_route=%2Fwp%2Fv2%2Fcategories&post=19750"},{"taxonomy":"post_tag","embeddable":true,"href":"https:\/\/agromt.news\/index.php?rest_route=%2Fwp%2Fv2%2Ftags&post=19750"}],"curies":[{"name":"wp","href":"https:\/\/api.w.org\/{rel}","templated":true}]}}